{"id":13774,"date":"2023-04-20T19:55:27","date_gmt":"2023-04-20T17:55:27","guid":{"rendered":"https:\/\/agora.xtec.cat\/iespauvila\/?p=13774"},"modified":"2023-04-20T19:56:54","modified_gmt":"2023-04-20T17:56:54","slug":"cursa-de-la-primavera","status":"publish","type":"post","link":"https:\/\/agora.xtec.cat\/iespauvila\/portada\/cursa-de-la-primavera\/","title":{"rendered":"CURSA DE LA PRIMAVERA"},"content":{"rendered":"<p>El 7 de maig tindr\u00e0 lloc l&#8217;11a edici\u00f3 de la CURSA DE LA PRIMAVERA organitzada per l&#8217;AFA i l&#8217;escola Teresa Claramunt. Us adjuntem l&#8217;<a href=\"https:\/\/forms.gle\/hokLtbZzLgfD5x9c8\" target=\"_blank\" rel=\"noopener\">Enlla\u00e7 formulari inscripci\u00f3<\/a> i el cartell publicitari per si hi voleu participar i un altre <a href=\"https:\/\/drive.google.com\/file\/d\/1OB0nBFdaGrAIWuH1i0ixoGsTUjXMce7b\/view?usp=sharing\" target=\"_blank\" rel=\"noopener\">cartell informatiu<\/a> perqu\u00e8 no s&#8217;aparquin cotxes.<\/p>\n<p><img loading=\"lazy\" decoding=\"async\" class=\"aligncenter size-full wp-image-13776\" src=\"https:\/\/agora.xtec.cat\/iespauvila\/wp-content\/uploads\/usu486\/2023\/04\/Cursa_Primavera-CARTELL.png\" alt=\"\" width=\"1587\" height=\"2245\" srcset=\"https:\/\/agora.xtec.cat\/iespauvila\/wp-content\/uploads\/usu486\/2023\/04\/Cursa_Primavera-CARTELL.png 1587w, https:\/\/agora.xtec.cat\/iespauvila\/wp-content\/uploads\/usu486\/2023\/04\/Cursa_Primavera-CARTELL-212x300.png 212w, https:\/\/agora.xtec.cat\/iespauvila\/wp-content\/uploads\/usu486\/2023\/04\/Cursa_Primavera-CARTELL-724x1024.png 724w, https:\/\/agora.xtec.cat\/iespauvila\/wp-content\/uploads\/usu486\/2023\/04\/Cursa_Primavera-CARTELL-768x1086.png 768w, https:\/\/agora.xtec.cat\/iespauvila\/wp-content\/uploads\/usu486\/2023\/04\/Cursa_Primavera-CARTELL-1086x1536.png 1086w, https:\/\/agora.xtec.cat\/iespauvila\/wp-content\/uploads\/usu486\/2023\/04\/Cursa_Primavera-CARTELL-1448x2048.png 1448w\" sizes=\"auto, (max-width: 1587px) 100vw, 1587px\" \/><\/p>\n<p>Moltes gr\u00e0cies<\/p>\n<p>&nbsp;<\/p>\n","protected":false},"excerpt":{"rendered":"<p>El 7 de maig tindr\u00e0 lloc l&#8217;11a edici\u00f3 de la CURSA DE LA PRIMAVERA organitzada per l&#8217;AFA i l&#8217;escola Teresa Claramunt. Us adjuntem l&#8217;Enlla\u00e7 formulari inscripci\u00f3 i el cartell publicitari per si hi voleu participar i un altre cartell informatiu perqu\u00e8 no s&#8217;aparquin cotxes. Moltes gr\u00e0cies &nbsp;<\/p>\n","protected":false},"author":1,"featured_media":13775,"comment_status":"closed","ping_status":"closed","sticky":false,"template":"","format":"standard","meta":{"_bbp_topic_count":0,"_bbp_reply_count":0,"_bbp_total_topic_count":0,"_bbp_total_reply_count":0,"_bbp_voice_count":0,"_bbp_anonymous_reply_count":0,"_bbp_topic_count_hidden":0,"_bbp_reply_count_hidden":0,"_bbp_forum_subforum_count":0,"site-sidebar-layout":"default","site-content-layout":"","ast-site-content-layout":"","site-content-style":"default","site-sidebar-style":"default","ast-global-header-display":"","ast-banner-title-visibility":"","ast-main-header-display":"","ast-hfb-above-header-display":"","ast-hfb-below-header-display":"","ast-hfb-mobile-header-display":"","site-post-title":"","ast-breadcrumbs-content":"","ast-featured-img":"","footer-sml-layout":"","theme-transparent-header-meta":"","adv-header-id-meta":"","stick-header-meta":"","header-above-stick-meta":"","header-main-stick-meta":"","header-below-stick-meta":"","astra-migrate-meta-layouts":"default","ast-page-background-enabled":"default","ast-page-background-meta":{"desktop":{"background-color":"var(--ast-global-color-4)","background-image":"","background-repeat":"repeat","background-position":"center center","background-size":"auto","background-attachment":"scroll","background-type":"","background-media":"","overlay-type":"","overlay-color":"","overlay-opacity":"","overlay-gradient":""},"tablet":{"background-color":"","background-image":"","background-repeat":"repeat","background-position":"center center","background-size":"auto","background-attachment":"scroll","background-type":"","background-media":"","overlay-type":"","overlay-color":"","overlay-opacity":"","overlay-gradient":""},"mobile":{"background-color":"","background-image":"","background-repeat":"repeat","background-position":"center center","background-size":"auto","background-attachment":"scroll","background-type":"","background-media":"","overlay-type":"","overlay-color":"","overlay-opacity":"","overlay-gradient":""}},"ast-content-background-meta":{"desktop":{"background-color":"var(--ast-global-color-5)","background-image":"","background-repeat":"repeat","background-position":"center center","background-size":"auto","background-attachment":"scroll","background-type":"","background-media":"","overlay-type":"","overlay-color":"","overlay-opacity":"","overlay-gradient":""},"tablet":{"background-color":"var(--ast-global-color-5)","background-image":"","background-repeat":"repeat","background-position":"center center","background-size":"auto","background-attachment":"scroll","background-type":"","background-media":"","overlay-type":"","overlay-color":"","overlay-opacity":"","overlay-gradient":""},"mobile":{"background-color":"var(--ast-global-color-5)","background-image":"","background-repeat":"repeat","background-position":"center center","background-size":"auto","background-attachment":"scroll","background-type":"","background-media":"","overlay-type":"","overlay-color":"","overlay-opacity":"","overlay-gradient":""}},"footnotes":""},"categories":[384,29],"tags":[759,761,207],"class_list":["post-13774","post","type-post","status-publish","format-standard","has-post-thumbnail","hentry","category-general","category-portada","tag-cursa-primavera","tag-escola-teresa-claramunt","tag-primaria"],"post_mailing_queue_ids":[],"_links":{"self":[{"href":"https:\/\/agora.xtec.cat\/iespauvila\/wp-json\/wp\/v2\/posts\/13774","targetHints":{"allow":["GET"]}}],"collection":[{"href":"https:\/\/agora.xtec.cat\/iespauvila\/wp-json\/wp\/v2\/posts"}],"about":[{"href":"https:\/\/agora.xtec.cat\/iespauvila\/wp-json\/wp\/v2\/types\/post"}],"author":[{"embeddable":true,"href":"https:\/\/agora.xtec.cat\/iespauvila\/wp-json\/wp\/v2\/users\/1"}],"replies":[{"embeddable":true,"href":"https:\/\/agora.xtec.cat\/iespauvila\/wp-json\/wp\/v2\/comments?post=13774"}],"version-history":[{"count":2,"href":"https:\/\/agora.xtec.cat\/iespauvila\/wp-json\/wp\/v2\/posts\/13774\/revisions"}],"predecessor-version":[{"id":13778,"href":"https:\/\/agora.xtec.cat\/iespauvila\/wp-json\/wp\/v2\/posts\/13774\/revisions\/13778"}],"wp:featuredmedia":[{"embeddable":true,"href":"https:\/\/agora.xtec.cat\/iespauvila\/wp-json\/wp\/v2\/media\/13775"}],"wp:attachment":[{"href":"https:\/\/agora.xtec.cat\/iespauvila\/wp-json\/wp\/v2\/media?parent=13774"}],"wp:term":[{"taxonomy":"category","embeddable":true,"href":"https:\/\/agora.xtec.cat\/iespauvila\/wp-json\/wp\/v2\/categories?post=13774"},{"taxonomy":"post_tag","embeddable":true,"href":"https:\/\/agora.xtec.cat\/iespauvila\/wp-json\/wp\/v2\/tags?post=13774"}],"curies":[{"name":"wp","href":"https:\/\/api.w.org\/{rel}","templated":true}]}}