{"id":8139,"date":"2026-04-20T21:43:55","date_gmt":"2026-04-20T19:43:55","guid":{"rendered":"https:\/\/agora.xtec.cat\/iespauclaris\/?p=8139"},"modified":"2026-04-20T22:19:56","modified_gmt":"2026-04-20T20:19:56","slug":"ja-som-centre-prometeus","status":"publish","type":"post","link":"https:\/\/agora.xtec.cat\/iespauclaris\/batxillerat\/ja-som-centre-prometeus\/","title":{"rendered":"Ja som centre Prometeus!"},"content":{"rendered":"<div>\n<p><span style=\"font-weight: 400;\">A partir d&#8217;aquest curs, el Pau Claris som institut <a href=\"https:\/\/www.barcelona.cat\/barcelonaciencia\/ca\/universitats\/les-universitats-barcelona\/programa-prometeus\">Prometeus<\/a>, un programa del Pla de Barris de Ciutat Vella per animar i acompanyar l&#8217;alumnat de Batxillerat a inscriure&#8217;s en estudis superiors (siguin Cicles o Universitat).<\/span><\/p>\n<p><span style=\"font-weight: 400;\">Divendres passat, la primera xerrada informativa ha sigut sobre totes les opcions de beques a qu\u00e8 poden optar, i tamb\u00e9 ajudaran l&#8217;alumnat a omplir els formularis.\u00a0<\/span><\/p>\n<p><span style=\"font-weight: 400;\">A m\u00e9s, han contestat les mil curiositats i dubtes que els genera a l&#8217;alumnat de 2nBAT el seu futur acad\u00e8mic immediat.<\/span><\/p>\n<p><span style=\"font-weight: 400;\">Pr\u00e8viament, el dia abans, la directora del Pau Claris i el coordinador de Batxillerat van assistir a una trobada conjunta dels 13 instituts Prometeus de Barcelona, on van prendre consci\u00e8ncia de l&#8217;abast i import\u00e0ncia d&#8217;aquest programa.<\/span><\/p>\n<p><span style=\"font-weight: 400;\">Sobretot, el moment m\u00e9s emotiu va ser escoltar el testimoni de dos estudiants que gr\u00e0cies a Prometeus han assolit fites que ni s&#8217;havien plantejat: l&#8217;un est\u00e0 fent les pr\u00e0ctiques del M\u00e0ster de Professorat, i l&#8217;altre ja \u00e9s Enginyer aeroespacial.\u00a0<\/span><\/p>\n<p><span style=\"font-weight: 400;\">Llarga vida a Prometeus!<\/span><\/p>\n<\/div>\n<div dir=\"auto\"><\/div>\n<div><\/div>\n<div><strong>Llarga vida a Prometeus al Pau Claris!<\/strong><\/div>\n<div><\/div>\n<div>\n<figure class=\"figure wp-caption aligncenter\"><img loading=\"lazy\" decoding=\"async\" class=\" wp-image-8140\" src=\"https:\/\/agora.xtec.cat\/iespauclaris\/wp-content\/uploads\/usu835\/2026\/04\/unnamed-scaled.jpg\" alt=\"\" width=\"550\" height=\"413\" srcset=\"https:\/\/agora.xtec.cat\/iespauclaris\/wp-content\/uploads\/usu835\/2026\/04\/unnamed-scaled.jpg 2560w, https:\/\/agora.xtec.cat\/iespauclaris\/wp-content\/uploads\/usu835\/2026\/04\/unnamed-300x225.jpg 300w, https:\/\/agora.xtec.cat\/iespauclaris\/wp-content\/uploads\/usu835\/2026\/04\/unnamed-1024x768.jpg 1024w, https:\/\/agora.xtec.cat\/iespauclaris\/wp-content\/uploads\/usu835\/2026\/04\/unnamed-768x576.jpg 768w, https:\/\/agora.xtec.cat\/iespauclaris\/wp-content\/uploads\/usu835\/2026\/04\/unnamed-1536x1152.jpg 1536w, https:\/\/agora.xtec.cat\/iespauclaris\/wp-content\/uploads\/usu835\/2026\/04\/unnamed-2048x1536.jpg 2048w, https:\/\/agora.xtec.cat\/iespauclaris\/wp-content\/uploads\/usu835\/2026\/04\/unnamed-200x150.jpg 200w\" sizes=\"auto, (max-width: 550px) 100vw, 550px\" \/><figcaption class=\"wp-caption-text\">oppo_0<\/figcaption><\/figure>\n<\/div>\n","protected":false},"excerpt":{"rendered":"<p>A partir d&#8217;aquest curs, el Pau Claris som institut <a href=\"https:\/\/www.barcelona.cat\/barcelonaciencia\/ca\/universitats\/les-universitats-barcelona\/programa-prometeus\">Prometeus<\/a>, un programa del Pla de Barris de Ciutat Vella per animar i acompanyar l&#8217;alumnat de Batxillerat a inscriure&#8217;s en estudis superiors (siguin Cicles o Universitat).<br \/>\nDivendres passat, la primera xerrada informativa ha sigut sobre totes&hellip;  <a href=\"https:\/\/agora.xtec.cat\/iespauclaris\/batxillerat\/ja-som-centre-prometeus\/\" title=\"Read Ja som centre Prometeus!\">Llegeix m\u00e9s\u00bb<\/a><\/p>\n","protected":false},"author":1,"featured_media":8140,"comment_status":"closed","ping_status":"open","sticky":false,"template":"","format":"standard","meta":{"_bbp_topic_count":0,"_bbp_reply_count":0,"_bbp_total_topic_count":0,"_bbp_total_reply_count":0,"_bbp_voice_count":0,"_bbp_anonymous_reply_count":0,"_bbp_topic_count_hidden":0,"_bbp_reply_count_hidden":0,"_bbp_forum_subforum_count":0,"footnotes":""},"categories":[8,29],"tags":[142,144],"class_list":["post-8139","post","type-post","status-publish","format-standard","has-post-thumbnail","hentry","category-batxillerat","category-portada","tag-ajuntament-de-barcelona","tag-prometeus"],"post_mailing_queue_ids":[],"_links":{"self":[{"href":"https:\/\/agora.xtec.cat\/iespauclaris\/wp-json\/wp\/v2\/posts\/8139","targetHints":{"allow":["GET"]}}],"collection":[{"href":"https:\/\/agora.xtec.cat\/iespauclaris\/wp-json\/wp\/v2\/posts"}],"about":[{"href":"https:\/\/agora.xtec.cat\/iespauclaris\/wp-json\/wp\/v2\/types\/post"}],"author":[{"embeddable":true,"href":"https:\/\/agora.xtec.cat\/iespauclaris\/wp-json\/wp\/v2\/users\/1"}],"replies":[{"embeddable":true,"href":"https:\/\/agora.xtec.cat\/iespauclaris\/wp-json\/wp\/v2\/comments?post=8139"}],"version-history":[{"count":6,"href":"https:\/\/agora.xtec.cat\/iespauclaris\/wp-json\/wp\/v2\/posts\/8139\/revisions"}],"predecessor-version":[{"id":8152,"href":"https:\/\/agora.xtec.cat\/iespauclaris\/wp-json\/wp\/v2\/posts\/8139\/revisions\/8152"}],"wp:featuredmedia":[{"embeddable":true,"href":"https:\/\/agora.xtec.cat\/iespauclaris\/wp-json\/wp\/v2\/media\/8140"}],"wp:attachment":[{"href":"https:\/\/agora.xtec.cat\/iespauclaris\/wp-json\/wp\/v2\/media?parent=8139"}],"wp:term":[{"taxonomy":"category","embeddable":true,"href":"https:\/\/agora.xtec.cat\/iespauclaris\/wp-json\/wp\/v2\/categories?post=8139"},{"taxonomy":"post_tag","embeddable":true,"href":"https:\/\/agora.xtec.cat\/iespauclaris\/wp-json\/wp\/v2\/tags?post=8139"}],"curies":[{"name":"wp","href":"https:\/\/api.w.org\/{rel}","templated":true}]}}