{"id":8117,"date":"2026-04-07T10:27:18","date_gmt":"2026-04-07T08:27:18","guid":{"rendered":"https:\/\/agora.xtec.cat\/iespauclaris\/?p=8117"},"modified":"2026-04-07T10:27:18","modified_gmt":"2026-04-07T08:27:18","slug":"el-projecte-muse-creacciona-impulsa-el-teatre-com-a-eina-dintegracio-i-cohesio-comunitaria-a-linstitut-pau-claris","status":"publish","type":"post","link":"https:\/\/agora.xtec.cat\/iespauclaris\/general\/el-projecte-muse-creacciona-impulsa-el-teatre-com-a-eina-dintegracio-i-cohesio-comunitaria-a-linstitut-pau-claris\/","title":{"rendered":"El projecte MUse Creacciona impulsa el teatre com a eina d\u2019integraci\u00f3 i cohesi\u00f3 comunit\u00e0ria a l\u2019Institut Pau Claris"},"content":{"rendered":"<p><span style=\"color: #000000;\">L\u2019alumnat de l\u2019Institut Pau Claris participa actualment en el projecte MUse Creacciona, una iniciativa que utilitza el teatre com a motor de transformaci\u00f3 social i refor\u00e7 del sentiment de comunitat.\u00a0<\/span>A trav\u00e9s\u00a0d\u2019una\u00a0aproximaci\u00f3 al Teatre de\u00a0l\u2019Oprimit, i especialment al Teatre F\u00f2rum d\u2019Augusto Boal, l\u2019alumnat treballa situacions reals de desigualtat des de\u00a0l\u2019experi\u00e8ncia\u00a0corporal i la participaci\u00f3 activa. Aquest enfocament permet anar m\u00e9s enll\u00e0 de la teoria i promou una comprensi\u00f3 profunda basada en la viv\u00e8ncia,\u00a0l\u2019empatia\u00a0i la reflexi\u00f3 cr\u00edtica.\u00a0Les din\u00e0miques converteixen els i les estudiants en \u201cespect-actors\u201d, protagonistes del seu propi aprenentatge, capa\u00e7os\u00a0d&#8217;analitzar\u00a0injust\u00edcies quotidianes i proposar alternatives reals. Mitjan\u00e7ant el treball amb el cos, les imatges i\u00a0l\u2019acci\u00f3\u00a0col\u00b7lectiva, es fan visibles les relacions de poder, fomentant el respecte, la cooperaci\u00f3 i la corresponsabilitat.\u00a0El projecte tamb\u00e9 aborda temes com la discriminaci\u00f3, la conviv\u00e8ncia i la sostenibilitat, connectant amb dates significatives com el Dia de la Zero Discriminaci\u00f3. Aquestes sessions reforcen la consci\u00e8ncia social de\u00a0l\u2019alumnat\u00a0i la seva capacitat\u00a0d\u2019imaginar\u00a0i construir un futur m\u00e9s just.\u00a0Muse Creacciona es consolida aix\u00ed com una eina per a la integraci\u00f3 social, ja que crea espais segurs\u00a0on\u00a0la diversitat es reconeix i es valora, i on el grup es construeix com una xarxa de suport i aprenentatge compartit. El projecte contribueix a enfortir el sentiment de comunitat dins del centre, promovent una conviv\u00e8ncia m\u00e9s inclusiva, cr\u00edtica i compromesa.<\/p>\n\n\t\t<style type=\"text\/css\">\n\t\t\t#gallery-1 {\n\t\t\t\tmargin: auto;\n\t\t\t}\n\t\t\t#gallery-1 .gallery-item {\n\t\t\t\tfloat: left;\n\t\t\t\tmargin-top: 10px;\n\t\t\t\ttext-align: center;\n\t\t\t\twidth: 33%;\n\t\t\t}\n\t\t\t#gallery-1 img {\n\t\t\t\tborder: 2px solid #cfcfcf;\n\t\t\t}\n\t\t\t#gallery-1 .gallery-caption {\n\t\t\t\tmargin-left: 0;\n\t\t\t}\n\t\t\t\/* see gallery_shortcode() in wp-includes\/media.php *\/\n\t\t<\/style>\n\t\t<div id='gallery-1' class='gallery galleryid-8117 gallery-columns-3 gallery-size-full'><dl class='gallery-item'>\n\t\t\t<dt class='gallery-icon landscape'>\n\t\t\t\t<a href='https:\/\/agora.xtec.cat\/iespauclaris\/wp-content\/uploads\/usu835\/2026\/04\/Pauclaris2.jpeg'><img loading=\"lazy\" decoding=\"async\" width=\"1000\" height=\"750\" src=\"https:\/\/agora.xtec.cat\/iespauclaris\/wp-content\/uploads\/usu835\/2026\/04\/Pauclaris2.jpeg\" class=\"attachment-full size-full\" alt=\"\" srcset=\"https:\/\/agora.xtec.cat\/iespauclaris\/wp-content\/uploads\/usu835\/2026\/04\/Pauclaris2.jpeg 1000w, https:\/\/agora.xtec.cat\/iespauclaris\/wp-content\/uploads\/usu835\/2026\/04\/Pauclaris2-300x225.jpeg 300w, https:\/\/agora.xtec.cat\/iespauclaris\/wp-content\/uploads\/usu835\/2026\/04\/Pauclaris2-768x576.jpeg 768w, https:\/\/agora.xtec.cat\/iespauclaris\/wp-content\/uploads\/usu835\/2026\/04\/Pauclaris2-200x150.jpeg 200w\" sizes=\"auto, (max-width: 1000px) 100vw, 1000px\" \/><\/a>\n\t\t\t<\/dt><\/dl><dl class='gallery-item'>\n\t\t\t<dt class='gallery-icon landscape'>\n\t\t\t\t<a href='https:\/\/agora.xtec.cat\/iespauclaris\/wp-content\/uploads\/usu835\/2026\/04\/Pauclaris3.jpeg'><img loading=\"lazy\" decoding=\"async\" width=\"1000\" height=\"750\" src=\"https:\/\/agora.xtec.cat\/iespauclaris\/wp-content\/uploads\/usu835\/2026\/04\/Pauclaris3.jpeg\" class=\"attachment-full size-full\" alt=\"\" srcset=\"https:\/\/agora.xtec.cat\/iespauclaris\/wp-content\/uploads\/usu835\/2026\/04\/Pauclaris3.jpeg 1000w, https:\/\/agora.xtec.cat\/iespauclaris\/wp-content\/uploads\/usu835\/2026\/04\/Pauclaris3-300x225.jpeg 300w, https:\/\/agora.xtec.cat\/iespauclaris\/wp-content\/uploads\/usu835\/2026\/04\/Pauclaris3-768x576.jpeg 768w, https:\/\/agora.xtec.cat\/iespauclaris\/wp-content\/uploads\/usu835\/2026\/04\/Pauclaris3-200x150.jpeg 200w\" sizes=\"auto, (max-width: 1000px) 100vw, 1000px\" \/><\/a>\n\t\t\t<\/dt><\/dl><dl class='gallery-item'>\n\t\t\t<dt class='gallery-icon landscape'>\n\t\t\t\t<a href='https:\/\/agora.xtec.cat\/iespauclaris\/wp-content\/uploads\/usu835\/2026\/04\/Pauclaris4.jpeg'><img loading=\"lazy\" decoding=\"async\" width=\"1000\" height=\"750\" src=\"https:\/\/agora.xtec.cat\/iespauclaris\/wp-content\/uploads\/usu835\/2026\/04\/Pauclaris4.jpeg\" class=\"attachment-full size-full\" alt=\"\" srcset=\"https:\/\/agora.xtec.cat\/iespauclaris\/wp-content\/uploads\/usu835\/2026\/04\/Pauclaris4.jpeg 1000w, https:\/\/agora.xtec.cat\/iespauclaris\/wp-content\/uploads\/usu835\/2026\/04\/Pauclaris4-300x225.jpeg 300w, https:\/\/agora.xtec.cat\/iespauclaris\/wp-content\/uploads\/usu835\/2026\/04\/Pauclaris4-768x576.jpeg 768w, https:\/\/agora.xtec.cat\/iespauclaris\/wp-content\/uploads\/usu835\/2026\/04\/Pauclaris4-200x150.jpeg 200w\" sizes=\"auto, (max-width: 1000px) 100vw, 1000px\" \/><\/a>\n\t\t\t<\/dt><\/dl><br style=\"clear: both\" \/><dl class='gallery-item'>\n\t\t\t<dt class='gallery-icon landscape'>\n\t\t\t\t<a href='https:\/\/agora.xtec.cat\/iespauclaris\/wp-content\/uploads\/usu835\/2026\/04\/Pauclaris5.jpeg'><img loading=\"lazy\" decoding=\"async\" width=\"1000\" height=\"750\" src=\"https:\/\/agora.xtec.cat\/iespauclaris\/wp-content\/uploads\/usu835\/2026\/04\/Pauclaris5.jpeg\" class=\"attachment-full size-full\" alt=\"\" srcset=\"https:\/\/agora.xtec.cat\/iespauclaris\/wp-content\/uploads\/usu835\/2026\/04\/Pauclaris5.jpeg 1000w, https:\/\/agora.xtec.cat\/iespauclaris\/wp-content\/uploads\/usu835\/2026\/04\/Pauclaris5-300x225.jpeg 300w, https:\/\/agora.xtec.cat\/iespauclaris\/wp-content\/uploads\/usu835\/2026\/04\/Pauclaris5-768x576.jpeg 768w, https:\/\/agora.xtec.cat\/iespauclaris\/wp-content\/uploads\/usu835\/2026\/04\/Pauclaris5-200x150.jpeg 200w\" sizes=\"auto, (max-width: 1000px) 100vw, 1000px\" \/><\/a>\n\t\t\t<\/dt><\/dl><dl class='gallery-item'>\n\t\t\t<dt class='gallery-icon landscape'>\n\t\t\t\t<a href='https:\/\/agora.xtec.cat\/iespauclaris\/wp-content\/uploads\/usu835\/2026\/04\/Pauclaris1.jpeg'><img loading=\"lazy\" decoding=\"async\" width=\"1000\" height=\"750\" src=\"https:\/\/agora.xtec.cat\/iespauclaris\/wp-content\/uploads\/usu835\/2026\/04\/Pauclaris1.jpeg\" class=\"attachment-full size-full\" alt=\"\" srcset=\"https:\/\/agora.xtec.cat\/iespauclaris\/wp-content\/uploads\/usu835\/2026\/04\/Pauclaris1.jpeg 1000w, https:\/\/agora.xtec.cat\/iespauclaris\/wp-content\/uploads\/usu835\/2026\/04\/Pauclaris1-300x225.jpeg 300w, https:\/\/agora.xtec.cat\/iespauclaris\/wp-content\/uploads\/usu835\/2026\/04\/Pauclaris1-768x576.jpeg 768w, https:\/\/agora.xtec.cat\/iespauclaris\/wp-content\/uploads\/usu835\/2026\/04\/Pauclaris1-200x150.jpeg 200w\" sizes=\"auto, (max-width: 1000px) 100vw, 1000px\" \/><\/a>\n\t\t\t<\/dt><\/dl>\n\t\t\t<br style='clear: both' \/>\n\t\t<\/div>\n\n","protected":false},"excerpt":{"rendered":"<p>L\u2019alumnat de l\u2019Institut Pau Claris participa actualment en el projecte MUse Creacciona, una iniciativa que utilitza el teatre com a motor de transformaci\u00f3 social i refor\u00e7 del sentiment de comunitat.\u00a0A trav\u00e9s\u00a0d\u2019una\u00a0aproximaci\u00f3 al Teatre de\u00a0l\u2019Oprimit, i especialment al Teatre F\u00f2rum d\u2019Augusto Boal, l\u2019alumnat treballa situacions reals&hellip;  <a href=\"https:\/\/agora.xtec.cat\/iespauclaris\/general\/el-projecte-muse-creacciona-impulsa-el-teatre-com-a-eina-dintegracio-i-cohesio-comunitaria-a-linstitut-pau-claris\/\" title=\"Read El projecte MUse Creacciona impulsa el teatre com a eina d\u2019integraci\u00f3 i cohesi\u00f3 comunit\u00e0ria a l\u2019Institut Pau Claris\">Llegeix m\u00e9s\u00bb<\/a><\/p>\n","protected":false},"author":1,"featured_media":8120,"comment_status":"closed","ping_status":"open","sticky":false,"template":"","format":"standard","meta":{"_bbp_topic_count":0,"_bbp_reply_count":0,"_bbp_total_topic_count":0,"_bbp_total_reply_count":0,"_bbp_voice_count":0,"_bbp_anonymous_reply_count":0,"_bbp_topic_count_hidden":0,"_bbp_reply_count_hidden":0,"_bbp_forum_subforum_count":0,"footnotes":""},"categories":[3,1,29],"tags":[],"class_list":["post-8117","post","type-post","status-publish","format-standard","has-post-thumbnail","hentry","category-eso","category-general","category-portada"],"post_mailing_queue_ids":[],"_links":{"self":[{"href":"https:\/\/agora.xtec.cat\/iespauclaris\/wp-json\/wp\/v2\/posts\/8117","targetHints":{"allow":["GET"]}}],"collection":[{"href":"https:\/\/agora.xtec.cat\/iespauclaris\/wp-json\/wp\/v2\/posts"}],"about":[{"href":"https:\/\/agora.xtec.cat\/iespauclaris\/wp-json\/wp\/v2\/types\/post"}],"author":[{"embeddable":true,"href":"https:\/\/agora.xtec.cat\/iespauclaris\/wp-json\/wp\/v2\/users\/1"}],"replies":[{"embeddable":true,"href":"https:\/\/agora.xtec.cat\/iespauclaris\/wp-json\/wp\/v2\/comments?post=8117"}],"version-history":[{"count":1,"href":"https:\/\/agora.xtec.cat\/iespauclaris\/wp-json\/wp\/v2\/posts\/8117\/revisions"}],"predecessor-version":[{"id":8123,"href":"https:\/\/agora.xtec.cat\/iespauclaris\/wp-json\/wp\/v2\/posts\/8117\/revisions\/8123"}],"wp:featuredmedia":[{"embeddable":true,"href":"https:\/\/agora.xtec.cat\/iespauclaris\/wp-json\/wp\/v2\/media\/8120"}],"wp:attachment":[{"href":"https:\/\/agora.xtec.cat\/iespauclaris\/wp-json\/wp\/v2\/media?parent=8117"}],"wp:term":[{"taxonomy":"category","embeddable":true,"href":"https:\/\/agora.xtec.cat\/iespauclaris\/wp-json\/wp\/v2\/categories?post=8117"},{"taxonomy":"post_tag","embeddable":true,"href":"https:\/\/agora.xtec.cat\/iespauclaris\/wp-json\/wp\/v2\/tags?post=8117"}],"curies":[{"name":"wp","href":"https:\/\/api.w.org\/{rel}","templated":true}]}}