{"id":8094,"date":"2026-04-07T09:57:41","date_gmt":"2026-04-07T07:57:41","guid":{"rendered":"https:\/\/agora.xtec.cat\/iespauclaris\/?p=8094"},"modified":"2026-04-07T09:57:41","modified_gmt":"2026-04-07T07:57:41","slug":"finalitza-el-topic-patrulla-canina","status":"publish","type":"post","link":"https:\/\/agora.xtec.cat\/iespauclaris\/general\/finalitza-el-topic-patrulla-canina\/","title":{"rendered":"Finalitza el t\u00f2pic \u201cPatrulla Canina\u201d"},"content":{"rendered":"<p>Aquesta setmana han finalitzat les sessions del t\u00f2pic &#8220;patrulla canina&#8221;. Els alumnes que hi han participat han pogut fer una demostraci\u00f3 de les habilitats que han apr\u00e8s i que els ha perm\u00e8s\u00a0entendre millor els comportaments i la manera d\u2019aprendre que tenen els gossos. Trobarem a faltar la Galeta, el JJ i la Gaia!<\/p>\n\n\t\t<style type=\"text\/css\">\n\t\t\t#gallery-1 {\n\t\t\t\tmargin: auto;\n\t\t\t}\n\t\t\t#gallery-1 .gallery-item {\n\t\t\t\tfloat: left;\n\t\t\t\tmargin-top: 10px;\n\t\t\t\ttext-align: center;\n\t\t\t\twidth: 50%;\n\t\t\t}\n\t\t\t#gallery-1 img {\n\t\t\t\tborder: 2px solid #cfcfcf;\n\t\t\t}\n\t\t\t#gallery-1 .gallery-caption {\n\t\t\t\tmargin-left: 0;\n\t\t\t}\n\t\t\t\/* see gallery_shortcode() in wp-includes\/media.php *\/\n\t\t<\/style>\n\t\t<div id='gallery-1' class='gallery galleryid-8094 gallery-columns-2 gallery-size-full'><dl class='gallery-item'>\n\t\t\t<dt class='gallery-icon landscape'>\n\t\t\t\t<a href='https:\/\/agora.xtec.cat\/iespauclaris\/general\/finalitza-el-topic-patrulla-canina\/attachment\/img-20260325-wa0008\/'><img loading=\"lazy\" decoding=\"async\" width=\"1000\" height=\"750\" src=\"https:\/\/agora.xtec.cat\/iespauclaris\/wp-content\/uploads\/usu835\/2026\/04\/IMG-20260325-WA0008.jpg\" class=\"attachment-full size-full\" alt=\"\" srcset=\"https:\/\/agora.xtec.cat\/iespauclaris\/wp-content\/uploads\/usu835\/2026\/04\/IMG-20260325-WA0008.jpg 1000w, https:\/\/agora.xtec.cat\/iespauclaris\/wp-content\/uploads\/usu835\/2026\/04\/IMG-20260325-WA0008-300x225.jpg 300w, https:\/\/agora.xtec.cat\/iespauclaris\/wp-content\/uploads\/usu835\/2026\/04\/IMG-20260325-WA0008-768x576.jpg 768w, https:\/\/agora.xtec.cat\/iespauclaris\/wp-content\/uploads\/usu835\/2026\/04\/IMG-20260325-WA0008-200x150.jpg 200w\" sizes=\"auto, (max-width: 1000px) 100vw, 1000px\" \/><\/a>\n\t\t\t<\/dt><\/dl><dl class='gallery-item'>\n\t\t\t<dt class='gallery-icon portrait'>\n\t\t\t\t<a href='https:\/\/agora.xtec.cat\/iespauclaris\/general\/finalitza-el-topic-patrulla-canina\/attachment\/20260325_104720-1\/'><img loading=\"lazy\" decoding=\"async\" width=\"750\" height=\"1000\" src=\"https:\/\/agora.xtec.cat\/iespauclaris\/wp-content\/uploads\/usu835\/2026\/04\/20260325_104720-1.jpg\" class=\"attachment-full size-full\" alt=\"\" srcset=\"https:\/\/agora.xtec.cat\/iespauclaris\/wp-content\/uploads\/usu835\/2026\/04\/20260325_104720-1.jpg 750w, https:\/\/agora.xtec.cat\/iespauclaris\/wp-content\/uploads\/usu835\/2026\/04\/20260325_104720-1-225x300.jpg 225w\" sizes=\"auto, (max-width: 750px) 100vw, 750px\" \/><\/a>\n\t\t\t<\/dt><\/dl><br style=\"clear: both\" \/>\n\t\t<\/div>\n\n","protected":false},"excerpt":{"rendered":"<p>Aquesta setmana han finalitzat les sessions del t\u00f2pic &#8220;patrulla canina&#8221;. Els alumnes que hi han participat han pogut fer una demostraci\u00f3 de les habilitats que han apr\u00e8s i que els ha perm\u00e8s\u00a0entendre millor els comportaments i la manera d\u2019aprendre que tenen els gossos. Trobarem a&hellip;  <a href=\"https:\/\/agora.xtec.cat\/iespauclaris\/general\/finalitza-el-topic-patrulla-canina\/\" title=\"Read Finalitza el t\u00f2pic \u201cPatrulla Canina\u201d\">Llegeix m\u00e9s\u00bb<\/a><\/p>\n","protected":false},"author":1,"featured_media":8095,"comment_status":"closed","ping_status":"open","sticky":false,"template":"","format":"standard","meta":{"_bbp_topic_count":0,"_bbp_reply_count":0,"_bbp_total_topic_count":0,"_bbp_total_reply_count":0,"_bbp_voice_count":0,"_bbp_anonymous_reply_count":0,"_bbp_topic_count_hidden":0,"_bbp_reply_count_hidden":0,"_bbp_forum_subforum_count":0,"footnotes":""},"categories":[3,1,29],"tags":[],"class_list":["post-8094","post","type-post","status-publish","format-standard","has-post-thumbnail","hentry","category-eso","category-general","category-portada"],"post_mailing_queue_ids":[],"_links":{"self":[{"href":"https:\/\/agora.xtec.cat\/iespauclaris\/wp-json\/wp\/v2\/posts\/8094","targetHints":{"allow":["GET"]}}],"collection":[{"href":"https:\/\/agora.xtec.cat\/iespauclaris\/wp-json\/wp\/v2\/posts"}],"about":[{"href":"https:\/\/agora.xtec.cat\/iespauclaris\/wp-json\/wp\/v2\/types\/post"}],"author":[{"embeddable":true,"href":"https:\/\/agora.xtec.cat\/iespauclaris\/wp-json\/wp\/v2\/users\/1"}],"replies":[{"embeddable":true,"href":"https:\/\/agora.xtec.cat\/iespauclaris\/wp-json\/wp\/v2\/comments?post=8094"}],"version-history":[{"count":1,"href":"https:\/\/agora.xtec.cat\/iespauclaris\/wp-json\/wp\/v2\/posts\/8094\/revisions"}],"predecessor-version":[{"id":8097,"href":"https:\/\/agora.xtec.cat\/iespauclaris\/wp-json\/wp\/v2\/posts\/8094\/revisions\/8097"}],"wp:featuredmedia":[{"embeddable":true,"href":"https:\/\/agora.xtec.cat\/iespauclaris\/wp-json\/wp\/v2\/media\/8095"}],"wp:attachment":[{"href":"https:\/\/agora.xtec.cat\/iespauclaris\/wp-json\/wp\/v2\/media?parent=8094"}],"wp:term":[{"taxonomy":"category","embeddable":true,"href":"https:\/\/agora.xtec.cat\/iespauclaris\/wp-json\/wp\/v2\/categories?post=8094"},{"taxonomy":"post_tag","embeddable":true,"href":"https:\/\/agora.xtec.cat\/iespauclaris\/wp-json\/wp\/v2\/tags?post=8094"}],"curies":[{"name":"wp","href":"https:\/\/api.w.org\/{rel}","templated":true}]}}