{"id":8089,"date":"2026-04-07T09:49:15","date_gmt":"2026-04-07T07:49:15","guid":{"rendered":"https:\/\/agora.xtec.cat\/iespauclaris\/?p=8089"},"modified":"2026-04-07T09:52:13","modified_gmt":"2026-04-07T07:52:13","slug":"portes-obertes-batxillerat-2026","status":"publish","type":"post","link":"https:\/\/agora.xtec.cat\/iespauclaris\/general\/portes-obertes-batxillerat-2026\/","title":{"rendered":"Portes obertes batxillerat 2026!"},"content":{"rendered":"<div dir=\"auto\">\n<p><span style=\"font-weight: 400;\">Dimecres 25 de mar\u00e7, es van fer les Portes Obertes de Batxillerat per donar a con\u00e8ixer el projecte del Pau Claris a les fam\u00edlies interessades.<\/span><\/p>\n<p><span style=\"font-weight: 400;\">L&#8217;equip directiu va explicar els aspectes principals que tindr\u00e0 el curs vinent el nou Batxillerat, aix\u00ed com el nou programa Prometeus de suport i refor\u00e7 de cara als futurs Estudis Superiors.<\/span><\/p>\n<p><span style=\"font-weight: 400;\">A m\u00e9s, la professora Maria Gonz\u00e0lez va exposar el programa europeu Erasmus+ i amb el testimoni de l&#8217;alumne Manuel Casanova, qui va passar un mes a Fran\u00e7a d&#8217;intercanvi.<\/span><\/p>\n<p><span style=\"font-weight: 400;\">Tamb\u00e9 el professor Miquel Gen\u00e8 va comentar la manera diferent que tenim de portar endavant els Treballs de Recerca, i la professora Carolina Noronha va comentar tot l&#8217;apartat de Cultura Audiovisual.\u00a0<\/span><\/p>\n<p><span style=\"font-weight: 400;\">Les fam\u00edlies van poder resoldre els seus dubtes i confiem que el proper curs vinguin a formar part del nostre projecte.<\/span><\/p>\n<\/div>\n<div>\n\n\t\t<style type=\"text\/css\">\n\t\t\t#gallery-1 {\n\t\t\t\tmargin: auto;\n\t\t\t}\n\t\t\t#gallery-1 .gallery-item {\n\t\t\t\tfloat: left;\n\t\t\t\tmargin-top: 10px;\n\t\t\t\ttext-align: center;\n\t\t\t\twidth: 50%;\n\t\t\t}\n\t\t\t#gallery-1 img {\n\t\t\t\tborder: 2px solid #cfcfcf;\n\t\t\t}\n\t\t\t#gallery-1 .gallery-caption {\n\t\t\t\tmargin-left: 0;\n\t\t\t}\n\t\t\t\/* see gallery_shortcode() in wp-includes\/media.php *\/\n\t\t<\/style>\n\t\t<div id='gallery-1' class='gallery galleryid-8089 gallery-columns-2 gallery-size-full'><dl class='gallery-item'>\n\t\t\t<dt class='gallery-icon landscape'>\n\t\t\t\t<a href='https:\/\/agora.xtec.cat\/iespauclaris\/general\/portes-obertes-batxillerat-2026\/attachment\/img_20260326_171640\/'><img loading=\"lazy\" decoding=\"async\" width=\"699\" height=\"453\" src=\"https:\/\/agora.xtec.cat\/iespauclaris\/wp-content\/uploads\/usu835\/2026\/04\/IMG_20260326_171640.jpg\" class=\"attachment-full size-full\" alt=\"\" srcset=\"https:\/\/agora.xtec.cat\/iespauclaris\/wp-content\/uploads\/usu835\/2026\/04\/IMG_20260326_171640.jpg 699w, https:\/\/agora.xtec.cat\/iespauclaris\/wp-content\/uploads\/usu835\/2026\/04\/IMG_20260326_171640-300x194.jpg 300w\" sizes=\"auto, (max-width: 699px) 100vw, 699px\" \/><\/a>\n\t\t\t<\/dt><\/dl><dl class='gallery-item'>\n\t\t\t<dt class='gallery-icon landscape'>\n\t\t\t\t<a href='https:\/\/agora.xtec.cat\/iespauclaris\/general\/portes-obertes-batxillerat-2026\/attachment\/img_20260326_171523\/'><img loading=\"lazy\" decoding=\"async\" width=\"710\" height=\"561\" src=\"https:\/\/agora.xtec.cat\/iespauclaris\/wp-content\/uploads\/usu835\/2026\/04\/IMG_20260326_171523.jpg\" class=\"attachment-full size-full\" alt=\"\" srcset=\"https:\/\/agora.xtec.cat\/iespauclaris\/wp-content\/uploads\/usu835\/2026\/04\/IMG_20260326_171523.jpg 710w, https:\/\/agora.xtec.cat\/iespauclaris\/wp-content\/uploads\/usu835\/2026\/04\/IMG_20260326_171523-300x237.jpg 300w\" sizes=\"auto, (max-width: 710px) 100vw, 710px\" \/><\/a>\n\t\t\t<\/dt><\/dl><br style=\"clear: both\" \/>\n\t\t<\/div>\n\n<\/div>\n","protected":false},"excerpt":{"rendered":"<p>Dimecres 25 de mar\u00e7, es van fer les Portes Obertes de Batxillerat per donar a con\u00e8ixer el projecte del Pau Claris a les fam\u00edlies interessades.<br \/>\nL&#8217;equip directiu va explicar els aspectes principals que tindr\u00e0 el curs vinent el nou Batxillerat, aix\u00ed com el nou programa Prometeus&hellip;  <a href=\"https:\/\/agora.xtec.cat\/iespauclaris\/general\/portes-obertes-batxillerat-2026\/\" title=\"Read Portes obertes batxillerat 2026!\">Llegeix m\u00e9s\u00bb<\/a><\/p>\n","protected":false},"author":1,"featured_media":8091,"comment_status":"closed","ping_status":"open","sticky":false,"template":"","format":"standard","meta":{"_bbp_topic_count":0,"_bbp_reply_count":0,"_bbp_total_topic_count":0,"_bbp_total_reply_count":0,"_bbp_voice_count":0,"_bbp_anonymous_reply_count":0,"_bbp_topic_count_hidden":0,"_bbp_reply_count_hidden":0,"_bbp_forum_subforum_count":0,"footnotes":""},"categories":[8,1,29],"tags":[],"class_list":["post-8089","post","type-post","status-publish","format-standard","has-post-thumbnail","hentry","category-batxillerat","category-general","category-portada"],"post_mailing_queue_ids":[],"_links":{"self":[{"href":"https:\/\/agora.xtec.cat\/iespauclaris\/wp-json\/wp\/v2\/posts\/8089","targetHints":{"allow":["GET"]}}],"collection":[{"href":"https:\/\/agora.xtec.cat\/iespauclaris\/wp-json\/wp\/v2\/posts"}],"about":[{"href":"https:\/\/agora.xtec.cat\/iespauclaris\/wp-json\/wp\/v2\/types\/post"}],"author":[{"embeddable":true,"href":"https:\/\/agora.xtec.cat\/iespauclaris\/wp-json\/wp\/v2\/users\/1"}],"replies":[{"embeddable":true,"href":"https:\/\/agora.xtec.cat\/iespauclaris\/wp-json\/wp\/v2\/comments?post=8089"}],"version-history":[{"count":2,"href":"https:\/\/agora.xtec.cat\/iespauclaris\/wp-json\/wp\/v2\/posts\/8089\/revisions"}],"predecessor-version":[{"id":8093,"href":"https:\/\/agora.xtec.cat\/iespauclaris\/wp-json\/wp\/v2\/posts\/8089\/revisions\/8093"}],"wp:featuredmedia":[{"embeddable":true,"href":"https:\/\/agora.xtec.cat\/iespauclaris\/wp-json\/wp\/v2\/media\/8091"}],"wp:attachment":[{"href":"https:\/\/agora.xtec.cat\/iespauclaris\/wp-json\/wp\/v2\/media?parent=8089"}],"wp:term":[{"taxonomy":"category","embeddable":true,"href":"https:\/\/agora.xtec.cat\/iespauclaris\/wp-json\/wp\/v2\/categories?post=8089"},{"taxonomy":"post_tag","embeddable":true,"href":"https:\/\/agora.xtec.cat\/iespauclaris\/wp-json\/wp\/v2\/tags?post=8089"}],"curies":[{"name":"wp","href":"https:\/\/api.w.org\/{rel}","templated":true}]}}