{"id":7906,"date":"2026-02-26T17:28:05","date_gmt":"2026-02-26T16:28:05","guid":{"rendered":"https:\/\/agora.xtec.cat\/iespauclaris\/?p=7906"},"modified":"2026-02-26T17:28:05","modified_gmt":"2026-02-26T16:28:05","slug":"sortida-cinema-1r-i-2n-batxillerat","status":"publish","type":"post","link":"https:\/\/agora.xtec.cat\/iespauclaris\/general\/sortida-cinema-1r-i-2n-batxillerat\/","title":{"rendered":"Sortida cinema 1r i 2n Batxillerat"},"content":{"rendered":"<div dir=\"auto\">Tot l&#8217;alumnat de Batxillerat va assistir divendres a la projecci\u00f3 de la pel\u00b7l\u00edcula valenciana &#8220;La invasi\u00f3 dels b\u00e0rbars&#8221;, dirigida per Vicent Monson\u00eds.<\/div>\n<div dir=\"auto\"><\/div>\n<div dir=\"auto\">El film est\u00e0 ambientat en la postguerra a Val\u00e8ncia, la repressi\u00f3 militar, la fam, la por&#8230; i tamb\u00e9 la lluita actual de moltes fam\u00edlies per recuperar la mem\u00f2ria dels represaliats.<\/div>\n<div dir=\"auto\"><\/div>\n<div dir=\"auto\">Despr\u00e9s de la projecci\u00f3, l&#8217;alumnat ha pogut dialogar amb el director, que ha vingut expressament des de Val\u00e8ncia.<\/div>\n<div dir=\"auto\"><\/div>\n<div dir=\"auto\">S\u00f3n molts els dubtes, curiositats i temes que han anat sorgint, i als quals &#8216;Monso&#8217; ha respost molt amablement.<\/div>\n<div dir=\"auto\"><\/div>\n<div dir=\"auto\">Finalment, alumnat voluntari ha donat la seva opini\u00f3 sobre el film per a les xarxes socials d&#8217;Stanbroock, la producctora que ha aconseguit rodar amb \u00e8xit un projecte no exempt de complicacions.<\/div>\n<div dir=\"auto\"><\/div>\n<div dir=\"auto\">En resum, un mat\u00ed de cine per tothom; i mai millor dit.<\/div>\n<div dir=\"auto\"><\/div>\n<div dir=\"auto\">\n\n\t\t<style type=\"text\/css\">\n\t\t\t#gallery-1 {\n\t\t\t\tmargin: auto;\n\t\t\t}\n\t\t\t#gallery-1 .gallery-item {\n\t\t\t\tfloat: left;\n\t\t\t\tmargin-top: 10px;\n\t\t\t\ttext-align: center;\n\t\t\t\twidth: 33%;\n\t\t\t}\n\t\t\t#gallery-1 img {\n\t\t\t\tborder: 2px solid #cfcfcf;\n\t\t\t}\n\t\t\t#gallery-1 .gallery-caption {\n\t\t\t\tmargin-left: 0;\n\t\t\t}\n\t\t\t\/* see gallery_shortcode() in wp-includes\/media.php *\/\n\t\t<\/style>\n\t\t<div id='gallery-1' class='gallery galleryid-7906 gallery-columns-3 gallery-size-full'><dl class='gallery-item'>\n\t\t\t<dt class='gallery-icon landscape'>\n\t\t\t\t<a href='https:\/\/agora.xtec.cat\/iespauclaris\/general\/sortida-cinema-1r-i-2n-batxillerat\/attachment\/img_20260220_100159\/'><img loading=\"lazy\" decoding=\"async\" width=\"1333\" height=\"1000\" src=\"https:\/\/agora.xtec.cat\/iespauclaris\/wp-content\/uploads\/usu835\/2026\/02\/IMG_20260220_100159.jpg\" class=\"attachment-full size-full\" alt=\"\" srcset=\"https:\/\/agora.xtec.cat\/iespauclaris\/wp-content\/uploads\/usu835\/2026\/02\/IMG_20260220_100159.jpg 1333w, https:\/\/agora.xtec.cat\/iespauclaris\/wp-content\/uploads\/usu835\/2026\/02\/IMG_20260220_100159-300x225.jpg 300w, https:\/\/agora.xtec.cat\/iespauclaris\/wp-content\/uploads\/usu835\/2026\/02\/IMG_20260220_100159-1024x768.jpg 1024w, https:\/\/agora.xtec.cat\/iespauclaris\/wp-content\/uploads\/usu835\/2026\/02\/IMG_20260220_100159-768x576.jpg 768w, https:\/\/agora.xtec.cat\/iespauclaris\/wp-content\/uploads\/usu835\/2026\/02\/IMG_20260220_100159-200x150.jpg 200w\" sizes=\"auto, (max-width: 1333px) 100vw, 1333px\" \/><\/a>\n\t\t\t<\/dt><\/dl><dl class='gallery-item'>\n\t\t\t<dt class='gallery-icon portrait'>\n\t\t\t\t<a href='https:\/\/agora.xtec.cat\/iespauclaris\/general\/sortida-cinema-1r-i-2n-batxillerat\/attachment\/la_invasio_dels_barbars-551275741-mmed\/'><img loading=\"lazy\" decoding=\"async\" width=\"708\" height=\"1000\" src=\"https:\/\/agora.xtec.cat\/iespauclaris\/wp-content\/uploads\/usu835\/2026\/02\/la_invasio_dels_barbars-551275741-mmed.jpg\" class=\"attachment-full size-full\" alt=\"\" srcset=\"https:\/\/agora.xtec.cat\/iespauclaris\/wp-content\/uploads\/usu835\/2026\/02\/la_invasio_dels_barbars-551275741-mmed.jpg 708w, https:\/\/agora.xtec.cat\/iespauclaris\/wp-content\/uploads\/usu835\/2026\/02\/la_invasio_dels_barbars-551275741-mmed-212x300.jpg 212w\" sizes=\"auto, (max-width: 708px) 100vw, 708px\" \/><\/a>\n\t\t\t<\/dt><\/dl><dl class='gallery-item'>\n\t\t\t<dt class='gallery-icon portrait'>\n\t\t\t\t<a href='https:\/\/agora.xtec.cat\/iespauclaris\/general\/sortida-cinema-1r-i-2n-batxillerat\/attachment\/img-20260220-wa0026\/'><img loading=\"lazy\" decoding=\"async\" width=\"563\" height=\"1000\" src=\"https:\/\/agora.xtec.cat\/iespauclaris\/wp-content\/uploads\/usu835\/2026\/02\/IMG-20260220-WA0026.jpg\" class=\"attachment-full size-full\" alt=\"\" srcset=\"https:\/\/agora.xtec.cat\/iespauclaris\/wp-content\/uploads\/usu835\/2026\/02\/IMG-20260220-WA0026.jpg 563w, https:\/\/agora.xtec.cat\/iespauclaris\/wp-content\/uploads\/usu835\/2026\/02\/IMG-20260220-WA0026-169x300.jpg 169w\" sizes=\"auto, (max-width: 563px) 100vw, 563px\" \/><\/a>\n\t\t\t<\/dt><\/dl><br style=\"clear: both\" \/><dl class='gallery-item'>\n\t\t\t<dt class='gallery-icon landscape'>\n\t\t\t\t<a href='https:\/\/agora.xtec.cat\/iespauclaris\/general\/sortida-cinema-1r-i-2n-batxillerat\/attachment\/img20260220095953\/'><img loading=\"lazy\" decoding=\"async\" width=\"1333\" height=\"1000\" src=\"https:\/\/agora.xtec.cat\/iespauclaris\/wp-content\/uploads\/usu835\/2026\/02\/IMG20260220095953.jpg\" class=\"attachment-full size-full\" alt=\"\" srcset=\"https:\/\/agora.xtec.cat\/iespauclaris\/wp-content\/uploads\/usu835\/2026\/02\/IMG20260220095953.jpg 1333w, https:\/\/agora.xtec.cat\/iespauclaris\/wp-content\/uploads\/usu835\/2026\/02\/IMG20260220095953-300x225.jpg 300w, https:\/\/agora.xtec.cat\/iespauclaris\/wp-content\/uploads\/usu835\/2026\/02\/IMG20260220095953-1024x768.jpg 1024w, https:\/\/agora.xtec.cat\/iespauclaris\/wp-content\/uploads\/usu835\/2026\/02\/IMG20260220095953-768x576.jpg 768w, https:\/\/agora.xtec.cat\/iespauclaris\/wp-content\/uploads\/usu835\/2026\/02\/IMG20260220095953-200x150.jpg 200w\" sizes=\"auto, (max-width: 1333px) 100vw, 1333px\" \/><\/a>\n\t\t\t<\/dt><\/dl><dl class='gallery-item'>\n\t\t\t<dt class='gallery-icon portrait'>\n\t\t\t\t<a href='https:\/\/agora.xtec.cat\/iespauclaris\/general\/sortida-cinema-1r-i-2n-batxillerat\/attachment\/img-20260220-wa0021\/'><img loading=\"lazy\" decoding=\"async\" width=\"563\" height=\"1000\" src=\"https:\/\/agora.xtec.cat\/iespauclaris\/wp-content\/uploads\/usu835\/2026\/02\/IMG-20260220-WA0021.jpg\" class=\"attachment-full size-full\" alt=\"\" srcset=\"https:\/\/agora.xtec.cat\/iespauclaris\/wp-content\/uploads\/usu835\/2026\/02\/IMG-20260220-WA0021.jpg 563w, https:\/\/agora.xtec.cat\/iespauclaris\/wp-content\/uploads\/usu835\/2026\/02\/IMG-20260220-WA0021-169x300.jpg 169w\" sizes=\"auto, (max-width: 563px) 100vw, 563px\" \/><\/a>\n\t\t\t<\/dt><\/dl>\n\t\t\t<br style='clear: both' \/>\n\t\t<\/div>\n\n<\/div>\n","protected":false},"excerpt":{"rendered":"<p>Tot l&#8217;alumnat de Batxillerat va assistir divendres a la projecci\u00f3 de la pel\u00b7l\u00edcula valenciana &#8220;La invasi\u00f3 dels b\u00e0rbars&#8221;, dirigida per Vicent Monson\u00eds.<\/p>\n<p>El film est\u00e0 ambientat en la postguerra a Val\u00e8ncia, la repressi\u00f3 militar, la fam, la por&#8230; i tamb\u00e9 la lluita actual de moltes fam\u00edlies&hellip;  <a href=\"https:\/\/agora.xtec.cat\/iespauclaris\/general\/sortida-cinema-1r-i-2n-batxillerat\/\" title=\"Read Sortida cinema 1r i 2n Batxillerat\">Llegeix m\u00e9s\u00bb<\/a><\/p>\n","protected":false},"author":1,"featured_media":7911,"comment_status":"closed","ping_status":"open","sticky":false,"template":"","format":"standard","meta":{"_bbp_topic_count":0,"_bbp_reply_count":0,"_bbp_total_topic_count":0,"_bbp_total_reply_count":0,"_bbp_voice_count":0,"_bbp_anonymous_reply_count":0,"_bbp_topic_count_hidden":0,"_bbp_reply_count_hidden":0,"_bbp_forum_subforum_count":0,"footnotes":""},"categories":[8,1,29],"tags":[],"class_list":["post-7906","post","type-post","status-publish","format-standard","has-post-thumbnail","hentry","category-batxillerat","category-general","category-portada"],"post_mailing_queue_ids":[],"_links":{"self":[{"href":"https:\/\/agora.xtec.cat\/iespauclaris\/wp-json\/wp\/v2\/posts\/7906","targetHints":{"allow":["GET"]}}],"collection":[{"href":"https:\/\/agora.xtec.cat\/iespauclaris\/wp-json\/wp\/v2\/posts"}],"about":[{"href":"https:\/\/agora.xtec.cat\/iespauclaris\/wp-json\/wp\/v2\/types\/post"}],"author":[{"embeddable":true,"href":"https:\/\/agora.xtec.cat\/iespauclaris\/wp-json\/wp\/v2\/users\/1"}],"replies":[{"embeddable":true,"href":"https:\/\/agora.xtec.cat\/iespauclaris\/wp-json\/wp\/v2\/comments?post=7906"}],"version-history":[{"count":2,"href":"https:\/\/agora.xtec.cat\/iespauclaris\/wp-json\/wp\/v2\/posts\/7906\/revisions"}],"predecessor-version":[{"id":7913,"href":"https:\/\/agora.xtec.cat\/iespauclaris\/wp-json\/wp\/v2\/posts\/7906\/revisions\/7913"}],"wp:featuredmedia":[{"embeddable":true,"href":"https:\/\/agora.xtec.cat\/iespauclaris\/wp-json\/wp\/v2\/media\/7911"}],"wp:attachment":[{"href":"https:\/\/agora.xtec.cat\/iespauclaris\/wp-json\/wp\/v2\/media?parent=7906"}],"wp:term":[{"taxonomy":"category","embeddable":true,"href":"https:\/\/agora.xtec.cat\/iespauclaris\/wp-json\/wp\/v2\/categories?post=7906"},{"taxonomy":"post_tag","embeddable":true,"href":"https:\/\/agora.xtec.cat\/iespauclaris\/wp-json\/wp\/v2\/tags?post=7906"}],"curies":[{"name":"wp","href":"https:\/\/api.w.org\/{rel}","templated":true}]}}