{"id":7866,"date":"2026-02-23T09:45:08","date_gmt":"2026-02-23T08:45:08","guid":{"rendered":"https:\/\/agora.xtec.cat\/iespauclaris\/?p=7866"},"modified":"2026-02-23T09:45:08","modified_gmt":"2026-02-23T08:45:08","slug":"4t-deso-reviu-la-historia-al-refugi-307","status":"publish","type":"post","link":"https:\/\/agora.xtec.cat\/iespauclaris\/general\/4t-deso-reviu-la-historia-al-refugi-307\/","title":{"rendered":"4t d\u2019ESO reviu la hist\u00f2ria al Refugi 307"},"content":{"rendered":"<div>\n<div id=\"m_-8834100281594355051m_-4964461125800702824gmail-model-response-message-contentr_9b0027664f7f4d75\" dir=\"ltr\">\n<p>Aquesta setmana, l\u2019alumnat de\u00a04t d\u2019ESO\u00a0ha visitat el\u00a0<a href=\"https:\/\/www.barcelona.cat\/museuhistoria\/ca\/patrimonis-i-recerca\/els-espais-del-museu\/refugi-307\"><b>Refugi 307<\/b><\/a>\u00a0al barri del Poble-sec, una activitat clau del projecte\u00a0<b>&#8220;Empremtes de la Guerra&#8221;<\/b>. Aquesta sortida ha perm\u00e8s als estudiants connectar directament amb la mem\u00f2ria hist\u00f2rica de Barcelona i entendre la cruesa dels bombardejos sobre la poblaci\u00f3 civil.<\/p>\n<p>El Refugi 307 \u00e9s un dels testimonis m\u00e9s colpidors de la Guerra Civil a la ciutat; un entramat de 200 metres de t\u00fanels excavats gr\u00e0cies a l\u2019esfor\u00e7 col\u00b7lectiu dels ve\u00efns del barri. Durant el recorregut, els alumnes han pogut veure com s\u2019organitzava la vida sota terra en espais que inclo\u00efen un quir\u00f2fan, lavabos, etc. Tot aix\u00f2 per garantir la superviv\u00e8ncia en condicions extremes. Aquesta experi\u00e8ncia ha servit per reflexionar sobre la resili\u00e8ncia ciutadana i la import\u00e0ncia de preservar el nostre patrimoni democr\u00e0tic.<\/p>\n<\/div>\n<\/div>\n<div>\n\n\t\t<style type=\"text\/css\">\n\t\t\t#gallery-1 {\n\t\t\t\tmargin: auto;\n\t\t\t}\n\t\t\t#gallery-1 .gallery-item {\n\t\t\t\tfloat: left;\n\t\t\t\tmargin-top: 10px;\n\t\t\t\ttext-align: center;\n\t\t\t\twidth: 50%;\n\t\t\t}\n\t\t\t#gallery-1 img {\n\t\t\t\tborder: 2px solid #cfcfcf;\n\t\t\t}\n\t\t\t#gallery-1 .gallery-caption {\n\t\t\t\tmargin-left: 0;\n\t\t\t}\n\t\t\t\/* see gallery_shortcode() in wp-includes\/media.php *\/\n\t\t<\/style>\n\t\t<div id='gallery-1' class='gallery galleryid-7866 gallery-columns-2 gallery-size-full'><dl class='gallery-item'>\n\t\t\t<dt class='gallery-icon landscape'>\n\t\t\t\t<a href='https:\/\/agora.xtec.cat\/iespauclaris\/general\/4t-deso-reviu-la-historia-al-refugi-307\/attachment\/1000076886\/'><img loading=\"lazy\" decoding=\"async\" width=\"1332\" height=\"1000\" src=\"https:\/\/agora.xtec.cat\/iespauclaris\/wp-content\/uploads\/usu835\/2026\/02\/1000076886.jpg\" class=\"attachment-full size-full\" alt=\"\" srcset=\"https:\/\/agora.xtec.cat\/iespauclaris\/wp-content\/uploads\/usu835\/2026\/02\/1000076886.jpg 1332w, https:\/\/agora.xtec.cat\/iespauclaris\/wp-content\/uploads\/usu835\/2026\/02\/1000076886-300x225.jpg 300w, https:\/\/agora.xtec.cat\/iespauclaris\/wp-content\/uploads\/usu835\/2026\/02\/1000076886-1024x769.jpg 1024w, https:\/\/agora.xtec.cat\/iespauclaris\/wp-content\/uploads\/usu835\/2026\/02\/1000076886-768x577.jpg 768w, https:\/\/agora.xtec.cat\/iespauclaris\/wp-content\/uploads\/usu835\/2026\/02\/1000076886-200x150.jpg 200w\" sizes=\"auto, (max-width: 1332px) 100vw, 1332px\" \/><\/a>\n\t\t\t<\/dt><\/dl><dl class='gallery-item'>\n\t\t\t<dt class='gallery-icon landscape'>\n\t\t\t\t<a href='https:\/\/agora.xtec.cat\/iespauclaris\/general\/4t-deso-reviu-la-historia-al-refugi-307\/attachment\/1000076897\/'><img loading=\"lazy\" decoding=\"async\" width=\"1332\" height=\"1000\" src=\"https:\/\/agora.xtec.cat\/iespauclaris\/wp-content\/uploads\/usu835\/2026\/02\/1000076897.jpg\" class=\"attachment-full size-full\" alt=\"\" srcset=\"https:\/\/agora.xtec.cat\/iespauclaris\/wp-content\/uploads\/usu835\/2026\/02\/1000076897.jpg 1332w, https:\/\/agora.xtec.cat\/iespauclaris\/wp-content\/uploads\/usu835\/2026\/02\/1000076897-300x225.jpg 300w, https:\/\/agora.xtec.cat\/iespauclaris\/wp-content\/uploads\/usu835\/2026\/02\/1000076897-1024x769.jpg 1024w, https:\/\/agora.xtec.cat\/iespauclaris\/wp-content\/uploads\/usu835\/2026\/02\/1000076897-768x577.jpg 768w, https:\/\/agora.xtec.cat\/iespauclaris\/wp-content\/uploads\/usu835\/2026\/02\/1000076897-200x150.jpg 200w\" sizes=\"auto, (max-width: 1332px) 100vw, 1332px\" \/><\/a>\n\t\t\t<\/dt><\/dl><br style=\"clear: both\" \/><dl class='gallery-item'>\n\t\t\t<dt class='gallery-icon landscape'>\n\t\t\t\t<a href='https:\/\/agora.xtec.cat\/iespauclaris\/general\/4t-deso-reviu-la-historia-al-refugi-307\/attachment\/1000076920\/'><img loading=\"lazy\" decoding=\"async\" width=\"1278\" height=\"1000\" src=\"https:\/\/agora.xtec.cat\/iespauclaris\/wp-content\/uploads\/usu835\/2026\/02\/1000076920.jpg\" class=\"attachment-full size-full\" alt=\"\" srcset=\"https:\/\/agora.xtec.cat\/iespauclaris\/wp-content\/uploads\/usu835\/2026\/02\/1000076920.jpg 1278w, https:\/\/agora.xtec.cat\/iespauclaris\/wp-content\/uploads\/usu835\/2026\/02\/1000076920-300x235.jpg 300w, https:\/\/agora.xtec.cat\/iespauclaris\/wp-content\/uploads\/usu835\/2026\/02\/1000076920-1024x801.jpg 1024w, https:\/\/agora.xtec.cat\/iespauclaris\/wp-content\/uploads\/usu835\/2026\/02\/1000076920-768x601.jpg 768w\" sizes=\"auto, (max-width: 1278px) 100vw, 1278px\" \/><\/a>\n\t\t\t<\/dt><\/dl><dl class='gallery-item'>\n\t\t\t<dt class='gallery-icon landscape'>\n\t\t\t\t<a href='https:\/\/agora.xtec.cat\/iespauclaris\/general\/4t-deso-reviu-la-historia-al-refugi-307\/attachment\/1000076921\/'><img loading=\"lazy\" decoding=\"async\" width=\"1293\" height=\"1000\" src=\"https:\/\/agora.xtec.cat\/iespauclaris\/wp-content\/uploads\/usu835\/2026\/02\/1000076921.jpg\" class=\"attachment-full size-full\" alt=\"\" srcset=\"https:\/\/agora.xtec.cat\/iespauclaris\/wp-content\/uploads\/usu835\/2026\/02\/1000076921.jpg 1293w, https:\/\/agora.xtec.cat\/iespauclaris\/wp-content\/uploads\/usu835\/2026\/02\/1000076921-300x232.jpg 300w, https:\/\/agora.xtec.cat\/iespauclaris\/wp-content\/uploads\/usu835\/2026\/02\/1000076921-1024x792.jpg 1024w, https:\/\/agora.xtec.cat\/iespauclaris\/wp-content\/uploads\/usu835\/2026\/02\/1000076921-768x594.jpg 768w\" sizes=\"auto, (max-width: 1293px) 100vw, 1293px\" \/><\/a>\n\t\t\t<\/dt><\/dl><br style=\"clear: both\" \/><dl class='gallery-item'>\n\t\t\t<dt class='gallery-icon landscape'>\n\t\t\t\t<a href='https:\/\/agora.xtec.cat\/iespauclaris\/general\/4t-deso-reviu-la-historia-al-refugi-307\/attachment\/1000076926\/'><img loading=\"lazy\" decoding=\"async\" width=\"1585\" height=\"1000\" src=\"https:\/\/agora.xtec.cat\/iespauclaris\/wp-content\/uploads\/usu835\/2026\/02\/1000076926.jpg\" class=\"attachment-full size-full\" alt=\"\" srcset=\"https:\/\/agora.xtec.cat\/iespauclaris\/wp-content\/uploads\/usu835\/2026\/02\/1000076926.jpg 1585w, https:\/\/agora.xtec.cat\/iespauclaris\/wp-content\/uploads\/usu835\/2026\/02\/1000076926-300x189.jpg 300w, https:\/\/agora.xtec.cat\/iespauclaris\/wp-content\/uploads\/usu835\/2026\/02\/1000076926-1024x646.jpg 1024w, https:\/\/agora.xtec.cat\/iespauclaris\/wp-content\/uploads\/usu835\/2026\/02\/1000076926-768x485.jpg 768w, https:\/\/agora.xtec.cat\/iespauclaris\/wp-content\/uploads\/usu835\/2026\/02\/1000076926-1536x969.jpg 1536w\" sizes=\"auto, (max-width: 1585px) 100vw, 1585px\" \/><\/a>\n\t\t\t<\/dt><\/dl><dl class='gallery-item'>\n\t\t\t<dt class='gallery-icon landscape'>\n\t\t\t\t<a href='https:\/\/agora.xtec.cat\/iespauclaris\/general\/4t-deso-reviu-la-historia-al-refugi-307\/attachment\/1000077065\/'><img loading=\"lazy\" decoding=\"async\" width=\"1333\" height=\"1000\" src=\"https:\/\/agora.xtec.cat\/iespauclaris\/wp-content\/uploads\/usu835\/2026\/02\/1000077065.jpg\" class=\"attachment-full size-full\" alt=\"\" srcset=\"https:\/\/agora.xtec.cat\/iespauclaris\/wp-content\/uploads\/usu835\/2026\/02\/1000077065.jpg 1333w, https:\/\/agora.xtec.cat\/iespauclaris\/wp-content\/uploads\/usu835\/2026\/02\/1000077065-300x225.jpg 300w, https:\/\/agora.xtec.cat\/iespauclaris\/wp-content\/uploads\/usu835\/2026\/02\/1000077065-1024x768.jpg 1024w, https:\/\/agora.xtec.cat\/iespauclaris\/wp-content\/uploads\/usu835\/2026\/02\/1000077065-768x576.jpg 768w, https:\/\/agora.xtec.cat\/iespauclaris\/wp-content\/uploads\/usu835\/2026\/02\/1000077065-200x150.jpg 200w\" sizes=\"auto, (max-width: 1333px) 100vw, 1333px\" \/><\/a>\n\t\t\t<\/dt><\/dl><br style=\"clear: both\" \/><dl class='gallery-item'>\n\t\t\t<dt class='gallery-icon portrait'>\n\t\t\t\t<a href='https:\/\/agora.xtec.cat\/iespauclaris\/general\/4t-deso-reviu-la-historia-al-refugi-307\/attachment\/1000076893\/'><img loading=\"lazy\" decoding=\"async\" width=\"751\" height=\"1000\" src=\"https:\/\/agora.xtec.cat\/iespauclaris\/wp-content\/uploads\/usu835\/2026\/02\/1000076893-rotated.jpg\" class=\"attachment-full size-full\" alt=\"\" srcset=\"https:\/\/agora.xtec.cat\/iespauclaris\/wp-content\/uploads\/usu835\/2026\/02\/1000076893-rotated.jpg 751w, https:\/\/agora.xtec.cat\/iespauclaris\/wp-content\/uploads\/usu835\/2026\/02\/1000076893-225x300.jpg 225w\" sizes=\"auto, (max-width: 751px) 100vw, 751px\" \/><\/a>\n\t\t\t<\/dt><\/dl>\n\t\t\t<br style='clear: both' \/>\n\t\t<\/div>\n\n<\/div>\n","protected":false},"excerpt":{"rendered":"<p>Aquesta setmana, l\u2019alumnat de\u00a04t d\u2019ESO\u00a0ha visitat el\u00a0<a href=\"https:\/\/www.barcelona.cat\/museuhistoria\/ca\/patrimonis-i-recerca\/els-espais-del-museu\/refugi-307\">Refugi 307<\/a>\u00a0al barri del Poble-sec, una activitat clau del projecte\u00a0&#8220;Empremtes de la Guerra&#8221;. Aquesta sortida ha perm\u00e8s als estudiants connectar directament amb la mem\u00f2ria hist\u00f2rica de Barcelona i entendre la cruesa dels bombardejos sobre la poblaci\u00f3 civil.<br \/>\nEl Refugi&hellip;  <a href=\"https:\/\/agora.xtec.cat\/iespauclaris\/general\/4t-deso-reviu-la-historia-al-refugi-307\/\" title=\"Read 4t d\u2019ESO reviu la hist\u00f2ria al Refugi 307\">Llegeix m\u00e9s\u00bb<\/a><\/p>\n","protected":false},"author":1,"featured_media":7871,"comment_status":"closed","ping_status":"open","sticky":false,"template":"","format":"standard","meta":{"_bbp_topic_count":0,"_bbp_reply_count":0,"_bbp_total_topic_count":0,"_bbp_total_reply_count":0,"_bbp_voice_count":0,"_bbp_anonymous_reply_count":0,"_bbp_topic_count_hidden":0,"_bbp_reply_count_hidden":0,"_bbp_forum_subforum_count":0,"footnotes":""},"categories":[3,7,1,29],"tags":[],"class_list":["post-7866","post","type-post","status-publish","format-standard","has-post-thumbnail","hentry","category-eso","category-eso-4","category-general","category-portada"],"post_mailing_queue_ids":[],"_links":{"self":[{"href":"https:\/\/agora.xtec.cat\/iespauclaris\/wp-json\/wp\/v2\/posts\/7866","targetHints":{"allow":["GET"]}}],"collection":[{"href":"https:\/\/agora.xtec.cat\/iespauclaris\/wp-json\/wp\/v2\/posts"}],"about":[{"href":"https:\/\/agora.xtec.cat\/iespauclaris\/wp-json\/wp\/v2\/types\/post"}],"author":[{"embeddable":true,"href":"https:\/\/agora.xtec.cat\/iespauclaris\/wp-json\/wp\/v2\/users\/1"}],"replies":[{"embeddable":true,"href":"https:\/\/agora.xtec.cat\/iespauclaris\/wp-json\/wp\/v2\/comments?post=7866"}],"version-history":[{"count":1,"href":"https:\/\/agora.xtec.cat\/iespauclaris\/wp-json\/wp\/v2\/posts\/7866\/revisions"}],"predecessor-version":[{"id":7874,"href":"https:\/\/agora.xtec.cat\/iespauclaris\/wp-json\/wp\/v2\/posts\/7866\/revisions\/7874"}],"wp:featuredmedia":[{"embeddable":true,"href":"https:\/\/agora.xtec.cat\/iespauclaris\/wp-json\/wp\/v2\/media\/7871"}],"wp:attachment":[{"href":"https:\/\/agora.xtec.cat\/iespauclaris\/wp-json\/wp\/v2\/media?parent=7866"}],"wp:term":[{"taxonomy":"category","embeddable":true,"href":"https:\/\/agora.xtec.cat\/iespauclaris\/wp-json\/wp\/v2\/categories?post=7866"},{"taxonomy":"post_tag","embeddable":true,"href":"https:\/\/agora.xtec.cat\/iespauclaris\/wp-json\/wp\/v2\/tags?post=7866"}],"curies":[{"name":"wp","href":"https:\/\/api.w.org\/{rel}","templated":true}]}}