{"id":7815,"date":"2026-02-10T10:16:52","date_gmt":"2026-02-10T09:16:52","guid":{"rendered":"https:\/\/agora.xtec.cat\/iespauclaris\/?p=7815"},"modified":"2026-02-10T10:18:00","modified_gmt":"2026-02-10T09:18:00","slug":"licitacio-del-servei-de-menjador","status":"publish","type":"post","link":"https:\/\/agora.xtec.cat\/iespauclaris\/general\/licitacio-del-servei-de-menjador\/","title":{"rendered":"Licitaci\u00f3 del servei de menjador"},"content":{"rendered":"<p>S\u2019ha publicat la licitaci\u00f3 del servei de menjador compartit amb l\u2019Escola Pere Vila.<\/p>\n<p><img loading=\"lazy\" decoding=\"async\" class=\"aligncenter size-full wp-image-7816\" src=\"https:\/\/agora.xtec.cat\/iespauclaris\/wp-content\/uploads\/usu835\/2026\/02\/Screenshot-2026-02-10-10.12.31.png\" alt=\"\" width=\"1000\" height=\"243\" srcset=\"https:\/\/agora.xtec.cat\/iespauclaris\/wp-content\/uploads\/usu835\/2026\/02\/Screenshot-2026-02-10-10.12.31.png 1000w, https:\/\/agora.xtec.cat\/iespauclaris\/wp-content\/uploads\/usu835\/2026\/02\/Screenshot-2026-02-10-10.12.31-300x73.png 300w, https:\/\/agora.xtec.cat\/iespauclaris\/wp-content\/uploads\/usu835\/2026\/02\/Screenshot-2026-02-10-10.12.31-768x187.png 768w\" sizes=\"auto, (max-width: 1000px) 100vw, 1000px\" \/><\/p>\n<p><a href=\"https:\/\/contractaciopublica.cat\/ca\/detall-publicacio\/a9b5b4a4-af5a-4c4c-9f76-4bed89d6a1ee\/300686241\">Acc\u00e9s a m\u00e9s informaci\u00f3 a la Plataforma de Contractaci\u00f3 P\u00fablica.<\/a><\/p>\n<p>&nbsp;<\/p>\n<p>&nbsp;<\/p>\n","protected":false},"excerpt":{"rendered":"<p>S\u2019ha publicat la licitaci\u00f3 del servei de menjador compartit amb l\u2019Escola Pere Vila.<\/p>\n<p><a href=\"https:\/\/contractaciopublica.cat\/ca\/detall-publicacio\/a9b5b4a4-af5a-4c4c-9f76-4bed89d6a1ee\/300686241\">Acc\u00e9s a m\u00e9s informaci\u00f3 a la Plataforma de Contractaci\u00f3 P\u00fablica.<\/a><br \/>\n&nbsp;<br \/>\n&nbsp;<\/p>\n","protected":false},"author":1,"featured_media":7816,"comment_status":"closed","ping_status":"open","sticky":false,"template":"","format":"standard","meta":{"_bbp_topic_count":0,"_bbp_reply_count":0,"_bbp_total_topic_count":0,"_bbp_total_reply_count":0,"_bbp_voice_count":0,"_bbp_anonymous_reply_count":0,"_bbp_topic_count_hidden":0,"_bbp_reply_count_hidden":0,"_bbp_forum_subforum_count":0,"footnotes":""},"categories":[1,29],"tags":[],"class_list":["post-7815","post","type-post","status-publish","format-standard","has-post-thumbnail","hentry","category-general","category-portada"],"post_mailing_queue_ids":[],"_links":{"self":[{"href":"https:\/\/agora.xtec.cat\/iespauclaris\/wp-json\/wp\/v2\/posts\/7815","targetHints":{"allow":["GET"]}}],"collection":[{"href":"https:\/\/agora.xtec.cat\/iespauclaris\/wp-json\/wp\/v2\/posts"}],"about":[{"href":"https:\/\/agora.xtec.cat\/iespauclaris\/wp-json\/wp\/v2\/types\/post"}],"author":[{"embeddable":true,"href":"https:\/\/agora.xtec.cat\/iespauclaris\/wp-json\/wp\/v2\/users\/1"}],"replies":[{"embeddable":true,"href":"https:\/\/agora.xtec.cat\/iespauclaris\/wp-json\/wp\/v2\/comments?post=7815"}],"version-history":[{"count":4,"href":"https:\/\/agora.xtec.cat\/iespauclaris\/wp-json\/wp\/v2\/posts\/7815\/revisions"}],"predecessor-version":[{"id":7820,"href":"https:\/\/agora.xtec.cat\/iespauclaris\/wp-json\/wp\/v2\/posts\/7815\/revisions\/7820"}],"wp:featuredmedia":[{"embeddable":true,"href":"https:\/\/agora.xtec.cat\/iespauclaris\/wp-json\/wp\/v2\/media\/7816"}],"wp:attachment":[{"href":"https:\/\/agora.xtec.cat\/iespauclaris\/wp-json\/wp\/v2\/media?parent=7815"}],"wp:term":[{"taxonomy":"category","embeddable":true,"href":"https:\/\/agora.xtec.cat\/iespauclaris\/wp-json\/wp\/v2\/categories?post=7815"},{"taxonomy":"post_tag","embeddable":true,"href":"https:\/\/agora.xtec.cat\/iespauclaris\/wp-json\/wp\/v2\/tags?post=7815"}],"curies":[{"name":"wp","href":"https:\/\/api.w.org\/{rel}","templated":true}]}}