{"id":7694,"date":"2025-12-16T10:26:00","date_gmt":"2025-12-16T09:26:00","guid":{"rendered":"https:\/\/agora.xtec.cat\/iespauclaris\/?p=7694"},"modified":"2026-01-16T10:43:21","modified_gmt":"2026-01-16T09:43:21","slug":"sortida-al-museo-cosmocaixa","status":"publish","type":"post","link":"https:\/\/agora.xtec.cat\/iespauclaris\/general\/sortida-al-museo-cosmocaixa\/","title":{"rendered":"Sortida al museu Cosmocaixa dins el projecte &#8220;\u00c8tica, Joves i Ci\u00e8ncia&#8221;"},"content":{"rendered":"<div dir=\"ltr\">Aquest dimecres , 10 de desembre, l&#8217;alumnat de 3r ESO de l&#8217;Institut Pau Claris i els seus professors i professores han fet la visita al museu <strong>Cosmocaixa<\/strong> de Barcelona emmarcada dins el projecte <em>&#8220;\u00c8tica, Joves i Ci\u00e8ncia&#8221;<\/em> (Fundaci\u00f3 Catalana per a la Recerca i la Innovaci\u00f3) i que ha servit de tancament a dos mesos plens de coneixement.<\/div>\n<div>Durant aquestes setmanes\u00a0 l&#8217;alumnat ha pogut gaudir de les xerrades de 4 persones cient\u00edfiques\u00a0 que els han apropat a l&#8217;Espai i l&#8217;\u00c8tica.<\/div>\n<div>A classe , despr\u00e9s, hem apr\u00e8s\u00a0a\u00a0 debatre sobre aquests i d&#8217;altres aspectes d&#8217;actualitat i,\u00a0 per \u00faltim,\u00a0 i de manera consensuada , el Mart\u00ed, l&#8217;Alea, l&#8217;Ona, la Mae, la Siena, l&#8217;Anna i la Tina, han debatut al Cosmocaixa junt amb alumnes de 4\u00a0 Instituts m\u00e9s de Barcelona i persones expertes cient\u00edfiques.<\/div>\n<div>Gr\u00e0cies a tots 7\u00a0 alumnes per representar al Pau Claris!<\/div>\n<div>L&#8217;alumna Ana Jaccard ha sigut escollida com a representant final del centre per llegir i explicar les conclusions finals del debat cient\u00edfic a l&#8217;Auditori.<\/div>\n<div>Felicitats, Ana!<\/div>\n<div><\/div>\n<div>\n\n\t\t<style type=\"text\/css\">\n\t\t\t#gallery-1 {\n\t\t\t\tmargin: auto;\n\t\t\t}\n\t\t\t#gallery-1 .gallery-item {\n\t\t\t\tfloat: left;\n\t\t\t\tmargin-top: 10px;\n\t\t\t\ttext-align: center;\n\t\t\t\twidth: 25%;\n\t\t\t}\n\t\t\t#gallery-1 img {\n\t\t\t\tborder: 2px solid #cfcfcf;\n\t\t\t}\n\t\t\t#gallery-1 .gallery-caption {\n\t\t\t\tmargin-left: 0;\n\t\t\t}\n\t\t\t\/* see gallery_shortcode() in wp-includes\/media.php *\/\n\t\t<\/style>\n\t\t<div id='gallery-1' class='gallery galleryid-7694 gallery-columns-4 gallery-size-full'><dl class='gallery-item'>\n\t\t\t<dt class='gallery-icon portrait'>\n\t\t\t\t<a href='https:\/\/agora.xtec.cat\/iespauclaris\/general\/sortida-al-museo-cosmocaixa\/attachment\/20251210_114659\/'><img loading=\"lazy\" decoding=\"async\" width=\"750\" height=\"1000\" src=\"https:\/\/agora.xtec.cat\/iespauclaris\/wp-content\/uploads\/usu835\/2025\/12\/20251210_114659-rotated.jpg\" class=\"attachment-full size-full\" alt=\"\" srcset=\"https:\/\/agora.xtec.cat\/iespauclaris\/wp-content\/uploads\/usu835\/2025\/12\/20251210_114659-rotated.jpg 750w, https:\/\/agora.xtec.cat\/iespauclaris\/wp-content\/uploads\/usu835\/2025\/12\/20251210_114659-225x300.jpg 225w\" sizes=\"auto, (max-width: 750px) 100vw, 750px\" \/><\/a>\n\t\t\t<\/dt><\/dl><dl class='gallery-item'>\n\t\t\t<dt class='gallery-icon portrait'>\n\t\t\t\t<a href='https:\/\/agora.xtec.cat\/iespauclaris\/general\/sortida-al-museo-cosmocaixa\/attachment\/20251210_112340\/'><img loading=\"lazy\" decoding=\"async\" width=\"750\" height=\"1000\" src=\"https:\/\/agora.xtec.cat\/iespauclaris\/wp-content\/uploads\/usu835\/2025\/12\/20251210_112340-rotated.jpg\" class=\"attachment-full size-full\" alt=\"\" srcset=\"https:\/\/agora.xtec.cat\/iespauclaris\/wp-content\/uploads\/usu835\/2025\/12\/20251210_112340-rotated.jpg 750w, https:\/\/agora.xtec.cat\/iespauclaris\/wp-content\/uploads\/usu835\/2025\/12\/20251210_112340-225x300.jpg 225w\" sizes=\"auto, (max-width: 750px) 100vw, 750px\" \/><\/a>\n\t\t\t<\/dt><\/dl><dl class='gallery-item'>\n\t\t\t<dt class='gallery-icon portrait'>\n\t\t\t\t<a href='https:\/\/agora.xtec.cat\/iespauclaris\/general\/sortida-al-museo-cosmocaixa\/attachment\/20251210_132915\/'><img loading=\"lazy\" decoding=\"async\" width=\"750\" height=\"1000\" src=\"https:\/\/agora.xtec.cat\/iespauclaris\/wp-content\/uploads\/usu835\/2025\/12\/20251210_132915-rotated.jpg\" class=\"attachment-full size-full\" alt=\"\" srcset=\"https:\/\/agora.xtec.cat\/iespauclaris\/wp-content\/uploads\/usu835\/2025\/12\/20251210_132915-rotated.jpg 750w, https:\/\/agora.xtec.cat\/iespauclaris\/wp-content\/uploads\/usu835\/2025\/12\/20251210_132915-225x300.jpg 225w\" sizes=\"auto, (max-width: 750px) 100vw, 750px\" \/><\/a>\n\t\t\t<\/dt><\/dl><dl class='gallery-item'>\n\t\t\t<dt class='gallery-icon portrait'>\n\t\t\t\t<a href='https:\/\/agora.xtec.cat\/iespauclaris\/general\/sortida-al-museo-cosmocaixa\/attachment\/20251210_113754\/'><img loading=\"lazy\" decoding=\"async\" width=\"750\" height=\"1000\" src=\"https:\/\/agora.xtec.cat\/iespauclaris\/wp-content\/uploads\/usu835\/2025\/12\/20251210_113754-rotated.jpg\" class=\"attachment-full size-full\" alt=\"\" srcset=\"https:\/\/agora.xtec.cat\/iespauclaris\/wp-content\/uploads\/usu835\/2025\/12\/20251210_113754-rotated.jpg 750w, https:\/\/agora.xtec.cat\/iespauclaris\/wp-content\/uploads\/usu835\/2025\/12\/20251210_113754-225x300.jpg 225w\" sizes=\"auto, (max-width: 750px) 100vw, 750px\" \/><\/a>\n\t\t\t<\/dt><\/dl><br style=\"clear: both\" \/><dl class='gallery-item'>\n\t\t\t<dt class='gallery-icon portrait'>\n\t\t\t\t<a href='https:\/\/agora.xtec.cat\/iespauclaris\/general\/sortida-al-museo-cosmocaixa\/attachment\/20251210_113815\/'><img loading=\"lazy\" decoding=\"async\" width=\"750\" height=\"1000\" src=\"https:\/\/agora.xtec.cat\/iespauclaris\/wp-content\/uploads\/usu835\/2025\/12\/20251210_113815-rotated.jpg\" class=\"attachment-full size-full\" alt=\"\" srcset=\"https:\/\/agora.xtec.cat\/iespauclaris\/wp-content\/uploads\/usu835\/2025\/12\/20251210_113815-rotated.jpg 750w, https:\/\/agora.xtec.cat\/iespauclaris\/wp-content\/uploads\/usu835\/2025\/12\/20251210_113815-225x300.jpg 225w\" sizes=\"auto, (max-width: 750px) 100vw, 750px\" \/><\/a>\n\t\t\t<\/dt><\/dl><dl class='gallery-item'>\n\t\t\t<dt class='gallery-icon portrait'>\n\t\t\t\t<a href='https:\/\/agora.xtec.cat\/iespauclaris\/general\/sortida-al-museo-cosmocaixa\/attachment\/20251210_132708\/'><img loading=\"lazy\" decoding=\"async\" width=\"750\" height=\"1000\" src=\"https:\/\/agora.xtec.cat\/iespauclaris\/wp-content\/uploads\/usu835\/2025\/12\/20251210_132708-rotated.jpg\" class=\"attachment-full size-full\" alt=\"\" srcset=\"https:\/\/agora.xtec.cat\/iespauclaris\/wp-content\/uploads\/usu835\/2025\/12\/20251210_132708-rotated.jpg 750w, https:\/\/agora.xtec.cat\/iespauclaris\/wp-content\/uploads\/usu835\/2025\/12\/20251210_132708-225x300.jpg 225w\" sizes=\"auto, (max-width: 750px) 100vw, 750px\" \/><\/a>\n\t\t\t<\/dt><\/dl><dl class='gallery-item'>\n\t\t\t<dt class='gallery-icon portrait'>\n\t\t\t\t<a href='https:\/\/agora.xtec.cat\/iespauclaris\/general\/sortida-al-museo-cosmocaixa\/attachment\/img-20251210-wa0005\/'><img loading=\"lazy\" decoding=\"async\" width=\"753\" height=\"1000\" src=\"https:\/\/agora.xtec.cat\/iespauclaris\/wp-content\/uploads\/usu835\/2025\/12\/IMG-20251210-WA0005.jpg\" class=\"attachment-full size-full\" alt=\"\" srcset=\"https:\/\/agora.xtec.cat\/iespauclaris\/wp-content\/uploads\/usu835\/2025\/12\/IMG-20251210-WA0005.jpg 753w, https:\/\/agora.xtec.cat\/iespauclaris\/wp-content\/uploads\/usu835\/2025\/12\/IMG-20251210-WA0005-226x300.jpg 226w\" sizes=\"auto, (max-width: 753px) 100vw, 753px\" \/><\/a>\n\t\t\t<\/dt><\/dl>\n\t\t\t<br style='clear: both' \/>\n\t\t<\/div>\n\n<\/div>\n","protected":false},"excerpt":{"rendered":"<p>Aquest dimecres , 10 de desembre, l&#8217;alumnat de 3r ESO de l&#8217;Institut Pau Claris i els seus professors i professores han fet la visita al museu Cosmocaixa de Barcelona emmarcada dins el projecte &#8220;\u00c8tica, Joves i Ci\u00e8ncia&#8221; (Fundaci\u00f3 Catalana per a la Recerca i la&hellip;  <a href=\"https:\/\/agora.xtec.cat\/iespauclaris\/general\/sortida-al-museo-cosmocaixa\/\" title=\"Read Sortida al museu Cosmocaixa dins el projecte &#8220;\u00c8tica, Joves i Ci\u00e8ncia&#8221;\">Llegeix m\u00e9s\u00bb<\/a><\/p>\n","protected":false},"author":1,"featured_media":7696,"comment_status":"closed","ping_status":"open","sticky":false,"template":"","format":"standard","meta":{"_bbp_topic_count":0,"_bbp_reply_count":0,"_bbp_total_topic_count":0,"_bbp_total_reply_count":0,"_bbp_voice_count":0,"_bbp_anonymous_reply_count":0,"_bbp_topic_count_hidden":0,"_bbp_reply_count_hidden":0,"_bbp_forum_subforum_count":0,"footnotes":""},"categories":[3,6,19,20,21,1,29],"tags":[],"class_list":["post-7694","post","type-post","status-publish","format-standard","has-post-thumbnail","hentry","category-eso","category-eso-3","category-eso-3a","category-eso-3b","category-eso-3c","category-general","category-portada"],"post_mailing_queue_ids":[],"_links":{"self":[{"href":"https:\/\/agora.xtec.cat\/iespauclaris\/wp-json\/wp\/v2\/posts\/7694","targetHints":{"allow":["GET"]}}],"collection":[{"href":"https:\/\/agora.xtec.cat\/iespauclaris\/wp-json\/wp\/v2\/posts"}],"about":[{"href":"https:\/\/agora.xtec.cat\/iespauclaris\/wp-json\/wp\/v2\/types\/post"}],"author":[{"embeddable":true,"href":"https:\/\/agora.xtec.cat\/iespauclaris\/wp-json\/wp\/v2\/users\/1"}],"replies":[{"embeddable":true,"href":"https:\/\/agora.xtec.cat\/iespauclaris\/wp-json\/wp\/v2\/comments?post=7694"}],"version-history":[{"count":4,"href":"https:\/\/agora.xtec.cat\/iespauclaris\/wp-json\/wp\/v2\/posts\/7694\/revisions"}],"predecessor-version":[{"id":7703,"href":"https:\/\/agora.xtec.cat\/iespauclaris\/wp-json\/wp\/v2\/posts\/7694\/revisions\/7703"}],"wp:featuredmedia":[{"embeddable":true,"href":"https:\/\/agora.xtec.cat\/iespauclaris\/wp-json\/wp\/v2\/media\/7696"}],"wp:attachment":[{"href":"https:\/\/agora.xtec.cat\/iespauclaris\/wp-json\/wp\/v2\/media?parent=7694"}],"wp:term":[{"taxonomy":"category","embeddable":true,"href":"https:\/\/agora.xtec.cat\/iespauclaris\/wp-json\/wp\/v2\/categories?post=7694"},{"taxonomy":"post_tag","embeddable":true,"href":"https:\/\/agora.xtec.cat\/iespauclaris\/wp-json\/wp\/v2\/tags?post=7694"}],"curies":[{"name":"wp","href":"https:\/\/api.w.org\/{rel}","templated":true}]}}