{"id":7654,"date":"2025-12-09T09:29:23","date_gmt":"2025-12-09T08:29:23","guid":{"rendered":"https:\/\/agora.xtec.cat\/iespauclaris\/?p=7654"},"modified":"2025-12-09T09:29:23","modified_gmt":"2025-12-09T08:29:23","slug":"coneixent-la-bonne","status":"publish","type":"post","link":"https:\/\/agora.xtec.cat\/iespauclaris\/general\/coneixent-la-bonne\/","title":{"rendered":"Coneixent La Bonne!"},"content":{"rendered":"<div dir=\"auto\">L&#8217;alumnat de Cultura Audiovisual de 1rBAT ha visitat\u00a0<a href=\"https:\/\/labonne.org\/\" target=\"_blank\" rel=\"noopener\" data-saferedirecturl=\"https:\/\/www.google.com\/url?q=https:\/\/labonne.org\/&amp;source=gmail&amp;ust=1765354113743000&amp;usg=AOvVaw1VVrRnJPfcaQYRMOmaGriW\">La Bonne<\/a>\u00a0el passat divendres 5 de desembre. L&#8217;activitat va consistir en apropar-nos a un equipament de l&#8217;entorn i con\u00e8ixer&#8217;l a fons, ja que ser\u00e0 el lloc on farem la projecci\u00f3 p\u00fablica del cineclub que estem preparant en el projecte Visions Perif\u00e8riques (amb Drac M\u00e0gic). Vam poder visitar les seves instal\u00b7lacions, l&#8217;estudi de r\u00e0dio Paquita, l&#8217;auditori, etc.<\/div>\n<div dir=\"auto\">La Bonne \u00e9s un espai que t\u00e9 molta\u00a0<a href=\"https:\/\/labonne.org\/la-bonne\/historia-context\/\" target=\"_blank\" rel=\"noopener\" data-saferedirecturl=\"https:\/\/www.google.com\/url?q=https:\/\/labonne.org\/la-bonne\/historia-context\/&amp;source=gmail&amp;ust=1765354113744000&amp;usg=AOvVaw0YrVmA43H8WaBghj8t8MGr\">hist\u00f2ria<\/a>, ja que a principis del segle XX, la pedagoga Francesca Bonnemaison hi va fundar la primera biblioteca p\u00fablica de dones de tota Europa. I despr\u00e9s tamb\u00e9 hi va fundar l&#8217;institut de Cultura Popular. Actualment, es defineix com &#8220;un viver de producci\u00f3, cocreaci\u00f3 i difusi\u00f3 de projectes feministes que treballa amb especialitat els \u00e0mbits audiovisual i perform\u00e0tic.&#8221;<\/div>\n<div dir=\"auto\">\n\n\t\t<style type=\"text\/css\">\n\t\t\t#gallery-1 {\n\t\t\t\tmargin: auto;\n\t\t\t}\n\t\t\t#gallery-1 .gallery-item {\n\t\t\t\tfloat: left;\n\t\t\t\tmargin-top: 10px;\n\t\t\t\ttext-align: center;\n\t\t\t\twidth: 33%;\n\t\t\t}\n\t\t\t#gallery-1 img {\n\t\t\t\tborder: 2px solid #cfcfcf;\n\t\t\t}\n\t\t\t#gallery-1 .gallery-caption {\n\t\t\t\tmargin-left: 0;\n\t\t\t}\n\t\t\t\/* see gallery_shortcode() in wp-includes\/media.php *\/\n\t\t<\/style>\n\t\t<div id='gallery-1' class='gallery galleryid-7654 gallery-columns-3 gallery-size-full'><dl class='gallery-item'>\n\t\t\t<dt class='gallery-icon landscape'>\n\t\t\t\t<a href='https:\/\/agora.xtec.cat\/iespauclaris\/general\/coneixent-la-bonne\/attachment\/1765021618648-2\/'><img loading=\"lazy\" decoding=\"async\" width=\"1349\" height=\"1000\" src=\"https:\/\/agora.xtec.cat\/iespauclaris\/wp-content\/uploads\/usu835\/2025\/12\/1765021618648-1.jpg\" class=\"attachment-full size-full\" alt=\"\" srcset=\"https:\/\/agora.xtec.cat\/iespauclaris\/wp-content\/uploads\/usu835\/2025\/12\/1765021618648-1.jpg 1349w, https:\/\/agora.xtec.cat\/iespauclaris\/wp-content\/uploads\/usu835\/2025\/12\/1765021618648-1-300x222.jpg 300w, https:\/\/agora.xtec.cat\/iespauclaris\/wp-content\/uploads\/usu835\/2025\/12\/1765021618648-1-1024x759.jpg 1024w, https:\/\/agora.xtec.cat\/iespauclaris\/wp-content\/uploads\/usu835\/2025\/12\/1765021618648-1-768x569.jpg 768w\" sizes=\"auto, (max-width: 1349px) 100vw, 1349px\" \/><\/a>\n\t\t\t<\/dt><\/dl><dl class='gallery-item'>\n\t\t\t<dt class='gallery-icon landscape'>\n\t\t\t\t<a href='https:\/\/agora.xtec.cat\/iespauclaris\/general\/coneixent-la-bonne\/attachment\/1765021618662-2\/'><img loading=\"lazy\" decoding=\"async\" width=\"1332\" height=\"1000\" src=\"https:\/\/agora.xtec.cat\/iespauclaris\/wp-content\/uploads\/usu835\/2025\/12\/1765021618662-1.jpg\" class=\"attachment-full size-full\" alt=\"\" srcset=\"https:\/\/agora.xtec.cat\/iespauclaris\/wp-content\/uploads\/usu835\/2025\/12\/1765021618662-1.jpg 1332w, https:\/\/agora.xtec.cat\/iespauclaris\/wp-content\/uploads\/usu835\/2025\/12\/1765021618662-1-300x225.jpg 300w, https:\/\/agora.xtec.cat\/iespauclaris\/wp-content\/uploads\/usu835\/2025\/12\/1765021618662-1-1024x769.jpg 1024w, https:\/\/agora.xtec.cat\/iespauclaris\/wp-content\/uploads\/usu835\/2025\/12\/1765021618662-1-768x577.jpg 768w, https:\/\/agora.xtec.cat\/iespauclaris\/wp-content\/uploads\/usu835\/2025\/12\/1765021618662-1-200x150.jpg 200w\" sizes=\"auto, (max-width: 1332px) 100vw, 1332px\" \/><\/a>\n\t\t\t<\/dt><\/dl><dl class='gallery-item'>\n\t\t\t<dt class='gallery-icon landscape'>\n\t\t\t\t<a href='https:\/\/agora.xtec.cat\/iespauclaris\/general\/coneixent-la-bonne\/attachment\/1765021618677-2\/'><img loading=\"lazy\" decoding=\"async\" width=\"1332\" height=\"1000\" src=\"https:\/\/agora.xtec.cat\/iespauclaris\/wp-content\/uploads\/usu835\/2025\/12\/1765021618677-1.jpg\" class=\"attachment-full size-full\" alt=\"\" srcset=\"https:\/\/agora.xtec.cat\/iespauclaris\/wp-content\/uploads\/usu835\/2025\/12\/1765021618677-1.jpg 1332w, https:\/\/agora.xtec.cat\/iespauclaris\/wp-content\/uploads\/usu835\/2025\/12\/1765021618677-1-300x225.jpg 300w, https:\/\/agora.xtec.cat\/iespauclaris\/wp-content\/uploads\/usu835\/2025\/12\/1765021618677-1-1024x769.jpg 1024w, https:\/\/agora.xtec.cat\/iespauclaris\/wp-content\/uploads\/usu835\/2025\/12\/1765021618677-1-768x577.jpg 768w, https:\/\/agora.xtec.cat\/iespauclaris\/wp-content\/uploads\/usu835\/2025\/12\/1765021618677-1-200x150.jpg 200w\" sizes=\"auto, (max-width: 1332px) 100vw, 1332px\" \/><\/a>\n\t\t\t<\/dt><\/dl><br style=\"clear: both\" \/><dl class='gallery-item'>\n\t\t\t<dt class='gallery-icon landscape'>\n\t\t\t\t<a href='https:\/\/agora.xtec.cat\/iespauclaris\/general\/coneixent-la-bonne\/attachment\/1765021618691-2\/'><img loading=\"lazy\" decoding=\"async\" width=\"1332\" height=\"1000\" src=\"https:\/\/agora.xtec.cat\/iespauclaris\/wp-content\/uploads\/usu835\/2025\/12\/1765021618691-1.jpg\" class=\"attachment-full size-full\" alt=\"\" srcset=\"https:\/\/agora.xtec.cat\/iespauclaris\/wp-content\/uploads\/usu835\/2025\/12\/1765021618691-1.jpg 1332w, https:\/\/agora.xtec.cat\/iespauclaris\/wp-content\/uploads\/usu835\/2025\/12\/1765021618691-1-300x225.jpg 300w, https:\/\/agora.xtec.cat\/iespauclaris\/wp-content\/uploads\/usu835\/2025\/12\/1765021618691-1-1024x769.jpg 1024w, https:\/\/agora.xtec.cat\/iespauclaris\/wp-content\/uploads\/usu835\/2025\/12\/1765021618691-1-768x577.jpg 768w, https:\/\/agora.xtec.cat\/iespauclaris\/wp-content\/uploads\/usu835\/2025\/12\/1765021618691-1-200x150.jpg 200w\" sizes=\"auto, (max-width: 1332px) 100vw, 1332px\" \/><\/a>\n\t\t\t<\/dt><\/dl><dl class='gallery-item'>\n\t\t\t<dt class='gallery-icon landscape'>\n\t\t\t\t<a href='https:\/\/agora.xtec.cat\/iespauclaris\/general\/coneixent-la-bonne\/attachment\/1765021618630-2\/'><img loading=\"lazy\" decoding=\"async\" width=\"1709\" height=\"1000\" src=\"https:\/\/agora.xtec.cat\/iespauclaris\/wp-content\/uploads\/usu835\/2025\/12\/1765021618630-1.jpg\" class=\"attachment-full size-full\" alt=\"\" srcset=\"https:\/\/agora.xtec.cat\/iespauclaris\/wp-content\/uploads\/usu835\/2025\/12\/1765021618630-1.jpg 1709w, https:\/\/agora.xtec.cat\/iespauclaris\/wp-content\/uploads\/usu835\/2025\/12\/1765021618630-1-300x176.jpg 300w, https:\/\/agora.xtec.cat\/iespauclaris\/wp-content\/uploads\/usu835\/2025\/12\/1765021618630-1-1024x599.jpg 1024w, https:\/\/agora.xtec.cat\/iespauclaris\/wp-content\/uploads\/usu835\/2025\/12\/1765021618630-1-768x449.jpg 768w, https:\/\/agora.xtec.cat\/iespauclaris\/wp-content\/uploads\/usu835\/2025\/12\/1765021618630-1-1536x899.jpg 1536w\" sizes=\"auto, (max-width: 1709px) 100vw, 1709px\" \/><\/a>\n\t\t\t<\/dt><\/dl>\n\t\t\t<br style='clear: both' \/>\n\t\t<\/div>\n\n<\/div>\n","protected":false},"excerpt":{"rendered":"<p>L&#8217;alumnat de Cultura Audiovisual de 1rBAT ha visitat\u00a0<a href=\"https:\/\/labonne.org\/\" target=\"_blank\" rel=\"noopener\" data-saferedirecturl=\"https:\/\/www.google.com\/url?q=https:\/\/labonne.org\/&amp;source=gmail&amp;ust=1765354113743000&amp;usg=AOvVaw1VVrRnJPfcaQYRMOmaGriW\">La Bonne<\/a>\u00a0el passat divendres 5 de desembre. L&#8217;activitat va consistir en apropar-nos a un equipament de l&#8217;entorn i con\u00e8ixer&#8217;l a fons, ja que ser\u00e0 el lloc on farem la projecci\u00f3 p\u00fablica del cineclub que&hellip;  <a href=\"https:\/\/agora.xtec.cat\/iespauclaris\/general\/coneixent-la-bonne\/\" title=\"Read Coneixent La Bonne!\">Llegeix m\u00e9s\u00bb<\/a><\/p>\n","protected":false},"author":1,"featured_media":7664,"comment_status":"closed","ping_status":"open","sticky":false,"template":"","format":"standard","meta":{"_bbp_topic_count":0,"_bbp_reply_count":0,"_bbp_total_topic_count":0,"_bbp_total_reply_count":0,"_bbp_voice_count":0,"_bbp_anonymous_reply_count":0,"_bbp_topic_count_hidden":0,"_bbp_reply_count_hidden":0,"_bbp_forum_subforum_count":0,"footnotes":""},"categories":[8,1,29],"tags":[],"class_list":["post-7654","post","type-post","status-publish","format-standard","has-post-thumbnail","hentry","category-batxillerat","category-general","category-portada"],"post_mailing_queue_ids":[],"_links":{"self":[{"href":"https:\/\/agora.xtec.cat\/iespauclaris\/wp-json\/wp\/v2\/posts\/7654","targetHints":{"allow":["GET"]}}],"collection":[{"href":"https:\/\/agora.xtec.cat\/iespauclaris\/wp-json\/wp\/v2\/posts"}],"about":[{"href":"https:\/\/agora.xtec.cat\/iespauclaris\/wp-json\/wp\/v2\/types\/post"}],"author":[{"embeddable":true,"href":"https:\/\/agora.xtec.cat\/iespauclaris\/wp-json\/wp\/v2\/users\/1"}],"replies":[{"embeddable":true,"href":"https:\/\/agora.xtec.cat\/iespauclaris\/wp-json\/wp\/v2\/comments?post=7654"}],"version-history":[{"count":2,"href":"https:\/\/agora.xtec.cat\/iespauclaris\/wp-json\/wp\/v2\/posts\/7654\/revisions"}],"predecessor-version":[{"id":7666,"href":"https:\/\/agora.xtec.cat\/iespauclaris\/wp-json\/wp\/v2\/posts\/7654\/revisions\/7666"}],"wp:featuredmedia":[{"embeddable":true,"href":"https:\/\/agora.xtec.cat\/iespauclaris\/wp-json\/wp\/v2\/media\/7664"}],"wp:attachment":[{"href":"https:\/\/agora.xtec.cat\/iespauclaris\/wp-json\/wp\/v2\/media?parent=7654"}],"wp:term":[{"taxonomy":"category","embeddable":true,"href":"https:\/\/agora.xtec.cat\/iespauclaris\/wp-json\/wp\/v2\/categories?post=7654"},{"taxonomy":"post_tag","embeddable":true,"href":"https:\/\/agora.xtec.cat\/iespauclaris\/wp-json\/wp\/v2\/tags?post=7654"}],"curies":[{"name":"wp","href":"https:\/\/api.w.org\/{rel}","templated":true}]}}