{"id":7646,"date":"2025-12-09T09:18:03","date_gmt":"2025-12-09T08:18:03","guid":{"rendered":"https:\/\/agora.xtec.cat\/iespauclaris\/?p=7646"},"modified":"2025-12-09T09:18:03","modified_gmt":"2025-12-09T08:18:03","slug":"xerrada-1r-i-2n-bat","status":"publish","type":"post","link":"https:\/\/agora.xtec.cat\/iespauclaris\/general\/xerrada-1r-i-2n-bat\/","title":{"rendered":"Xerrada 1r i 2n BAT"},"content":{"rendered":"<div dir=\"auto\">El psic\u00f2leg Arnau Carmona de l&#8217;hospital Sant Joan de D\u00e9u (Barcelona) ha vingut a fer una xerrada a 1r i 2n de Batxillerat sobre prevenci\u00f3 del suicidi.<\/div>\n<div dir=\"auto\">Malauradament, \u00e9s un tema d&#8217;actualitat absoluta. Per aix\u00f2, \u00e9s necessari ajudar el jovent a detectar les possibles causes i senyals d&#8217;alarma, facilitar consells que ajudin al benestar emocional i, sobretot, oferir els tel\u00e8fons i serveis gratu\u00efts d&#8217;atenci\u00f3 per a conductes su\u00efcides.<\/div>\n<div dir=\"auto\"><\/div>\n<div dir=\"auto\">\n\n\t\t<style type=\"text\/css\">\n\t\t\t#gallery-1 {\n\t\t\t\tmargin: auto;\n\t\t\t}\n\t\t\t#gallery-1 .gallery-item {\n\t\t\t\tfloat: left;\n\t\t\t\tmargin-top: 10px;\n\t\t\t\ttext-align: center;\n\t\t\t\twidth: 50%;\n\t\t\t}\n\t\t\t#gallery-1 img {\n\t\t\t\tborder: 2px solid #cfcfcf;\n\t\t\t}\n\t\t\t#gallery-1 .gallery-caption {\n\t\t\t\tmargin-left: 0;\n\t\t\t}\n\t\t\t\/* see gallery_shortcode() in wp-includes\/media.php *\/\n\t\t<\/style>\n\t\t<div id='gallery-1' class='gallery galleryid-7646 gallery-columns-2 gallery-size-full'><dl class='gallery-item'>\n\t\t\t<dt class='gallery-icon landscape'>\n\t\t\t\t<a href='https:\/\/agora.xtec.cat\/iespauclaris\/general\/xerrada-1r-i-2n-bat\/attachment\/1000158495\/'><img loading=\"lazy\" decoding=\"async\" width=\"1778\" height=\"1000\" src=\"https:\/\/agora.xtec.cat\/iespauclaris\/wp-content\/uploads\/usu835\/2025\/12\/1000158495.jpg\" class=\"attachment-full size-full\" alt=\"\" srcset=\"https:\/\/agora.xtec.cat\/iespauclaris\/wp-content\/uploads\/usu835\/2025\/12\/1000158495.jpg 1778w, https:\/\/agora.xtec.cat\/iespauclaris\/wp-content\/uploads\/usu835\/2025\/12\/1000158495-300x169.jpg 300w, https:\/\/agora.xtec.cat\/iespauclaris\/wp-content\/uploads\/usu835\/2025\/12\/1000158495-1024x576.jpg 1024w, https:\/\/agora.xtec.cat\/iespauclaris\/wp-content\/uploads\/usu835\/2025\/12\/1000158495-768x432.jpg 768w, https:\/\/agora.xtec.cat\/iespauclaris\/wp-content\/uploads\/usu835\/2025\/12\/1000158495-1536x864.jpg 1536w\" sizes=\"auto, (max-width: 1778px) 100vw, 1778px\" \/><\/a>\n\t\t\t<\/dt><\/dl><dl class='gallery-item'>\n\t\t\t<dt class='gallery-icon landscape'>\n\t\t\t\t<a href='https:\/\/agora.xtec.cat\/iespauclaris\/general\/xerrada-1r-i-2n-bat\/attachment\/1000158497\/'><img loading=\"lazy\" decoding=\"async\" width=\"1778\" height=\"1000\" src=\"https:\/\/agora.xtec.cat\/iespauclaris\/wp-content\/uploads\/usu835\/2025\/12\/1000158497.jpg\" class=\"attachment-full size-full\" alt=\"\" srcset=\"https:\/\/agora.xtec.cat\/iespauclaris\/wp-content\/uploads\/usu835\/2025\/12\/1000158497.jpg 1778w, https:\/\/agora.xtec.cat\/iespauclaris\/wp-content\/uploads\/usu835\/2025\/12\/1000158497-300x169.jpg 300w, https:\/\/agora.xtec.cat\/iespauclaris\/wp-content\/uploads\/usu835\/2025\/12\/1000158497-1024x576.jpg 1024w, https:\/\/agora.xtec.cat\/iespauclaris\/wp-content\/uploads\/usu835\/2025\/12\/1000158497-768x432.jpg 768w, https:\/\/agora.xtec.cat\/iespauclaris\/wp-content\/uploads\/usu835\/2025\/12\/1000158497-1536x864.jpg 1536w\" sizes=\"auto, (max-width: 1778px) 100vw, 1778px\" \/><\/a>\n\t\t\t<\/dt><\/dl><br style=\"clear: both\" \/><dl class='gallery-item'>\n\t\t\t<dt class='gallery-icon landscape'>\n\t\t\t\t<a href='https:\/\/agora.xtec.cat\/iespauclaris\/general\/xerrada-1r-i-2n-bat\/attachment\/1000158501\/'><img loading=\"lazy\" decoding=\"async\" width=\"1778\" height=\"1000\" src=\"https:\/\/agora.xtec.cat\/iespauclaris\/wp-content\/uploads\/usu835\/2025\/12\/1000158501.jpg\" class=\"attachment-full size-full\" alt=\"\" srcset=\"https:\/\/agora.xtec.cat\/iespauclaris\/wp-content\/uploads\/usu835\/2025\/12\/1000158501.jpg 1778w, https:\/\/agora.xtec.cat\/iespauclaris\/wp-content\/uploads\/usu835\/2025\/12\/1000158501-300x169.jpg 300w, https:\/\/agora.xtec.cat\/iespauclaris\/wp-content\/uploads\/usu835\/2025\/12\/1000158501-1024x576.jpg 1024w, https:\/\/agora.xtec.cat\/iespauclaris\/wp-content\/uploads\/usu835\/2025\/12\/1000158501-768x432.jpg 768w, https:\/\/agora.xtec.cat\/iespauclaris\/wp-content\/uploads\/usu835\/2025\/12\/1000158501-1536x864.jpg 1536w\" sizes=\"auto, (max-width: 1778px) 100vw, 1778px\" \/><\/a>\n\t\t\t<\/dt><\/dl><dl class='gallery-item'>\n\t\t\t<dt class='gallery-icon landscape'>\n\t\t\t\t<a href='https:\/\/agora.xtec.cat\/iespauclaris\/general\/xerrada-1r-i-2n-bat\/attachment\/1000158505\/'><img loading=\"lazy\" decoding=\"async\" width=\"1778\" height=\"1000\" src=\"https:\/\/agora.xtec.cat\/iespauclaris\/wp-content\/uploads\/usu835\/2025\/12\/1000158505.jpg\" class=\"attachment-full size-full\" alt=\"\" srcset=\"https:\/\/agora.xtec.cat\/iespauclaris\/wp-content\/uploads\/usu835\/2025\/12\/1000158505.jpg 1778w, https:\/\/agora.xtec.cat\/iespauclaris\/wp-content\/uploads\/usu835\/2025\/12\/1000158505-300x169.jpg 300w, https:\/\/agora.xtec.cat\/iespauclaris\/wp-content\/uploads\/usu835\/2025\/12\/1000158505-1024x576.jpg 1024w, https:\/\/agora.xtec.cat\/iespauclaris\/wp-content\/uploads\/usu835\/2025\/12\/1000158505-768x432.jpg 768w, https:\/\/agora.xtec.cat\/iespauclaris\/wp-content\/uploads\/usu835\/2025\/12\/1000158505-1536x864.jpg 1536w\" sizes=\"auto, (max-width: 1778px) 100vw, 1778px\" \/><\/a>\n\t\t\t<\/dt><\/dl><br style=\"clear: both\" \/>\n\t\t<\/div>\n\n<\/div>\n","protected":false},"excerpt":{"rendered":"<p>El psic\u00f2leg Arnau Carmona de l&#8217;hospital Sant Joan de D\u00e9u (Barcelona) ha vingut a fer una xerrada a 1r i 2n de Batxillerat sobre prevenci\u00f3 del suicidi.<br \/>\nMalauradament, \u00e9s un tema d&#8217;actualitat absoluta. Per aix\u00f2, \u00e9s necessari ajudar el jovent a detectar les possibles causes i&hellip;  <a href=\"https:\/\/agora.xtec.cat\/iespauclaris\/general\/xerrada-1r-i-2n-bat\/\" title=\"Read Xerrada 1r i 2n BAT\">Llegeix m\u00e9s\u00bb<\/a><\/p>\n","protected":false},"author":1,"featured_media":7647,"comment_status":"closed","ping_status":"open","sticky":false,"template":"","format":"standard","meta":{"_bbp_topic_count":0,"_bbp_reply_count":0,"_bbp_total_topic_count":0,"_bbp_total_reply_count":0,"_bbp_voice_count":0,"_bbp_anonymous_reply_count":0,"_bbp_topic_count_hidden":0,"_bbp_reply_count_hidden":0,"_bbp_forum_subforum_count":0,"footnotes":""},"categories":[8,1,29],"tags":[],"class_list":["post-7646","post","type-post","status-publish","format-standard","has-post-thumbnail","hentry","category-batxillerat","category-general","category-portada"],"post_mailing_queue_ids":[],"_links":{"self":[{"href":"https:\/\/agora.xtec.cat\/iespauclaris\/wp-json\/wp\/v2\/posts\/7646","targetHints":{"allow":["GET"]}}],"collection":[{"href":"https:\/\/agora.xtec.cat\/iespauclaris\/wp-json\/wp\/v2\/posts"}],"about":[{"href":"https:\/\/agora.xtec.cat\/iespauclaris\/wp-json\/wp\/v2\/types\/post"}],"author":[{"embeddable":true,"href":"https:\/\/agora.xtec.cat\/iespauclaris\/wp-json\/wp\/v2\/users\/1"}],"replies":[{"embeddable":true,"href":"https:\/\/agora.xtec.cat\/iespauclaris\/wp-json\/wp\/v2\/comments?post=7646"}],"version-history":[{"count":2,"href":"https:\/\/agora.xtec.cat\/iespauclaris\/wp-json\/wp\/v2\/posts\/7646\/revisions"}],"predecessor-version":[{"id":7653,"href":"https:\/\/agora.xtec.cat\/iespauclaris\/wp-json\/wp\/v2\/posts\/7646\/revisions\/7653"}],"wp:featuredmedia":[{"embeddable":true,"href":"https:\/\/agora.xtec.cat\/iespauclaris\/wp-json\/wp\/v2\/media\/7647"}],"wp:attachment":[{"href":"https:\/\/agora.xtec.cat\/iespauclaris\/wp-json\/wp\/v2\/media?parent=7646"}],"wp:term":[{"taxonomy":"category","embeddable":true,"href":"https:\/\/agora.xtec.cat\/iespauclaris\/wp-json\/wp\/v2\/categories?post=7646"},{"taxonomy":"post_tag","embeddable":true,"href":"https:\/\/agora.xtec.cat\/iespauclaris\/wp-json\/wp\/v2\/tags?post=7646"}],"curies":[{"name":"wp","href":"https:\/\/api.w.org\/{rel}","templated":true}]}}