{"id":7636,"date":"2025-12-02T09:25:20","date_gmt":"2025-12-02T08:25:20","guid":{"rendered":"https:\/\/agora.xtec.cat\/iespauclaris\/?p=7636"},"modified":"2026-02-03T16:16:21","modified_gmt":"2026-02-03T15:16:21","slug":"tarsius-al-tnc","status":"publish","type":"post","link":"https:\/\/agora.xtec.cat\/iespauclaris\/general\/tarsius-al-tnc\/","title":{"rendered":"Tarsius al TNC"},"content":{"rendered":"<p>Aquest mes, els alumnes de 3r i 4t d\u2019ESO han visitat el TNC per assistir a l\u2019obra <em data-start=\"82\" data-end=\"91\">Tarsius<\/em>, un espectacle impactant que aborda les conductes autolesives i el su\u00efcidi en l\u2019adolesc\u00e8ncia. La representaci\u00f3 va generar moments de reflexi\u00f3 profunda i debat entre l\u2019alumnat, fomentant la consci\u00e8ncia sobre la salut emocional i la import\u00e0ncia de demanar ajuda quan cal. Va ser una experi\u00e8ncia intensa i educativa que va permetre als joves connectar amb temes socials i personals de gran rellev\u00e0ncia.<\/p>\n\n\t\t<style type=\"text\/css\">\n\t\t\t#gallery-1 {\n\t\t\t\tmargin: auto;\n\t\t\t}\n\t\t\t#gallery-1 .gallery-item {\n\t\t\t\tfloat: left;\n\t\t\t\tmargin-top: 10px;\n\t\t\t\ttext-align: center;\n\t\t\t\twidth: 33%;\n\t\t\t}\n\t\t\t#gallery-1 img {\n\t\t\t\tborder: 2px solid #cfcfcf;\n\t\t\t}\n\t\t\t#gallery-1 .gallery-caption {\n\t\t\t\tmargin-left: 0;\n\t\t\t}\n\t\t\t\/* see gallery_shortcode() in wp-includes\/media.php *\/\n\t\t<\/style>\n\t\t<div id='gallery-1' class='gallery galleryid-7636 gallery-columns-3 gallery-size-full'><dl class='gallery-item'>\n\t\t\t<dt class='gallery-icon landscape'>\n\t\t\t\t<a href='https:\/\/agora.xtec.cat\/iespauclaris\/general\/tarsius-al-tnc\/attachment\/img_1369\/'><img loading=\"lazy\" decoding=\"async\" width=\"1333\" height=\"1000\" src=\"https:\/\/agora.xtec.cat\/iespauclaris\/wp-content\/uploads\/usu835\/2025\/12\/IMG_1369.jpg\" class=\"attachment-full size-full\" alt=\"\" srcset=\"https:\/\/agora.xtec.cat\/iespauclaris\/wp-content\/uploads\/usu835\/2025\/12\/IMG_1369.jpg 1333w, https:\/\/agora.xtec.cat\/iespauclaris\/wp-content\/uploads\/usu835\/2025\/12\/IMG_1369-300x225.jpg 300w, https:\/\/agora.xtec.cat\/iespauclaris\/wp-content\/uploads\/usu835\/2025\/12\/IMG_1369-1024x768.jpg 1024w, https:\/\/agora.xtec.cat\/iespauclaris\/wp-content\/uploads\/usu835\/2025\/12\/IMG_1369-768x576.jpg 768w, https:\/\/agora.xtec.cat\/iespauclaris\/wp-content\/uploads\/usu835\/2025\/12\/IMG_1369-200x150.jpg 200w\" sizes=\"auto, (max-width: 1333px) 100vw, 1333px\" \/><\/a>\n\t\t\t<\/dt><\/dl><dl class='gallery-item'>\n\t\t\t<dt class='gallery-icon landscape'>\n\t\t\t\t<a href='https:\/\/agora.xtec.cat\/iespauclaris\/general\/tarsius-al-tnc\/attachment\/img_1368\/'><img loading=\"lazy\" decoding=\"async\" width=\"1333\" height=\"1000\" src=\"https:\/\/agora.xtec.cat\/iespauclaris\/wp-content\/uploads\/usu835\/2025\/12\/IMG_1368.jpg\" class=\"attachment-full size-full\" alt=\"\" srcset=\"https:\/\/agora.xtec.cat\/iespauclaris\/wp-content\/uploads\/usu835\/2025\/12\/IMG_1368.jpg 1333w, https:\/\/agora.xtec.cat\/iespauclaris\/wp-content\/uploads\/usu835\/2025\/12\/IMG_1368-300x225.jpg 300w, https:\/\/agora.xtec.cat\/iespauclaris\/wp-content\/uploads\/usu835\/2025\/12\/IMG_1368-1024x768.jpg 1024w, https:\/\/agora.xtec.cat\/iespauclaris\/wp-content\/uploads\/usu835\/2025\/12\/IMG_1368-768x576.jpg 768w, https:\/\/agora.xtec.cat\/iespauclaris\/wp-content\/uploads\/usu835\/2025\/12\/IMG_1368-200x150.jpg 200w\" sizes=\"auto, (max-width: 1333px) 100vw, 1333px\" \/><\/a>\n\t\t\t<\/dt><\/dl><dl class='gallery-item'>\n\t\t\t<dt class='gallery-icon landscape'>\n\t\t\t\t<a href='https:\/\/agora.xtec.cat\/iespauclaris\/general\/tarsius-al-tnc\/attachment\/img_1367-1\/'><img loading=\"lazy\" decoding=\"async\" width=\"1333\" height=\"1000\" src=\"https:\/\/agora.xtec.cat\/iespauclaris\/wp-content\/uploads\/usu835\/2025\/12\/IMG_1367-1.jpg\" class=\"attachment-full size-full\" alt=\"\" srcset=\"https:\/\/agora.xtec.cat\/iespauclaris\/wp-content\/uploads\/usu835\/2025\/12\/IMG_1367-1.jpg 1333w, https:\/\/agora.xtec.cat\/iespauclaris\/wp-content\/uploads\/usu835\/2025\/12\/IMG_1367-1-300x225.jpg 300w, https:\/\/agora.xtec.cat\/iespauclaris\/wp-content\/uploads\/usu835\/2025\/12\/IMG_1367-1-1024x768.jpg 1024w, https:\/\/agora.xtec.cat\/iespauclaris\/wp-content\/uploads\/usu835\/2025\/12\/IMG_1367-1-768x576.jpg 768w, https:\/\/agora.xtec.cat\/iespauclaris\/wp-content\/uploads\/usu835\/2025\/12\/IMG_1367-1-200x150.jpg 200w\" sizes=\"auto, (max-width: 1333px) 100vw, 1333px\" \/><\/a>\n\t\t\t<\/dt><\/dl><br style=\"clear: both\" \/>\n\t\t<\/div>\n\n","protected":false},"excerpt":{"rendered":"<p>Aquest mes, els alumnes de 3r i 4t d\u2019ESO han visitat el TNC per assistir a l\u2019obra Tarsius, un espectacle impactant que aborda les conductes autolesives i el su\u00efcidi en l\u2019adolesc\u00e8ncia. La representaci\u00f3 va generar moments de reflexi\u00f3 profunda i debat entre l\u2019alumnat, fomentant la&hellip;  <a href=\"https:\/\/agora.xtec.cat\/iespauclaris\/general\/tarsius-al-tnc\/\" title=\"Read Tarsius al TNC\">Llegeix m\u00e9s\u00bb<\/a><\/p>\n","protected":false},"author":1,"featured_media":7639,"comment_status":"closed","ping_status":"open","sticky":false,"template":"","format":"standard","meta":{"_bbp_topic_count":0,"_bbp_reply_count":0,"_bbp_total_topic_count":0,"_bbp_total_reply_count":0,"_bbp_voice_count":0,"_bbp_anonymous_reply_count":0,"_bbp_topic_count_hidden":0,"_bbp_reply_count_hidden":0,"_bbp_forum_subforum_count":0,"footnotes":""},"categories":[3,6,19,20,21,7,24,25,26,1,29],"tags":[],"class_list":["post-7636","post","type-post","status-publish","format-standard","has-post-thumbnail","hentry","category-eso","category-eso-3","category-eso-3a","category-eso-3b","category-eso-3c","category-eso-4","category-eso-4a","category-eso-4b","category-eso-4c","category-general","category-portada"],"post_mailing_queue_ids":[],"_links":{"self":[{"href":"https:\/\/agora.xtec.cat\/iespauclaris\/wp-json\/wp\/v2\/posts\/7636","targetHints":{"allow":["GET"]}}],"collection":[{"href":"https:\/\/agora.xtec.cat\/iespauclaris\/wp-json\/wp\/v2\/posts"}],"about":[{"href":"https:\/\/agora.xtec.cat\/iespauclaris\/wp-json\/wp\/v2\/types\/post"}],"author":[{"embeddable":true,"href":"https:\/\/agora.xtec.cat\/iespauclaris\/wp-json\/wp\/v2\/users\/1"}],"replies":[{"embeddable":true,"href":"https:\/\/agora.xtec.cat\/iespauclaris\/wp-json\/wp\/v2\/comments?post=7636"}],"version-history":[{"count":5,"href":"https:\/\/agora.xtec.cat\/iespauclaris\/wp-json\/wp\/v2\/posts\/7636\/revisions"}],"predecessor-version":[{"id":7770,"href":"https:\/\/agora.xtec.cat\/iespauclaris\/wp-json\/wp\/v2\/posts\/7636\/revisions\/7770"}],"wp:featuredmedia":[{"embeddable":true,"href":"https:\/\/agora.xtec.cat\/iespauclaris\/wp-json\/wp\/v2\/media\/7639"}],"wp:attachment":[{"href":"https:\/\/agora.xtec.cat\/iespauclaris\/wp-json\/wp\/v2\/media?parent=7636"}],"wp:term":[{"taxonomy":"category","embeddable":true,"href":"https:\/\/agora.xtec.cat\/iespauclaris\/wp-json\/wp\/v2\/categories?post=7636"},{"taxonomy":"post_tag","embeddable":true,"href":"https:\/\/agora.xtec.cat\/iespauclaris\/wp-json\/wp\/v2\/tags?post=7636"}],"curies":[{"name":"wp","href":"https:\/\/api.w.org\/{rel}","templated":true}]}}