{"id":7623,"date":"2025-11-25T13:05:26","date_gmt":"2025-11-25T12:05:26","guid":{"rendered":"https:\/\/agora.xtec.cat\/iespauclaris\/?p=7623"},"modified":"2025-11-25T13:08:40","modified_gmt":"2025-11-25T12:08:40","slug":"sortida-world-press","status":"publish","type":"post","link":"https:\/\/agora.xtec.cat\/iespauclaris\/general\/sortida-world-press\/","title":{"rendered":"Sortida World Press Photo"},"content":{"rendered":"<p data-pm-slice=\"1 1 []\">Ahir, dilluns 24 de novembre, l\u2019alumnat de 4t d\u2019ESO i 1r de BAT va fer una visita guiada a l\u2019exposici\u00f3 <em>World Press Photo 2025 (WPP)\u00a0<\/em> al <em>Centre de Cultura Contempor\u00e0nia de Barcelona (CCCB)<\/em>. La mostra recull les fotografies guanyadores de l\u2019edici\u00f3 anual: imatges impactants que revelen hist\u00f2ries de conflicte, migraci\u00f3, crisi clim\u00e0tica i altres realitats globals sovint desconegudes. Aquestes instant\u00e0nies els van fer reflexionar profundament sobre el m\u00f3n i els van recordar la import\u00e0ncia d\u2019una mirada cr\u00edtica i oberta, valors que tamb\u00e9 cultivem en el projecte d&#8217;Erasmus+.<\/p>\n\n\t\t<style type=\"text\/css\">\n\t\t\t#gallery-1 {\n\t\t\t\tmargin: auto;\n\t\t\t}\n\t\t\t#gallery-1 .gallery-item {\n\t\t\t\tfloat: left;\n\t\t\t\tmargin-top: 10px;\n\t\t\t\ttext-align: center;\n\t\t\t\twidth: 50%;\n\t\t\t}\n\t\t\t#gallery-1 img {\n\t\t\t\tborder: 2px solid #cfcfcf;\n\t\t\t}\n\t\t\t#gallery-1 .gallery-caption {\n\t\t\t\tmargin-left: 0;\n\t\t\t}\n\t\t\t\/* see gallery_shortcode() in wp-includes\/media.php *\/\n\t\t<\/style>\n\t\t<div id='gallery-1' class='gallery galleryid-7623 gallery-columns-2 gallery-size-full'><dl class='gallery-item'>\n\t\t\t<dt class='gallery-icon landscape'>\n\t\t\t\t<a href='https:\/\/agora.xtec.cat\/iespauclaris\/general\/sortida-world-press\/attachment\/1000062450-1\/'><img loading=\"lazy\" decoding=\"async\" width=\"1333\" height=\"1000\" src=\"https:\/\/agora.xtec.cat\/iespauclaris\/wp-content\/uploads\/usu835\/2025\/11\/1000062450-1.jpg\" class=\"attachment-full size-full\" alt=\"\" srcset=\"https:\/\/agora.xtec.cat\/iespauclaris\/wp-content\/uploads\/usu835\/2025\/11\/1000062450-1.jpg 1333w, https:\/\/agora.xtec.cat\/iespauclaris\/wp-content\/uploads\/usu835\/2025\/11\/1000062450-1-300x225.jpg 300w, https:\/\/agora.xtec.cat\/iespauclaris\/wp-content\/uploads\/usu835\/2025\/11\/1000062450-1-1024x768.jpg 1024w, https:\/\/agora.xtec.cat\/iespauclaris\/wp-content\/uploads\/usu835\/2025\/11\/1000062450-1-768x576.jpg 768w, https:\/\/agora.xtec.cat\/iespauclaris\/wp-content\/uploads\/usu835\/2025\/11\/1000062450-1-200x150.jpg 200w\" sizes=\"auto, (max-width: 1333px) 100vw, 1333px\" \/><\/a>\n\t\t\t<\/dt><\/dl><dl class='gallery-item'>\n\t\t\t<dt class='gallery-icon landscape'>\n\t\t\t\t<a href='https:\/\/agora.xtec.cat\/iespauclaris\/general\/sortida-world-press\/attachment\/1000062454\/'><img loading=\"lazy\" decoding=\"async\" width=\"1333\" height=\"1000\" src=\"https:\/\/agora.xtec.cat\/iespauclaris\/wp-content\/uploads\/usu835\/2025\/11\/1000062454.jpg\" class=\"attachment-full size-full\" alt=\"\" srcset=\"https:\/\/agora.xtec.cat\/iespauclaris\/wp-content\/uploads\/usu835\/2025\/11\/1000062454.jpg 1333w, https:\/\/agora.xtec.cat\/iespauclaris\/wp-content\/uploads\/usu835\/2025\/11\/1000062454-300x225.jpg 300w, https:\/\/agora.xtec.cat\/iespauclaris\/wp-content\/uploads\/usu835\/2025\/11\/1000062454-1024x768.jpg 1024w, https:\/\/agora.xtec.cat\/iespauclaris\/wp-content\/uploads\/usu835\/2025\/11\/1000062454-768x576.jpg 768w, https:\/\/agora.xtec.cat\/iespauclaris\/wp-content\/uploads\/usu835\/2025\/11\/1000062454-200x150.jpg 200w\" sizes=\"auto, (max-width: 1333px) 100vw, 1333px\" \/><\/a>\n\t\t\t<\/dt><\/dl><br style=\"clear: both\" \/><dl class='gallery-item'>\n\t\t\t<dt class='gallery-icon landscape'>\n\t\t\t\t<a href='https:\/\/agora.xtec.cat\/iespauclaris\/general\/sortida-world-press\/attachment\/1000062462-1\/'><img loading=\"lazy\" decoding=\"async\" width=\"1333\" height=\"1000\" src=\"https:\/\/agora.xtec.cat\/iespauclaris\/wp-content\/uploads\/usu835\/2025\/11\/1000062462-1.jpg\" class=\"attachment-full size-full\" alt=\"\" srcset=\"https:\/\/agora.xtec.cat\/iespauclaris\/wp-content\/uploads\/usu835\/2025\/11\/1000062462-1.jpg 1333w, https:\/\/agora.xtec.cat\/iespauclaris\/wp-content\/uploads\/usu835\/2025\/11\/1000062462-1-300x225.jpg 300w, https:\/\/agora.xtec.cat\/iespauclaris\/wp-content\/uploads\/usu835\/2025\/11\/1000062462-1-1024x768.jpg 1024w, https:\/\/agora.xtec.cat\/iespauclaris\/wp-content\/uploads\/usu835\/2025\/11\/1000062462-1-768x576.jpg 768w, https:\/\/agora.xtec.cat\/iespauclaris\/wp-content\/uploads\/usu835\/2025\/11\/1000062462-1-200x150.jpg 200w\" sizes=\"auto, (max-width: 1333px) 100vw, 1333px\" \/><\/a>\n\t\t\t<\/dt><\/dl><dl class='gallery-item'>\n\t\t\t<dt class='gallery-icon landscape'>\n\t\t\t\t<a href='https:\/\/agora.xtec.cat\/iespauclaris\/general\/sortida-world-press\/attachment\/img-20251124-wa0010\/'><img loading=\"lazy\" decoding=\"async\" width=\"2048\" height=\"1638\" src=\"https:\/\/agora.xtec.cat\/iespauclaris\/wp-content\/uploads\/usu835\/2025\/11\/IMG-20251124-WA0010.jpg\" class=\"attachment-full size-full\" alt=\"\" srcset=\"https:\/\/agora.xtec.cat\/iespauclaris\/wp-content\/uploads\/usu835\/2025\/11\/IMG-20251124-WA0010.jpg 2048w, https:\/\/agora.xtec.cat\/iespauclaris\/wp-content\/uploads\/usu835\/2025\/11\/IMG-20251124-WA0010-300x240.jpg 300w, https:\/\/agora.xtec.cat\/iespauclaris\/wp-content\/uploads\/usu835\/2025\/11\/IMG-20251124-WA0010-1024x819.jpg 1024w, https:\/\/agora.xtec.cat\/iespauclaris\/wp-content\/uploads\/usu835\/2025\/11\/IMG-20251124-WA0010-768x614.jpg 768w, https:\/\/agora.xtec.cat\/iespauclaris\/wp-content\/uploads\/usu835\/2025\/11\/IMG-20251124-WA0010-1536x1229.jpg 1536w\" sizes=\"auto, (max-width: 2048px) 100vw, 2048px\" \/><\/a>\n\t\t\t<\/dt><\/dl><br style=\"clear: both\" \/><dl class='gallery-item'>\n\t\t\t<dt class='gallery-icon landscape'>\n\t\t\t\t<a href='https:\/\/agora.xtec.cat\/iespauclaris\/general\/sortida-world-press\/attachment\/1000062461\/'><img loading=\"lazy\" decoding=\"async\" width=\"1333\" height=\"1000\" src=\"https:\/\/agora.xtec.cat\/iespauclaris\/wp-content\/uploads\/usu835\/2025\/11\/1000062461.jpg\" class=\"attachment-full size-full\" alt=\"\" srcset=\"https:\/\/agora.xtec.cat\/iespauclaris\/wp-content\/uploads\/usu835\/2025\/11\/1000062461.jpg 1333w, https:\/\/agora.xtec.cat\/iespauclaris\/wp-content\/uploads\/usu835\/2025\/11\/1000062461-300x225.jpg 300w, https:\/\/agora.xtec.cat\/iespauclaris\/wp-content\/uploads\/usu835\/2025\/11\/1000062461-1024x768.jpg 1024w, https:\/\/agora.xtec.cat\/iespauclaris\/wp-content\/uploads\/usu835\/2025\/11\/1000062461-768x576.jpg 768w, https:\/\/agora.xtec.cat\/iespauclaris\/wp-content\/uploads\/usu835\/2025\/11\/1000062461-200x150.jpg 200w\" sizes=\"auto, (max-width: 1333px) 100vw, 1333px\" \/><\/a>\n\t\t\t<\/dt><\/dl><dl class='gallery-item'>\n\t\t\t<dt class='gallery-icon portrait'>\n\t\t\t\t<a href='https:\/\/agora.xtec.cat\/iespauclaris\/general\/sortida-world-press\/attachment\/img-20251124-wa0011-2\/'><img loading=\"lazy\" decoding=\"async\" width=\"799\" height=\"1000\" src=\"https:\/\/agora.xtec.cat\/iespauclaris\/wp-content\/uploads\/usu835\/2025\/11\/IMG-20251124-WA0011-1.jpg\" class=\"attachment-full size-full\" alt=\"\" srcset=\"https:\/\/agora.xtec.cat\/iespauclaris\/wp-content\/uploads\/usu835\/2025\/11\/IMG-20251124-WA0011-1.jpg 799w, https:\/\/agora.xtec.cat\/iespauclaris\/wp-content\/uploads\/usu835\/2025\/11\/IMG-20251124-WA0011-1-240x300.jpg 240w, https:\/\/agora.xtec.cat\/iespauclaris\/wp-content\/uploads\/usu835\/2025\/11\/IMG-20251124-WA0011-1-768x961.jpg 768w\" sizes=\"auto, (max-width: 799px) 100vw, 799px\" \/><\/a>\n\t\t\t<\/dt><\/dl><br style=\"clear: both\" \/><dl class='gallery-item'>\n\t\t\t<dt class='gallery-icon portrait'>\n\t\t\t\t<a href='https:\/\/agora.xtec.cat\/iespauclaris\/general\/sortida-world-press\/attachment\/1000062465\/'><img loading=\"lazy\" decoding=\"async\" width=\"750\" height=\"1000\" src=\"https:\/\/agora.xtec.cat\/iespauclaris\/wp-content\/uploads\/usu835\/2025\/11\/1000062465.jpg\" class=\"attachment-full size-full\" alt=\"\" srcset=\"https:\/\/agora.xtec.cat\/iespauclaris\/wp-content\/uploads\/usu835\/2025\/11\/1000062465.jpg 750w, https:\/\/agora.xtec.cat\/iespauclaris\/wp-content\/uploads\/usu835\/2025\/11\/1000062465-225x300.jpg 225w\" sizes=\"auto, (max-width: 750px) 100vw, 750px\" \/><\/a>\n\t\t\t<\/dt><\/dl>\n\t\t\t<br style='clear: both' \/>\n\t\t<\/div>\n\n","protected":false},"excerpt":{"rendered":"<p>Ahir, dilluns 24 de novembre, l\u2019alumnat de 4t d\u2019ESO i 1r de BAT va fer una visita guiada a l\u2019exposici\u00f3 World Press Photo 2025 (WPP)\u00a0 al Centre de Cultura Contempor\u00e0nia de Barcelona (CCCB). La mostra recull les fotografies guanyadores de l\u2019edici\u00f3 anual: imatges impactants que&hellip;  <a href=\"https:\/\/agora.xtec.cat\/iespauclaris\/general\/sortida-world-press\/\" title=\"Read Sortida World Press Photo\">Llegeix m\u00e9s\u00bb<\/a><\/p>\n","protected":false},"author":1,"featured_media":7626,"comment_status":"closed","ping_status":"open","sticky":false,"template":"","format":"standard","meta":{"_bbp_topic_count":0,"_bbp_reply_count":0,"_bbp_total_topic_count":0,"_bbp_total_reply_count":0,"_bbp_voice_count":0,"_bbp_anonymous_reply_count":0,"_bbp_topic_count_hidden":0,"_bbp_reply_count_hidden":0,"_bbp_forum_subforum_count":0,"footnotes":""},"categories":[8,119,7,24,25,26,1,29],"tags":[],"class_list":["post-7623","post","type-post","status-publish","format-standard","has-post-thumbnail","hentry","category-batxillerat","category-eramus","category-eso-4","category-eso-4a","category-eso-4b","category-eso-4c","category-general","category-portada"],"post_mailing_queue_ids":[],"_links":{"self":[{"href":"https:\/\/agora.xtec.cat\/iespauclaris\/wp-json\/wp\/v2\/posts\/7623","targetHints":{"allow":["GET"]}}],"collection":[{"href":"https:\/\/agora.xtec.cat\/iespauclaris\/wp-json\/wp\/v2\/posts"}],"about":[{"href":"https:\/\/agora.xtec.cat\/iespauclaris\/wp-json\/wp\/v2\/types\/post"}],"author":[{"embeddable":true,"href":"https:\/\/agora.xtec.cat\/iespauclaris\/wp-json\/wp\/v2\/users\/1"}],"replies":[{"embeddable":true,"href":"https:\/\/agora.xtec.cat\/iespauclaris\/wp-json\/wp\/v2\/comments?post=7623"}],"version-history":[{"count":3,"href":"https:\/\/agora.xtec.cat\/iespauclaris\/wp-json\/wp\/v2\/posts\/7623\/revisions"}],"predecessor-version":[{"id":7635,"href":"https:\/\/agora.xtec.cat\/iespauclaris\/wp-json\/wp\/v2\/posts\/7623\/revisions\/7635"}],"wp:featuredmedia":[{"embeddable":true,"href":"https:\/\/agora.xtec.cat\/iespauclaris\/wp-json\/wp\/v2\/media\/7626"}],"wp:attachment":[{"href":"https:\/\/agora.xtec.cat\/iespauclaris\/wp-json\/wp\/v2\/media?parent=7623"}],"wp:term":[{"taxonomy":"category","embeddable":true,"href":"https:\/\/agora.xtec.cat\/iespauclaris\/wp-json\/wp\/v2\/categories?post=7623"},{"taxonomy":"post_tag","embeddable":true,"href":"https:\/\/agora.xtec.cat\/iespauclaris\/wp-json\/wp\/v2\/tags?post=7623"}],"curies":[{"name":"wp","href":"https:\/\/api.w.org\/{rel}","templated":true}]}}