{"id":7620,"date":"2025-11-24T09:59:22","date_gmt":"2025-11-24T08:59:22","guid":{"rendered":"https:\/\/agora.xtec.cat\/iespauclaris\/?p=7620"},"modified":"2025-11-24T09:59:22","modified_gmt":"2025-11-24T08:59:22","slug":"sortida-teatre-1rbat-19-11-25","status":"publish","type":"post","link":"https:\/\/agora.xtec.cat\/iespauclaris\/general\/sortida-teatre-1rbat-19-11-25\/","title":{"rendered":"Sortida teatre 1rBAT (19\/11\/25)"},"content":{"rendered":"<div>Dijous 19 de novembre, l&#8217;alumnat de 1rBAT va assistir en el Teatre Nacional de Catalunya (TNC) a la representaci\u00f3 de l&#8217;obra &#8220;La corona d&#8217;espines&#8221; de Josep Maria de Sagarra.<\/div>\n<div>Protagonitzada per \u00c0ngels Gonyalons i Abel Folk, \u00e9s una bona mostra de teatre cl\u00e0ssic ambientat en els canvis socials de finals del segle XVIII.<\/div>\n<div>Viure una representaci\u00f3 en directe sempre \u00e9s did\u00e0ctic, m\u00e9s encara a l&#8217;espectacular Sala Gran del TNC.<\/div>\n<div><\/div>\n<div>\n\n\t\t<style type=\"text\/css\">\n\t\t\t#gallery-1 {\n\t\t\t\tmargin: auto;\n\t\t\t}\n\t\t\t#gallery-1 .gallery-item {\n\t\t\t\tfloat: left;\n\t\t\t\tmargin-top: 10px;\n\t\t\t\ttext-align: center;\n\t\t\t\twidth: 50%;\n\t\t\t}\n\t\t\t#gallery-1 img {\n\t\t\t\tborder: 2px solid #cfcfcf;\n\t\t\t}\n\t\t\t#gallery-1 .gallery-caption {\n\t\t\t\tmargin-left: 0;\n\t\t\t}\n\t\t\t\/* see gallery_shortcode() in wp-includes\/media.php *\/\n\t\t<\/style>\n\t\t<div id='gallery-1' class='gallery galleryid-7620 gallery-columns-2 gallery-size-full'><dl class='gallery-item'>\n\t\t\t<dt class='gallery-icon landscape'>\n\t\t\t\t<a href='https:\/\/agora.xtec.cat\/iespauclaris\/?attachment_id=7619'><img loading=\"lazy\" decoding=\"async\" width=\"1246\" height=\"1000\" src=\"https:\/\/agora.xtec.cat\/iespauclaris\/wp-content\/uploads\/usu835\/2025\/11\/1000156172.jpg\" class=\"attachment-full size-full\" alt=\"\" srcset=\"https:\/\/agora.xtec.cat\/iespauclaris\/wp-content\/uploads\/usu835\/2025\/11\/1000156172.jpg 1246w, https:\/\/agora.xtec.cat\/iespauclaris\/wp-content\/uploads\/usu835\/2025\/11\/1000156172-300x241.jpg 300w, https:\/\/agora.xtec.cat\/iespauclaris\/wp-content\/uploads\/usu835\/2025\/11\/1000156172-1024x822.jpg 1024w, https:\/\/agora.xtec.cat\/iespauclaris\/wp-content\/uploads\/usu835\/2025\/11\/1000156172-768x616.jpg 768w\" sizes=\"auto, (max-width: 1246px) 100vw, 1246px\" \/><\/a>\n\t\t\t<\/dt><\/dl><dl class='gallery-item'>\n\t\t\t<dt class='gallery-icon landscape'>\n\t\t\t\t<a href='https:\/\/agora.xtec.cat\/iespauclaris\/?attachment_id=7618'><img loading=\"lazy\" decoding=\"async\" width=\"2001\" height=\"1000\" src=\"https:\/\/agora.xtec.cat\/iespauclaris\/wp-content\/uploads\/usu835\/2025\/11\/1000156170.jpg\" class=\"attachment-full size-full\" alt=\"\" srcset=\"https:\/\/agora.xtec.cat\/iespauclaris\/wp-content\/uploads\/usu835\/2025\/11\/1000156170.jpg 2001w, https:\/\/agora.xtec.cat\/iespauclaris\/wp-content\/uploads\/usu835\/2025\/11\/1000156170-300x150.jpg 300w, https:\/\/agora.xtec.cat\/iespauclaris\/wp-content\/uploads\/usu835\/2025\/11\/1000156170-1024x512.jpg 1024w, https:\/\/agora.xtec.cat\/iespauclaris\/wp-content\/uploads\/usu835\/2025\/11\/1000156170-768x384.jpg 768w, https:\/\/agora.xtec.cat\/iespauclaris\/wp-content\/uploads\/usu835\/2025\/11\/1000156170-1536x768.jpg 1536w\" sizes=\"auto, (max-width: 2001px) 100vw, 2001px\" \/><\/a>\n\t\t\t<\/dt><\/dl><br style=\"clear: both\" \/>\n\t\t<\/div>\n\n<\/div>\n","protected":false},"excerpt":{"rendered":"<p>Dijous 19 de novembre, l&#8217;alumnat de 1rBAT va assistir en el Teatre Nacional de Catalunya (TNC) a la representaci\u00f3 de l&#8217;obra &#8220;La corona d&#8217;espines&#8221; de Josep Maria de Sagarra.<br \/>\nProtagonitzada per \u00c0ngels Gonyalons i Abel Folk, \u00e9s una bona mostra de teatre cl\u00e0ssic ambientat en els&hellip;  <a href=\"https:\/\/agora.xtec.cat\/iespauclaris\/general\/sortida-teatre-1rbat-19-11-25\/\" title=\"Read Sortida teatre 1rBAT (19\/11\/25)\">Llegeix m\u00e9s\u00bb<\/a><\/p>\n","protected":false},"author":1,"featured_media":7619,"comment_status":"closed","ping_status":"open","sticky":false,"template":"","format":"standard","meta":{"_bbp_topic_count":0,"_bbp_reply_count":0,"_bbp_total_topic_count":0,"_bbp_total_reply_count":0,"_bbp_voice_count":0,"_bbp_anonymous_reply_count":0,"_bbp_topic_count_hidden":0,"_bbp_reply_count_hidden":0,"_bbp_forum_subforum_count":0,"footnotes":""},"categories":[8,1,29],"tags":[],"class_list":["post-7620","post","type-post","status-publish","format-standard","has-post-thumbnail","hentry","category-batxillerat","category-general","category-portada"],"post_mailing_queue_ids":[],"_links":{"self":[{"href":"https:\/\/agora.xtec.cat\/iespauclaris\/wp-json\/wp\/v2\/posts\/7620","targetHints":{"allow":["GET"]}}],"collection":[{"href":"https:\/\/agora.xtec.cat\/iespauclaris\/wp-json\/wp\/v2\/posts"}],"about":[{"href":"https:\/\/agora.xtec.cat\/iespauclaris\/wp-json\/wp\/v2\/types\/post"}],"author":[{"embeddable":true,"href":"https:\/\/agora.xtec.cat\/iespauclaris\/wp-json\/wp\/v2\/users\/1"}],"replies":[{"embeddable":true,"href":"https:\/\/agora.xtec.cat\/iespauclaris\/wp-json\/wp\/v2\/comments?post=7620"}],"version-history":[{"count":1,"href":"https:\/\/agora.xtec.cat\/iespauclaris\/wp-json\/wp\/v2\/posts\/7620\/revisions"}],"predecessor-version":[{"id":7621,"href":"https:\/\/agora.xtec.cat\/iespauclaris\/wp-json\/wp\/v2\/posts\/7620\/revisions\/7621"}],"wp:featuredmedia":[{"embeddable":true,"href":"https:\/\/agora.xtec.cat\/iespauclaris\/wp-json\/wp\/v2\/media\/7619"}],"wp:attachment":[{"href":"https:\/\/agora.xtec.cat\/iespauclaris\/wp-json\/wp\/v2\/media?parent=7620"}],"wp:term":[{"taxonomy":"category","embeddable":true,"href":"https:\/\/agora.xtec.cat\/iespauclaris\/wp-json\/wp\/v2\/categories?post=7620"},{"taxonomy":"post_tag","embeddable":true,"href":"https:\/\/agora.xtec.cat\/iespauclaris\/wp-json\/wp\/v2\/tags?post=7620"}],"curies":[{"name":"wp","href":"https:\/\/api.w.org\/{rel}","templated":true}]}}