{"id":7613,"date":"2025-11-20T09:21:37","date_gmt":"2025-11-20T08:21:37","guid":{"rendered":"https:\/\/agora.xtec.cat\/iespauclaris\/?p=7613"},"modified":"2025-11-20T09:21:37","modified_gmt":"2025-11-20T08:21:37","slug":"primer-cafe-pedagogic-del-curs-amb-el-tema-de-que-vol-dir-avaluar","status":"publish","type":"post","link":"https:\/\/agora.xtec.cat\/iespauclaris\/general\/primer-cafe-pedagogic-del-curs-amb-el-tema-de-que-vol-dir-avaluar\/","title":{"rendered":"Primer caf\u00e8 pedag\u00f2gic del curs amb el tema de \u201cQu\u00e8 vol dir avaluar?\u201d"},"content":{"rendered":"<div>\n<p dir=\"ltr\" role=\"presentation\"><strong>Dimarts 18 de novembre a les 17h: Primer caf\u00e8 pedag\u00f2gic del curs amb el tema de \u201cQu\u00e8 vol dir avaluar?\u201d .\u00a0<\/strong><\/p>\n<p dir=\"ltr\">Els caf\u00e8s pedag\u00f2gics s\u00f3n espais per compartir entre fam\u00edlies i docents la manera de fer i de pensar del centre en un ambient proper i participatiu on es parla de manera clara de diferents aspectes pedag\u00f2gics i organitzatius de l\u2019institut.<\/p>\n<p>Durant aquest primer caf\u00e8 pedag\u00f2gic es van presentar les bases de l&#8217;avaluaci\u00f3 al nostre institut i es va realitzar una din\u00e0mica Q-sort per consensuar entre tothom qu\u00e8 volia dir &#8220;avaluar&#8221;. A la imatge podeu veure les conclusions finals que es van obtenir.<\/p>\n<p>El caf\u00e8 es va desenvolupar en un ambient de col.laboraci\u00f3 entre fam\u00edlies i docents participants i va acabar amb un cercle final de tancament on tothom va poder expressar les seves inquietuds respecte del tema tractat.<\/p>\n\n\t\t<style type=\"text\/css\">\n\t\t\t#gallery-1 {\n\t\t\t\tmargin: auto;\n\t\t\t}\n\t\t\t#gallery-1 .gallery-item {\n\t\t\t\tfloat: left;\n\t\t\t\tmargin-top: 10px;\n\t\t\t\ttext-align: center;\n\t\t\t\twidth: 33%;\n\t\t\t}\n\t\t\t#gallery-1 img {\n\t\t\t\tborder: 2px solid #cfcfcf;\n\t\t\t}\n\t\t\t#gallery-1 .gallery-caption {\n\t\t\t\tmargin-left: 0;\n\t\t\t}\n\t\t\t\/* see gallery_shortcode() in wp-includes\/media.php *\/\n\t\t<\/style>\n\t\t<div id='gallery-1' class='gallery galleryid-7613 gallery-columns-3 gallery-size-full'><dl class='gallery-item'>\n\t\t\t<dt class='gallery-icon portrait'>\n\t\t\t\t<a href='https:\/\/agora.xtec.cat\/iespauclaris\/general\/primer-cafe-pedagogic-del-curs-amb-el-tema-de-que-vol-dir-avaluar\/attachment\/unnamed-3-2\/'><img loading=\"lazy\" decoding=\"async\" width=\"1663\" height=\"2560\" src=\"https:\/\/agora.xtec.cat\/iespauclaris\/wp-content\/uploads\/usu835\/2025\/11\/unnamed-3-scaled.jpg\" class=\"attachment-full size-full\" alt=\"\" srcset=\"https:\/\/agora.xtec.cat\/iespauclaris\/wp-content\/uploads\/usu835\/2025\/11\/unnamed-3-scaled.jpg 1663w, https:\/\/agora.xtec.cat\/iespauclaris\/wp-content\/uploads\/usu835\/2025\/11\/unnamed-3-195x300.jpg 195w, https:\/\/agora.xtec.cat\/iespauclaris\/wp-content\/uploads\/usu835\/2025\/11\/unnamed-3-665x1024.jpg 665w, https:\/\/agora.xtec.cat\/iespauclaris\/wp-content\/uploads\/usu835\/2025\/11\/unnamed-3-768x1183.jpg 768w, https:\/\/agora.xtec.cat\/iespauclaris\/wp-content\/uploads\/usu835\/2025\/11\/unnamed-3-998x1536.jpg 998w, https:\/\/agora.xtec.cat\/iespauclaris\/wp-content\/uploads\/usu835\/2025\/11\/unnamed-3-1330x2048.jpg 1330w\" sizes=\"auto, (max-width: 1663px) 100vw, 1663px\" \/><\/a>\n\t\t\t<\/dt><\/dl>\n\t\t\t<br style='clear: both' \/>\n\t\t<\/div>\n\n<\/div>\n<div><\/div>\n","protected":false},"excerpt":{"rendered":"<p>Dimarts 18 de novembre a les 17h: Primer caf\u00e8 pedag\u00f2gic del curs amb el tema de \u201cQu\u00e8 vol dir avaluar?\u201d .\u00a0<br \/>\nEls caf\u00e8s pedag\u00f2gics s\u00f3n espais per compartir entre fam\u00edlies i docents la manera de fer i de pensar del centre en un ambient proper i&hellip;  <a href=\"https:\/\/agora.xtec.cat\/iespauclaris\/general\/primer-cafe-pedagogic-del-curs-amb-el-tema-de-que-vol-dir-avaluar\/\" title=\"Read Primer caf\u00e8 pedag\u00f2gic del curs amb el tema de \u201cQu\u00e8 vol dir avaluar?\u201d\">Llegeix m\u00e9s\u00bb<\/a><\/p>\n","protected":false},"author":1,"featured_media":7614,"comment_status":"closed","ping_status":"open","sticky":false,"template":"","format":"standard","meta":{"_bbp_topic_count":0,"_bbp_reply_count":0,"_bbp_total_topic_count":0,"_bbp_total_reply_count":0,"_bbp_voice_count":0,"_bbp_anonymous_reply_count":0,"_bbp_topic_count_hidden":0,"_bbp_reply_count_hidden":0,"_bbp_forum_subforum_count":0,"footnotes":""},"categories":[1,29],"tags":[],"class_list":["post-7613","post","type-post","status-publish","format-standard","has-post-thumbnail","hentry","category-general","category-portada"],"post_mailing_queue_ids":[],"_links":{"self":[{"href":"https:\/\/agora.xtec.cat\/iespauclaris\/wp-json\/wp\/v2\/posts\/7613","targetHints":{"allow":["GET"]}}],"collection":[{"href":"https:\/\/agora.xtec.cat\/iespauclaris\/wp-json\/wp\/v2\/posts"}],"about":[{"href":"https:\/\/agora.xtec.cat\/iespauclaris\/wp-json\/wp\/v2\/types\/post"}],"author":[{"embeddable":true,"href":"https:\/\/agora.xtec.cat\/iespauclaris\/wp-json\/wp\/v2\/users\/1"}],"replies":[{"embeddable":true,"href":"https:\/\/agora.xtec.cat\/iespauclaris\/wp-json\/wp\/v2\/comments?post=7613"}],"version-history":[{"count":2,"href":"https:\/\/agora.xtec.cat\/iespauclaris\/wp-json\/wp\/v2\/posts\/7613\/revisions"}],"predecessor-version":[{"id":7616,"href":"https:\/\/agora.xtec.cat\/iespauclaris\/wp-json\/wp\/v2\/posts\/7613\/revisions\/7616"}],"wp:featuredmedia":[{"embeddable":true,"href":"https:\/\/agora.xtec.cat\/iespauclaris\/wp-json\/wp\/v2\/media\/7614"}],"wp:attachment":[{"href":"https:\/\/agora.xtec.cat\/iespauclaris\/wp-json\/wp\/v2\/media?parent=7613"}],"wp:term":[{"taxonomy":"category","embeddable":true,"href":"https:\/\/agora.xtec.cat\/iespauclaris\/wp-json\/wp\/v2\/categories?post=7613"},{"taxonomy":"post_tag","embeddable":true,"href":"https:\/\/agora.xtec.cat\/iespauclaris\/wp-json\/wp\/v2\/tags?post=7613"}],"curies":[{"name":"wp","href":"https:\/\/api.w.org\/{rel}","templated":true}]}}