{"id":7491,"date":"2025-10-13T09:52:37","date_gmt":"2025-10-13T07:52:37","guid":{"rendered":"https:\/\/agora.xtec.cat\/iespauclaris\/?p=7491"},"modified":"2025-10-13T10:01:13","modified_gmt":"2025-10-13T08:01:13","slug":"collserola-1r-i-2n-bat","status":"publish","type":"post","link":"https:\/\/agora.xtec.cat\/iespauclaris\/general\/collserola-1r-i-2n-bat\/","title":{"rendered":"Collserola 1r i 2n BAT"},"content":{"rendered":"<p>El passat dia 9 d&#8217;octubre, l&#8217;alumnat de 1r i 2n de Batxillerat van compartir una jornada de conviv\u00e8ncia amb una sortida al Parc de Collserola.<\/p>\n<p>Van iniciar el recorregut des del pant\u00e0 de Collserola, i van anar descobrint tot un seguit de bonics miradors a la ciutat de Barcelona: mirador en Colores, mirador del Tur\u00f3 d&#8217;en Corts, mirador dels Xiprers, i parada final a l&#8217;espai de p\u00edcnic en la pla\u00e7a Mireia.<\/p>\n<p>Malgrat l&#8217;amena\u00e7a de pluja, van gaudir d&#8217;un agradable passeig per la natura.<br \/>\n\n\t\t<style type=\"text\/css\">\n\t\t\t#gallery-1 {\n\t\t\t\tmargin: auto;\n\t\t\t}\n\t\t\t#gallery-1 .gallery-item {\n\t\t\t\tfloat: left;\n\t\t\t\tmargin-top: 10px;\n\t\t\t\ttext-align: center;\n\t\t\t\twidth: 50%;\n\t\t\t}\n\t\t\t#gallery-1 img {\n\t\t\t\tborder: 2px solid #cfcfcf;\n\t\t\t}\n\t\t\t#gallery-1 .gallery-caption {\n\t\t\t\tmargin-left: 0;\n\t\t\t}\n\t\t\t\/* see gallery_shortcode() in wp-includes\/media.php *\/\n\t\t<\/style>\n\t\t<div id='gallery-1' class='gallery galleryid-7491 gallery-columns-2 gallery-size-full'><dl class='gallery-item'>\n\t\t\t<dt class='gallery-icon landscape'>\n\t\t\t\t<a href='https:\/\/agora.xtec.cat\/iespauclaris\/general\/collserola-1r-i-2n-bat\/attachment\/img20251009104531-2\/'><img loading=\"lazy\" decoding=\"async\" width=\"1333\" height=\"1000\" src=\"https:\/\/agora.xtec.cat\/iespauclaris\/wp-content\/uploads\/usu835\/2025\/10\/IMG20251009104531-1.jpg\" class=\"attachment-full size-full\" alt=\"\" srcset=\"https:\/\/agora.xtec.cat\/iespauclaris\/wp-content\/uploads\/usu835\/2025\/10\/IMG20251009104531-1.jpg 1333w, https:\/\/agora.xtec.cat\/iespauclaris\/wp-content\/uploads\/usu835\/2025\/10\/IMG20251009104531-1-300x225.jpg 300w, https:\/\/agora.xtec.cat\/iespauclaris\/wp-content\/uploads\/usu835\/2025\/10\/IMG20251009104531-1-1024x768.jpg 1024w, https:\/\/agora.xtec.cat\/iespauclaris\/wp-content\/uploads\/usu835\/2025\/10\/IMG20251009104531-1-768x576.jpg 768w, https:\/\/agora.xtec.cat\/iespauclaris\/wp-content\/uploads\/usu835\/2025\/10\/IMG20251009104531-1-200x150.jpg 200w\" sizes=\"auto, (max-width: 1333px) 100vw, 1333px\" \/><\/a>\n\t\t\t<\/dt><\/dl><dl class='gallery-item'>\n\t\t\t<dt class='gallery-icon landscape'>\n\t\t\t\t<a href='https:\/\/agora.xtec.cat\/iespauclaris\/general\/collserola-1r-i-2n-bat\/attachment\/1000234315-3\/'><img loading=\"lazy\" decoding=\"async\" width=\"563\" height=\"486\" src=\"https:\/\/agora.xtec.cat\/iespauclaris\/wp-content\/uploads\/usu835\/2025\/10\/1000234315-2.jpg\" class=\"attachment-full size-full\" alt=\"\" srcset=\"https:\/\/agora.xtec.cat\/iespauclaris\/wp-content\/uploads\/usu835\/2025\/10\/1000234315-2.jpg 563w, https:\/\/agora.xtec.cat\/iespauclaris\/wp-content\/uploads\/usu835\/2025\/10\/1000234315-2-300x259.jpg 300w\" sizes=\"auto, (max-width: 563px) 100vw, 563px\" \/><\/a>\n\t\t\t<\/dt><\/dl><br style=\"clear: both\" \/>\n\t\t<\/div>\n<\/p>\n","protected":false},"excerpt":{"rendered":"<p>El passat dia 9 d&#8217;octubre, l&#8217;alumnat de 1r i 2n de Batxillerat van compartir una jornada de conviv\u00e8ncia amb una sortida al Parc de Collserola.<br \/>\nVan iniciar el recorregut des del pant\u00e0 de Collserola, i van anar descobrint tot un seguit de bonics miradors a la&hellip;  <a href=\"https:\/\/agora.xtec.cat\/iespauclaris\/general\/collserola-1r-i-2n-bat\/\" title=\"Read Collserola 1r i 2n BAT\">Llegeix m\u00e9s\u00bb<\/a><\/p>\n","protected":false},"author":1,"featured_media":7495,"comment_status":"closed","ping_status":"open","sticky":false,"template":"","format":"standard","meta":{"_bbp_topic_count":0,"_bbp_reply_count":0,"_bbp_total_topic_count":0,"_bbp_total_reply_count":0,"_bbp_voice_count":0,"_bbp_anonymous_reply_count":0,"_bbp_topic_count_hidden":0,"_bbp_reply_count_hidden":0,"_bbp_forum_subforum_count":0,"footnotes":""},"categories":[8,1,29],"tags":[],"class_list":["post-7491","post","type-post","status-publish","format-standard","has-post-thumbnail","hentry","category-batxillerat","category-general","category-portada"],"post_mailing_queue_ids":[],"_links":{"self":[{"href":"https:\/\/agora.xtec.cat\/iespauclaris\/wp-json\/wp\/v2\/posts\/7491","targetHints":{"allow":["GET"]}}],"collection":[{"href":"https:\/\/agora.xtec.cat\/iespauclaris\/wp-json\/wp\/v2\/posts"}],"about":[{"href":"https:\/\/agora.xtec.cat\/iespauclaris\/wp-json\/wp\/v2\/types\/post"}],"author":[{"embeddable":true,"href":"https:\/\/agora.xtec.cat\/iespauclaris\/wp-json\/wp\/v2\/users\/1"}],"replies":[{"embeddable":true,"href":"https:\/\/agora.xtec.cat\/iespauclaris\/wp-json\/wp\/v2\/comments?post=7491"}],"version-history":[{"count":6,"href":"https:\/\/agora.xtec.cat\/iespauclaris\/wp-json\/wp\/v2\/posts\/7491\/revisions"}],"predecessor-version":[{"id":7504,"href":"https:\/\/agora.xtec.cat\/iespauclaris\/wp-json\/wp\/v2\/posts\/7491\/revisions\/7504"}],"wp:featuredmedia":[{"embeddable":true,"href":"https:\/\/agora.xtec.cat\/iespauclaris\/wp-json\/wp\/v2\/media\/7495"}],"wp:attachment":[{"href":"https:\/\/agora.xtec.cat\/iespauclaris\/wp-json\/wp\/v2\/media?parent=7491"}],"wp:term":[{"taxonomy":"category","embeddable":true,"href":"https:\/\/agora.xtec.cat\/iespauclaris\/wp-json\/wp\/v2\/categories?post=7491"},{"taxonomy":"post_tag","embeddable":true,"href":"https:\/\/agora.xtec.cat\/iespauclaris\/wp-json\/wp\/v2\/tags?post=7491"}],"curies":[{"name":"wp","href":"https:\/\/api.w.org\/{rel}","templated":true}]}}