{"id":7437,"date":"2025-10-06T09:55:16","date_gmt":"2025-10-06T07:55:16","guid":{"rendered":"https:\/\/agora.xtec.cat\/iespauclaris\/?p=7437"},"modified":"2025-10-06T09:55:16","modified_gmt":"2025-10-06T07:55:16","slug":"lectura-manifest-aturada-per-palestina","status":"publish","type":"post","link":"https:\/\/agora.xtec.cat\/iespauclaris\/general\/lectura-manifest-aturada-per-palestina\/","title":{"rendered":"Lectura manifest &#8211; aturada per Palestina"},"content":{"rendered":"<p>El passat dijous 18 de setembre, de 12 a 12.30 h, la comunitat educativa del centre vam aturar les classes en solidaritat amb el poble palest\u00ed. L\u2019alumnat va romandre al pati i es va llegir un manifest per denunciar el genocidi i exigir la fi de l\u2019ocupaci\u00f3 i els bombardejos a Gaza.<\/p>\n<p>Aquesta aturada s\u2019emmarcava dins la jornada internacional de mobilitzaci\u00f3 per Palestina i en defensa de la Flotilla de la Llibertat. Des de l&#8217;educaci\u00f3 defensem la vida, la pau i la just\u00edcia, i no volem ser c\u00f2mplices amb el nostre silenci.<\/p>\n<p>Amb aquest gest vam fer sentir la nostra veu i vam reafirmar el comprom\u00eds col\u00b7lectiu amb la llibertat i la dignitat del poble palest\u00ed.<\/p>\n<p>Aquesta seria el manifest:<\/p>\n<p>Educaci\u00f3 amb Palestina Contra el genocidi del poble palest\u00ed: si assalten la flotilla, ho aturem tot!<br \/>\nNo podem comen\u00e7ar el curs amb normalitat quan, a Palestina, cada dia assassinen una classe sencera: gaireb\u00e9 28 nens i nenes moren a Gaza sota les bombes de l\u2019estat d\u2019Israel. La comunitat educativa no podem guardar silenci davant l&#8217;ocupaci\u00f3 de l&#8217;estat sionista d&#8217;Israel, que est\u00e0 massacrant al poble palest\u00ed amb bombes i fam.<\/p>\n<p>Des del comen\u00e7ament d\u2019aquest genocidi, part de la comunitat educativa ens hem manifestat des dels nostres centres i als carrers, hem creat recursos pedag\u00f2gics per educar en les aules els infants i joves en una cultura de pau i hem donat suport a la comunitat palestina.<\/p>\n<p>Ara mateix, el poble palest\u00ed necessita que ens mobilitzem m\u00e9s que mai davant una ofensiva israeliana que no s\u2019atura. Per aix\u00f2, la defensa de la Global Sumud Flotilla \u00e9s part de la lluita contra el genocidi i l&#8217;ocupaci\u00f3 de Palestina. Malgrat els atacs i amenaces que busquen criminalitzar la solidaritat i destrueix les bases m\u00e9s elementals del dret internacional, la flotilla continuar\u00e0 amb la seva missi\u00f3 a la mar. I nosaltres com a comunitat educativa, continuarem la nostra missi\u00f3 a la terra.<\/p>\n<p>Les organitzacions estudiantils i juvenils de Catalunya han fet una crida a aturar les classes contra el genocidi si toquen la Flotilla i el 18 de setembre. De la mateixa manera, la Uni\u00f3 Sindical de Treballadors Portuaris de Barcelona declara el seu suport als seus companys de G\u00e8nova en defensa de la missi\u00f3 humanit\u00e0ria a Gaza. Ara, la comunitat educativa volem aturar-ho tot! Com? Farem accions als centres, assemblees, talls de carrers, penjada de pancartes i banderes palestines, jornades com les dels \u201cDimarts amb Palestina\u201d, etc.<\/p>\n<p>Tot plegat, fem una crida a aturar la normalitat als centres educatius el 18 de setembre, concentraci\u00f3 a les 12 h de 30 minuts, o a les entrades i sortides i\/o activitats espec\u00edfiques sobre el que est\u00e0 passant a Palestina, dins una jornada de mobilitzaci\u00f3 internacional convocada el mateix dia.<\/p>\n<p>A m\u00e9s a m\u00e9s, cal una resposta immediata i contundent, per la qual cosa ens proposem treballar una vaga general. <\/p>\n<p>Tanmateix, exigim a les institucions, al Parlament Europeu i el Consell de la UE, al Govern de l\u2019Estat, a la Generalitat de Catalunya, ajuntaments i municipis, al Departament d\u2019Educaci\u00f3, la ruptura total de relacions amb l\u2019estat d\u2019Israel, l\u2019embargament d\u2019armes de manera efectiva i que no es permeti l\u2019\u00fas de ports ni aeroports per a proveir Israel en la seva empresa genocida.<\/p>\n<p>Les persones relacionades amb l&#8217;educaci\u00f3 eduquem per a la vida. Tenim un comprom\u00eds amb la inf\u00e0ncia i, per tant, amb el seu futur. Per aix\u00f2, no col\u00b7laborarem, mai, amb un projecte genocida i menys amb el nostre silenci.<\/p>\n\n\t\t<style type=\"text\/css\">\n\t\t\t#gallery-1 {\n\t\t\t\tmargin: auto;\n\t\t\t}\n\t\t\t#gallery-1 .gallery-item {\n\t\t\t\tfloat: left;\n\t\t\t\tmargin-top: 10px;\n\t\t\t\ttext-align: center;\n\t\t\t\twidth: 50%;\n\t\t\t}\n\t\t\t#gallery-1 img {\n\t\t\t\tborder: 2px solid #cfcfcf;\n\t\t\t}\n\t\t\t#gallery-1 .gallery-caption {\n\t\t\t\tmargin-left: 0;\n\t\t\t}\n\t\t\t\/* see gallery_shortcode() in wp-includes\/media.php *\/\n\t\t<\/style>\n\t\t<div id='gallery-1' class='gallery galleryid-7437 gallery-columns-2 gallery-size-full'><dl class='gallery-item'>\n\t\t\t<dt class='gallery-icon landscape'>\n\t\t\t\t<a href='https:\/\/agora.xtec.cat\/iespauclaris\/general\/lectura-manifest-aturada-per-palestina\/attachment\/img20250918120652\/'><img loading=\"lazy\" decoding=\"async\" width=\"1333\" height=\"1000\" src=\"https:\/\/agora.xtec.cat\/iespauclaris\/wp-content\/uploads\/usu835\/2025\/10\/IMG20250918120652.jpg\" class=\"attachment-full size-full\" alt=\"\" srcset=\"https:\/\/agora.xtec.cat\/iespauclaris\/wp-content\/uploads\/usu835\/2025\/10\/IMG20250918120652.jpg 1333w, https:\/\/agora.xtec.cat\/iespauclaris\/wp-content\/uploads\/usu835\/2025\/10\/IMG20250918120652-300x225.jpg 300w, https:\/\/agora.xtec.cat\/iespauclaris\/wp-content\/uploads\/usu835\/2025\/10\/IMG20250918120652-1024x768.jpg 1024w, https:\/\/agora.xtec.cat\/iespauclaris\/wp-content\/uploads\/usu835\/2025\/10\/IMG20250918120652-768x576.jpg 768w, https:\/\/agora.xtec.cat\/iespauclaris\/wp-content\/uploads\/usu835\/2025\/10\/IMG20250918120652-200x150.jpg 200w\" sizes=\"auto, (max-width: 1333px) 100vw, 1333px\" \/><\/a>\n\t\t\t<\/dt><\/dl><dl class='gallery-item'>\n\t\t\t<dt class='gallery-icon landscape'>\n\t\t\t\t<a href='https:\/\/agora.xtec.cat\/iespauclaris\/general\/lectura-manifest-aturada-per-palestina\/attachment\/img20250918120744\/'><img loading=\"lazy\" decoding=\"async\" width=\"1333\" height=\"1000\" src=\"https:\/\/agora.xtec.cat\/iespauclaris\/wp-content\/uploads\/usu835\/2025\/10\/IMG20250918120744.jpg\" class=\"attachment-full size-full\" alt=\"\" srcset=\"https:\/\/agora.xtec.cat\/iespauclaris\/wp-content\/uploads\/usu835\/2025\/10\/IMG20250918120744.jpg 1333w, https:\/\/agora.xtec.cat\/iespauclaris\/wp-content\/uploads\/usu835\/2025\/10\/IMG20250918120744-300x225.jpg 300w, https:\/\/agora.xtec.cat\/iespauclaris\/wp-content\/uploads\/usu835\/2025\/10\/IMG20250918120744-1024x768.jpg 1024w, https:\/\/agora.xtec.cat\/iespauclaris\/wp-content\/uploads\/usu835\/2025\/10\/IMG20250918120744-768x576.jpg 768w, https:\/\/agora.xtec.cat\/iespauclaris\/wp-content\/uploads\/usu835\/2025\/10\/IMG20250918120744-200x150.jpg 200w\" sizes=\"auto, (max-width: 1333px) 100vw, 1333px\" \/><\/a>\n\t\t\t<\/dt><\/dl><br style=\"clear: both\" \/><dl class='gallery-item'>\n\t\t\t<dt class='gallery-icon landscape'>\n\t\t\t\t<a href='https:\/\/agora.xtec.cat\/iespauclaris\/general\/lectura-manifest-aturada-per-palestina\/attachment\/img20250918120756\/'><img loading=\"lazy\" decoding=\"async\" width=\"1333\" height=\"1000\" src=\"https:\/\/agora.xtec.cat\/iespauclaris\/wp-content\/uploads\/usu835\/2025\/10\/IMG20250918120756.jpg\" class=\"attachment-full size-full\" alt=\"\" srcset=\"https:\/\/agora.xtec.cat\/iespauclaris\/wp-content\/uploads\/usu835\/2025\/10\/IMG20250918120756.jpg 1333w, https:\/\/agora.xtec.cat\/iespauclaris\/wp-content\/uploads\/usu835\/2025\/10\/IMG20250918120756-300x225.jpg 300w, https:\/\/agora.xtec.cat\/iespauclaris\/wp-content\/uploads\/usu835\/2025\/10\/IMG20250918120756-1024x768.jpg 1024w, https:\/\/agora.xtec.cat\/iespauclaris\/wp-content\/uploads\/usu835\/2025\/10\/IMG20250918120756-768x576.jpg 768w, https:\/\/agora.xtec.cat\/iespauclaris\/wp-content\/uploads\/usu835\/2025\/10\/IMG20250918120756-200x150.jpg 200w\" sizes=\"auto, (max-width: 1333px) 100vw, 1333px\" \/><\/a>\n\t\t\t<\/dt><\/dl><dl class='gallery-item'>\n\t\t\t<dt class='gallery-icon landscape'>\n\t\t\t\t<a href='https:\/\/agora.xtec.cat\/iespauclaris\/general\/lectura-manifest-aturada-per-palestina\/attachment\/img20250918120941\/'><img loading=\"lazy\" decoding=\"async\" width=\"1333\" height=\"1000\" src=\"https:\/\/agora.xtec.cat\/iespauclaris\/wp-content\/uploads\/usu835\/2025\/10\/IMG20250918120941.jpg\" class=\"attachment-full size-full\" alt=\"\" srcset=\"https:\/\/agora.xtec.cat\/iespauclaris\/wp-content\/uploads\/usu835\/2025\/10\/IMG20250918120941.jpg 1333w, https:\/\/agora.xtec.cat\/iespauclaris\/wp-content\/uploads\/usu835\/2025\/10\/IMG20250918120941-300x225.jpg 300w, https:\/\/agora.xtec.cat\/iespauclaris\/wp-content\/uploads\/usu835\/2025\/10\/IMG20250918120941-1024x768.jpg 1024w, https:\/\/agora.xtec.cat\/iespauclaris\/wp-content\/uploads\/usu835\/2025\/10\/IMG20250918120941-768x576.jpg 768w, https:\/\/agora.xtec.cat\/iespauclaris\/wp-content\/uploads\/usu835\/2025\/10\/IMG20250918120941-200x150.jpg 200w\" sizes=\"auto, (max-width: 1333px) 100vw, 1333px\" \/><\/a>\n\t\t\t<\/dt><\/dl><br style=\"clear: both\" \/>\n\t\t<\/div>\n\n","protected":false},"excerpt":{"rendered":"<p>El passat dijous 18 de setembre, de 12 a 12.30 h, la comunitat educativa del centre vam aturar les classes en solidaritat amb el poble palest\u00ed. L\u2019alumnat va romandre al pati i es va llegir un manifest per denunciar el genocidi i exigir la fi&hellip;  <a href=\"https:\/\/agora.xtec.cat\/iespauclaris\/general\/lectura-manifest-aturada-per-palestina\/\" title=\"Read Lectura manifest &#8211; aturada per Palestina\">Llegeix m\u00e9s\u00bb<\/a><\/p>\n","protected":false},"author":1,"featured_media":7438,"comment_status":"closed","ping_status":"open","sticky":false,"template":"","format":"standard","meta":{"_bbp_topic_count":0,"_bbp_reply_count":0,"_bbp_total_topic_count":0,"_bbp_total_reply_count":0,"_bbp_voice_count":0,"_bbp_anonymous_reply_count":0,"_bbp_topic_count_hidden":0,"_bbp_reply_count_hidden":0,"_bbp_forum_subforum_count":0,"footnotes":""},"categories":[8,3,1,29],"tags":[],"class_list":["post-7437","post","type-post","status-publish","format-standard","has-post-thumbnail","hentry","category-batxillerat","category-eso","category-general","category-portada"],"post_mailing_queue_ids":[],"_links":{"self":[{"href":"https:\/\/agora.xtec.cat\/iespauclaris\/wp-json\/wp\/v2\/posts\/7437","targetHints":{"allow":["GET"]}}],"collection":[{"href":"https:\/\/agora.xtec.cat\/iespauclaris\/wp-json\/wp\/v2\/posts"}],"about":[{"href":"https:\/\/agora.xtec.cat\/iespauclaris\/wp-json\/wp\/v2\/types\/post"}],"author":[{"embeddable":true,"href":"https:\/\/agora.xtec.cat\/iespauclaris\/wp-json\/wp\/v2\/users\/1"}],"replies":[{"embeddable":true,"href":"https:\/\/agora.xtec.cat\/iespauclaris\/wp-json\/wp\/v2\/comments?post=7437"}],"version-history":[{"count":2,"href":"https:\/\/agora.xtec.cat\/iespauclaris\/wp-json\/wp\/v2\/posts\/7437\/revisions"}],"predecessor-version":[{"id":7445,"href":"https:\/\/agora.xtec.cat\/iespauclaris\/wp-json\/wp\/v2\/posts\/7437\/revisions\/7445"}],"wp:featuredmedia":[{"embeddable":true,"href":"https:\/\/agora.xtec.cat\/iespauclaris\/wp-json\/wp\/v2\/media\/7438"}],"wp:attachment":[{"href":"https:\/\/agora.xtec.cat\/iespauclaris\/wp-json\/wp\/v2\/media?parent=7437"}],"wp:term":[{"taxonomy":"category","embeddable":true,"href":"https:\/\/agora.xtec.cat\/iespauclaris\/wp-json\/wp\/v2\/categories?post=7437"},{"taxonomy":"post_tag","embeddable":true,"href":"https:\/\/agora.xtec.cat\/iespauclaris\/wp-json\/wp\/v2\/tags?post=7437"}],"curies":[{"name":"wp","href":"https:\/\/api.w.org\/{rel}","templated":true}]}}