{"id":7354,"date":"2025-07-21T08:03:50","date_gmt":"2025-07-21T06:03:50","guid":{"rendered":"https:\/\/agora.xtec.cat\/iespauclaris\/?p=7354"},"modified":"2025-07-21T08:38:03","modified_gmt":"2025-07-21T06:38:03","slug":"extraescolars-curs-2025-26","status":"publish","type":"post","link":"https:\/\/agora.xtec.cat\/iespauclaris\/portada\/extraescolars-curs-2025-26\/","title":{"rendered":"Extraescolars curs 2025-26"},"content":{"rendered":"<p>Atenci\u00f3 que ja tenim aqu\u00ed les activitats extraescolars per curs que ve!!!!<\/p>\n<p>Les activitats extraescolars es porten a terme fora de l\u2019horari lectiu i amb l\u2019objectiu de complementar-lo, sempre seguint la l\u00ednia pedag\u00f2gica de l\u2019Institut. Contribueixen a despertar inquietuds, millorar els coneixements en diferents \u00e0rees, fomentar la creativitat, refor\u00e7ar valors i afavorir la cohesi\u00f3 social en un ambient m\u00e9s dist\u00e8s, sense oblidar la seva qualitat formativa. Us presentem a continuaci\u00f3 i amb molta il\u00b7lusi\u00f3 la proposta d\u2019activitats extraescolars pel curs <strong>2025-2026<\/strong>. Enguany ampliem de nou l\u2019oferta intentant respondre a les demandes que els nois i noies ens van fer a trav\u00e9s d\u2019una enquesta.<br \/>\nEn el seg\u00fcent enlla\u00e7 hi podreu trobar tota la informaci\u00f3 sobre les activitats que s&#8217;ofereixen:<span style=\"font-weight: 400;\">:<\/span><b><\/b><\/p>\n<p><a href=\"https:\/\/agora.xtec.cat\/iespauclaris\/wp-content\/uploads\/usu835\/2025\/07\/Document-extraescolars-per-pujar-al-web-2025-2026.pdf\"><b>informaci\u00f3 extraescolars 2025-26<\/b><\/a><\/p>\n<p>Les\u00a0<strong>inscripcions s\u2019han de fer de forma digital mitjan\u00e7ant els seg\u00fcents formularis:<\/strong><\/p>\n<p><span style=\"font-weight: 400;\">Si voleu fer piscina, cuines del m\u00f3n, laboratori d\u2019arts, joves periodistes i Extra! Extra! (teatre musical, dansa urbana, audiovisual comunitari, taller de rap) ompliu aquest <a href=\"https:\/\/forms.gle\/ADzmF2kmntdjmgKHA\"><b>Formulari d&#8217;inscripci\u00f3<\/b><\/a>\u00a0<\/span><\/p>\n<p><strong>Si s\u00f3n activitats del Convivim Esportivament, ompliu\u00a0<\/strong><a href=\"https:\/\/panel.feeb.cat\/alta-alumnos\/o6QnfmkkaXtzDZMkKVVQWQ_p0r_3D_p0r_3D\"><strong>aquest<\/strong> <strong>formulari (properament)<\/strong><\/a><\/p>\n<p>La inscripci\u00f3 a la\u00a0<strong>Gimn\u00e0stica R\u00edtmica cal fer-la directament al web del\u00a0<\/strong><a href=\"https:\/\/clubesportiubarna.com\/?page_id=30\">Club Esportiu Barna<\/a>.<\/p>\n<p>Totes les activitats estan subjectes al fet que hi hagi un nombre m\u00ednim d\u2019inscripcions. Algunes activitats tamb\u00e9 tenen un nombre m\u00e0xim de participants. Si es supera es farien llistes d\u2019espera.<\/p>\n<p><span style=\"font-weight: 400;\">Recordeu que si sou una fam\u00edlia s\u00f2cia de l\u2019AFA teniu descompte en totes les activitats! <\/span><a href=\"https:\/\/docs.google.com\/forms\/d\/e\/1FAIpQLSdFMVBM3lN07pQ5Y3q9ZQuDyaeZKZrjer3OnGvYg1UMNRT14A\/viewform?usp=sharing&amp;ouid=117394839136750403645\"><b>Formulari s\u00f2cia<\/b><\/a><\/p>\n<p>Bon estiu!<\/p>\n<p><span style=\"font-weight: 400;\">AFA Pau Claris\u00a0<\/span><\/p>\n<p>&nbsp;<\/p>\n","protected":false},"excerpt":{"rendered":"<p>Atenci\u00f3 que ja tenim aqu\u00ed les activitats extraescolars per curs que ve!!!!<br \/>\nLes activitats extraescolars es porten a terme fora de l\u2019horari lectiu i amb l\u2019objectiu de complementar-lo, sempre seguint la l\u00ednia pedag\u00f2gica de l\u2019Institut. Contribueixen a despertar inquietuds, millorar els coneixements en diferents \u00e0rees, fomentar&hellip;  <a href=\"https:\/\/agora.xtec.cat\/iespauclaris\/portada\/extraescolars-curs-2025-26\/\" title=\"Read Extraescolars curs 2025-26\">Llegeix m\u00e9s\u00bb<\/a><\/p>\n","protected":false},"author":6,"featured_media":7361,"comment_status":"closed","ping_status":"open","sticky":false,"template":"","format":"standard","meta":{"_bbp_topic_count":0,"_bbp_reply_count":0,"_bbp_total_topic_count":0,"_bbp_total_reply_count":0,"_bbp_voice_count":0,"_bbp_anonymous_reply_count":0,"_bbp_topic_count_hidden":0,"_bbp_reply_count_hidden":0,"_bbp_forum_subforum_count":0,"footnotes":""},"categories":[31,129,29],"tags":[],"class_list":["post-7354","post","type-post","status-publish","format-standard","has-post-thumbnail","hentry","category-afa","category-noticies-afa","category-portada"],"post_mailing_queue_ids":[],"_links":{"self":[{"href":"https:\/\/agora.xtec.cat\/iespauclaris\/wp-json\/wp\/v2\/posts\/7354","targetHints":{"allow":["GET"]}}],"collection":[{"href":"https:\/\/agora.xtec.cat\/iespauclaris\/wp-json\/wp\/v2\/posts"}],"about":[{"href":"https:\/\/agora.xtec.cat\/iespauclaris\/wp-json\/wp\/v2\/types\/post"}],"author":[{"embeddable":true,"href":"https:\/\/agora.xtec.cat\/iespauclaris\/wp-json\/wp\/v2\/users\/6"}],"replies":[{"embeddable":true,"href":"https:\/\/agora.xtec.cat\/iespauclaris\/wp-json\/wp\/v2\/comments?post=7354"}],"version-history":[{"count":6,"href":"https:\/\/agora.xtec.cat\/iespauclaris\/wp-json\/wp\/v2\/posts\/7354\/revisions"}],"predecessor-version":[{"id":7372,"href":"https:\/\/agora.xtec.cat\/iespauclaris\/wp-json\/wp\/v2\/posts\/7354\/revisions\/7372"}],"wp:featuredmedia":[{"embeddable":true,"href":"https:\/\/agora.xtec.cat\/iespauclaris\/wp-json\/wp\/v2\/media\/7361"}],"wp:attachment":[{"href":"https:\/\/agora.xtec.cat\/iespauclaris\/wp-json\/wp\/v2\/media?parent=7354"}],"wp:term":[{"taxonomy":"category","embeddable":true,"href":"https:\/\/agora.xtec.cat\/iespauclaris\/wp-json\/wp\/v2\/categories?post=7354"},{"taxonomy":"post_tag","embeddable":true,"href":"https:\/\/agora.xtec.cat\/iespauclaris\/wp-json\/wp\/v2\/tags?post=7354"}],"curies":[{"name":"wp","href":"https:\/\/api.w.org\/{rel}","templated":true}]}}