{"id":7326,"date":"2025-06-30T09:24:17","date_gmt":"2025-06-30T07:24:17","guid":{"rendered":"https:\/\/agora.xtec.cat\/iespauclaris\/?p=7326"},"modified":"2025-06-30T10:52:08","modified_gmt":"2025-06-30T08:52:08","slug":"curtmetratge-les-distancies","status":"publish","type":"post","link":"https:\/\/agora.xtec.cat\/iespauclaris\/general\/curtmetratge-les-distancies\/","title":{"rendered":"Curtmetratge &#8216;Les dist\u00e0ncies&#8217;"},"content":{"rendered":"<p>&#8220;Les dist\u00e0ncies&#8221;, un retrat sincer sobre la joventut migrant, \u00e9s el fruit del treball col\u00b7lectiu d\u2019un grup de joves de l\u2019Institut Pau Claris dins del programa pedag\u00f2gic &#8220;Cinema en curs&#8221;, impulsat per l\u2019associaci\u00f3 A Bao A Qu. La pel\u00b7l\u00edcula narra la hist\u00f2ria de l\u2019Omar, un jove que arriba a Barcelona amb l\u2019esperan\u00e7a d\u2019un futur millor i es troba amb una realitat complexa i sovint hostil. El projecte ha perm\u00e8s als alumnes explorar el cinema com a eina de reflexi\u00f3 i expressi\u00f3 social. L\u2019estrena, celebrada amb gran \u00e8xit de p\u00fablic al Centre C\u00edvic Pati Llimona, ha estat un reconeixement al seu esfor\u00e7 i comprom\u00eds. Podeu veure el film complet en aquest enlla\u00e7: <a href=\"https:\/\/vimeo.com\/1094724617\">https:\/\/vimeo.com\/1094724617<\/a><\/p>\n\n\t\t<style type=\"text\/css\">\n\t\t\t#gallery-1 {\n\t\t\t\tmargin: auto;\n\t\t\t}\n\t\t\t#gallery-1 .gallery-item {\n\t\t\t\tfloat: left;\n\t\t\t\tmargin-top: 10px;\n\t\t\t\ttext-align: center;\n\t\t\t\twidth: 50%;\n\t\t\t}\n\t\t\t#gallery-1 img {\n\t\t\t\tborder: 2px solid #cfcfcf;\n\t\t\t}\n\t\t\t#gallery-1 .gallery-caption {\n\t\t\t\tmargin-left: 0;\n\t\t\t}\n\t\t\t\/* see gallery_shortcode() in wp-includes\/media.php *\/\n\t\t<\/style>\n\t\t<div id='gallery-1' class='gallery galleryid-7326 gallery-columns-2 gallery-size-full'><dl class='gallery-item'>\n\t\t\t<dt class='gallery-icon landscape'>\n\t\t\t\t<a href='https:\/\/agora.xtec.cat\/iespauclaris\/general\/curtmetratge-les-distancies\/attachment\/img20250625203535\/'><img loading=\"lazy\" decoding=\"async\" width=\"2560\" height=\"1920\" src=\"https:\/\/agora.xtec.cat\/iespauclaris\/wp-content\/uploads\/usu835\/2025\/06\/IMG20250625203535-scaled.jpg\" class=\"attachment-full size-full\" alt=\"\" srcset=\"https:\/\/agora.xtec.cat\/iespauclaris\/wp-content\/uploads\/usu835\/2025\/06\/IMG20250625203535-scaled.jpg 2560w, https:\/\/agora.xtec.cat\/iespauclaris\/wp-content\/uploads\/usu835\/2025\/06\/IMG20250625203535-300x225.jpg 300w, https:\/\/agora.xtec.cat\/iespauclaris\/wp-content\/uploads\/usu835\/2025\/06\/IMG20250625203535-1024x768.jpg 1024w, https:\/\/agora.xtec.cat\/iespauclaris\/wp-content\/uploads\/usu835\/2025\/06\/IMG20250625203535-768x576.jpg 768w, https:\/\/agora.xtec.cat\/iespauclaris\/wp-content\/uploads\/usu835\/2025\/06\/IMG20250625203535-1536x1152.jpg 1536w, https:\/\/agora.xtec.cat\/iespauclaris\/wp-content\/uploads\/usu835\/2025\/06\/IMG20250625203535-2048x1536.jpg 2048w, https:\/\/agora.xtec.cat\/iespauclaris\/wp-content\/uploads\/usu835\/2025\/06\/IMG20250625203535-200x150.jpg 200w\" sizes=\"auto, (max-width: 2560px) 100vw, 2560px\" \/><\/a>\n\t\t\t<\/dt><\/dl><dl class='gallery-item'>\n\t\t\t<dt class='gallery-icon landscape'>\n\t\t\t\t<a href='https:\/\/agora.xtec.cat\/iespauclaris\/general\/curtmetratge-les-distancies\/attachment\/img20250625195953\/'><img loading=\"lazy\" decoding=\"async\" width=\"2550\" height=\"1357\" src=\"https:\/\/agora.xtec.cat\/iespauclaris\/wp-content\/uploads\/usu835\/2025\/06\/IMG20250625195953-scaled-e1751273450366.jpg\" class=\"attachment-full size-full\" alt=\"\" srcset=\"https:\/\/agora.xtec.cat\/iespauclaris\/wp-content\/uploads\/usu835\/2025\/06\/IMG20250625195953-scaled-e1751273450366.jpg 2550w, https:\/\/agora.xtec.cat\/iespauclaris\/wp-content\/uploads\/usu835\/2025\/06\/IMG20250625195953-scaled-e1751273450366-300x160.jpg 300w, https:\/\/agora.xtec.cat\/iespauclaris\/wp-content\/uploads\/usu835\/2025\/06\/IMG20250625195953-scaled-e1751273450366-1024x545.jpg 1024w, https:\/\/agora.xtec.cat\/iespauclaris\/wp-content\/uploads\/usu835\/2025\/06\/IMG20250625195953-scaled-e1751273450366-768x409.jpg 768w, https:\/\/agora.xtec.cat\/iespauclaris\/wp-content\/uploads\/usu835\/2025\/06\/IMG20250625195953-scaled-e1751273450366-1536x817.jpg 1536w, https:\/\/agora.xtec.cat\/iespauclaris\/wp-content\/uploads\/usu835\/2025\/06\/IMG20250625195953-scaled-e1751273450366-2048x1090.jpg 2048w\" sizes=\"auto, (max-width: 2550px) 100vw, 2550px\" \/><\/a>\n\t\t\t<\/dt><\/dl><br style=\"clear: both\" \/>\n\t\t<\/div>\n\n","protected":false},"excerpt":{"rendered":"<p>&#8220;Les dist\u00e0ncies&#8221;, un retrat sincer sobre la joventut migrant, \u00e9s el fruit del treball col\u00b7lectiu d\u2019un grup de joves de l\u2019Institut Pau Claris dins del programa pedag\u00f2gic &#8220;Cinema en curs&#8221;, impulsat per l\u2019associaci\u00f3 A Bao A Qu. La pel\u00b7l\u00edcula narra la hist\u00f2ria de l\u2019Omar, un&hellip;  <a href=\"https:\/\/agora.xtec.cat\/iespauclaris\/general\/curtmetratge-les-distancies\/\" title=\"Read Curtmetratge &#8216;Les dist\u00e0ncies&#8217;\">Llegeix m\u00e9s\u00bb<\/a><\/p>\n","protected":false},"author":1,"featured_media":7327,"comment_status":"closed","ping_status":"open","sticky":false,"template":"","format":"standard","meta":{"_bbp_topic_count":0,"_bbp_reply_count":0,"_bbp_total_topic_count":0,"_bbp_total_reply_count":0,"_bbp_voice_count":0,"_bbp_anonymous_reply_count":0,"_bbp_topic_count_hidden":0,"_bbp_reply_count_hidden":0,"_bbp_forum_subforum_count":0,"footnotes":""},"categories":[1,29],"tags":[],"class_list":["post-7326","post","type-post","status-publish","format-standard","has-post-thumbnail","hentry","category-general","category-portada"],"post_mailing_queue_ids":[],"_links":{"self":[{"href":"https:\/\/agora.xtec.cat\/iespauclaris\/wp-json\/wp\/v2\/posts\/7326","targetHints":{"allow":["GET"]}}],"collection":[{"href":"https:\/\/agora.xtec.cat\/iespauclaris\/wp-json\/wp\/v2\/posts"}],"about":[{"href":"https:\/\/agora.xtec.cat\/iespauclaris\/wp-json\/wp\/v2\/types\/post"}],"author":[{"embeddable":true,"href":"https:\/\/agora.xtec.cat\/iespauclaris\/wp-json\/wp\/v2\/users\/1"}],"replies":[{"embeddable":true,"href":"https:\/\/agora.xtec.cat\/iespauclaris\/wp-json\/wp\/v2\/comments?post=7326"}],"version-history":[{"count":3,"href":"https:\/\/agora.xtec.cat\/iespauclaris\/wp-json\/wp\/v2\/posts\/7326\/revisions"}],"predecessor-version":[{"id":7331,"href":"https:\/\/agora.xtec.cat\/iespauclaris\/wp-json\/wp\/v2\/posts\/7326\/revisions\/7331"}],"wp:featuredmedia":[{"embeddable":true,"href":"https:\/\/agora.xtec.cat\/iespauclaris\/wp-json\/wp\/v2\/media\/7327"}],"wp:attachment":[{"href":"https:\/\/agora.xtec.cat\/iespauclaris\/wp-json\/wp\/v2\/media?parent=7326"}],"wp:term":[{"taxonomy":"category","embeddable":true,"href":"https:\/\/agora.xtec.cat\/iespauclaris\/wp-json\/wp\/v2\/categories?post=7326"},{"taxonomy":"post_tag","embeddable":true,"href":"https:\/\/agora.xtec.cat\/iespauclaris\/wp-json\/wp\/v2\/tags?post=7326"}],"curies":[{"name":"wp","href":"https:\/\/api.w.org\/{rel}","templated":true}]}}