{"id":7291,"date":"2025-06-23T10:40:13","date_gmt":"2025-06-23T08:40:13","guid":{"rendered":"https:\/\/agora.xtec.cat\/iespauclaris\/?p=7291"},"modified":"2025-06-23T10:40:13","modified_gmt":"2025-06-23T08:40:13","slug":"visions-periferiques-2024-25","status":"publish","type":"post","link":"https:\/\/agora.xtec.cat\/iespauclaris\/general\/visions-periferiques-2024-25\/","title":{"rendered":"Visions Perif\u00e8riques 2024\/25"},"content":{"rendered":"<p data-start=\"179\" data-end=\"298\"><strong data-start=\"182\" data-end=\"298\">L\u2019alumnat de 3r i 4t d\u2019ESO de l\u2019Institut Pau Claris crea el curtmetratge \u201cEl futur d\u2019avui \u00e9s el present de dem\u00e0\u201d<\/strong><\/p>\n<p data-start=\"300\" data-end=\"555\">Aquest curs 2024\/25, l\u2019alumnat de 3r i 4t d\u2019ESO de l\u2019Institut Pau Claris ha participat en el projecte <em data-start=\"402\" data-end=\"424\">Visions Perif\u00e8riques<\/em>, una proposta educativa de <strong data-start=\"452\" data-end=\"466\">Drac M\u00e0gic<\/strong> en col\u00b7laboraci\u00f3 amb la <strong data-start=\"491\" data-end=\"554\">Mostra Internacional de Films de Dones de Barcelona (MIFDB)<\/strong>.<\/p>\n<p data-start=\"557\" data-end=\"1005\">Acompanyats per les cineastes <strong data-start=\"587\" data-end=\"603\">Sandra Reina<\/strong>, <strong data-start=\"605\" data-end=\"623\">N\u00faria Deulofeu<\/strong> i <strong data-start=\"626\" data-end=\"643\">Hajar Boujtat<\/strong>, i amb l\u2019assessorament de <strong data-start=\"670\" data-end=\"685\">Mar\u00eda Zafra<\/strong>, programadora de la MIFDB, l\u2019alumnat ha viscut una experi\u00e8ncia audiovisual completa: des de la reflexi\u00f3 cr\u00edtica fins a la creaci\u00f3 cinematogr\u00e0fica. El resultat d\u2019aquest proc\u00e9s \u00e9s el curt <strong data-start=\"872\" data-end=\"915\">\u201cEl futur d\u2019avui \u00e9s el present de dem\u00e0\u201d<\/strong>, que ja es pot veure aqu\u00ed \ud83d\udc49 <a class=\"\" href=\"https:\/\/youtu.be\/Jbm3bXKjJgU\" target=\"_new\" rel=\"noopener\" data-start=\"945\" data-end=\"1005\">https:\/\/youtu.be\/Jbm3bXKjJgU<\/a><\/p>\n<p data-start=\"1007\" data-end=\"1193\">\ud83d\udcfd\ufe0f El projecte va culminar amb una projecci\u00f3 p\u00fablica el <strong data-start=\"1064\" data-end=\"1096\">dimecres 15 de gener de 2025<\/strong> a <strong data-start=\"1099\" data-end=\"1161\">La Bonne, Centre de Cultura de Dones Francesca Bonnemaison<\/strong>, un espai referent a Barcelona.<\/p>\n<p data-start=\"1195\" data-end=\"1495\">Aquest treball forma part d\u2019un projecte col\u00b7lectiu que ha implicat <strong data-start=\"1262\" data-end=\"1308\">deu centres educatius d\u2019arreu de Catalunya<\/strong>, que han utilitzat el cinema com a eina de transformaci\u00f3 social, amb una mirada feminista, decolonial i cr\u00edtica sobre temes com el g\u00e8nere, les migracions, l\u2019ecologia o la cultura de pau.<\/p>\n<p data-start=\"1497\" data-end=\"1639\">Gr\u00e0cies a tot l\u2019equip de <em data-start=\"1522\" data-end=\"1544\">Visions Perif\u00e8riques<\/em>, a les professionals que ens han guiat i a tota la comunitat educativa que ho ha fet possible!<\/p>\n<p data-start=\"1497\" data-end=\"1639\">\n\n\t\t<style type=\"text\/css\">\n\t\t\t#gallery-1 {\n\t\t\t\tmargin: auto;\n\t\t\t}\n\t\t\t#gallery-1 .gallery-item {\n\t\t\t\tfloat: left;\n\t\t\t\tmargin-top: 10px;\n\t\t\t\ttext-align: center;\n\t\t\t\twidth: 33%;\n\t\t\t}\n\t\t\t#gallery-1 img {\n\t\t\t\tborder: 2px solid #cfcfcf;\n\t\t\t}\n\t\t\t#gallery-1 .gallery-caption {\n\t\t\t\tmargin-left: 0;\n\t\t\t}\n\t\t\t\/* see gallery_shortcode() in wp-includes\/media.php *\/\n\t\t<\/style>\n\t\t<div id='gallery-1' class='gallery galleryid-7291 gallery-columns-3 gallery-size-full'><dl class='gallery-item'>\n\t\t\t<dt class='gallery-icon landscape'>\n\t\t\t\t<a href='https:\/\/agora.xtec.cat\/iespauclaris\/general\/visions-periferiques-2024-25\/attachment\/01-pau-claris-24_25\/'><img loading=\"lazy\" decoding=\"async\" width=\"750\" height=\"500\" src=\"https:\/\/agora.xtec.cat\/iespauclaris\/wp-content\/uploads\/usu835\/2025\/06\/01-pau-claris-24_25.png\" class=\"attachment-full size-full\" alt=\"\" srcset=\"https:\/\/agora.xtec.cat\/iespauclaris\/wp-content\/uploads\/usu835\/2025\/06\/01-pau-claris-24_25.png 750w, https:\/\/agora.xtec.cat\/iespauclaris\/wp-content\/uploads\/usu835\/2025\/06\/01-pau-claris-24_25-300x200.png 300w\" sizes=\"auto, (max-width: 750px) 100vw, 750px\" \/><\/a>\n\t\t\t<\/dt><\/dl><dl class='gallery-item'>\n\t\t\t<dt class='gallery-icon landscape'>\n\t\t\t\t<a href='https:\/\/agora.xtec.cat\/iespauclaris\/general\/visions-periferiques-2024-25\/attachment\/02-pau-claris-24_25\/'><img loading=\"lazy\" decoding=\"async\" width=\"1517\" height=\"1012\" src=\"https:\/\/agora.xtec.cat\/iespauclaris\/wp-content\/uploads\/usu835\/2025\/06\/02-pau-claris-24_25.png\" class=\"attachment-full size-full\" alt=\"\" srcset=\"https:\/\/agora.xtec.cat\/iespauclaris\/wp-content\/uploads\/usu835\/2025\/06\/02-pau-claris-24_25.png 1517w, https:\/\/agora.xtec.cat\/iespauclaris\/wp-content\/uploads\/usu835\/2025\/06\/02-pau-claris-24_25-300x200.png 300w, https:\/\/agora.xtec.cat\/iespauclaris\/wp-content\/uploads\/usu835\/2025\/06\/02-pau-claris-24_25-1024x683.png 1024w, https:\/\/agora.xtec.cat\/iespauclaris\/wp-content\/uploads\/usu835\/2025\/06\/02-pau-claris-24_25-768x512.png 768w\" sizes=\"auto, (max-width: 1517px) 100vw, 1517px\" \/><\/a>\n\t\t\t<\/dt><\/dl><dl class='gallery-item'>\n\t\t\t<dt class='gallery-icon landscape'>\n\t\t\t\t<a href='https:\/\/agora.xtec.cat\/iespauclaris\/general\/visions-periferiques-2024-25\/attachment\/04-pau-claris-24_25\/'><img loading=\"lazy\" decoding=\"async\" width=\"750\" height=\"500\" src=\"https:\/\/agora.xtec.cat\/iespauclaris\/wp-content\/uploads\/usu835\/2025\/06\/04-pau-claris-24_25.png\" class=\"attachment-full size-full\" alt=\"\" srcset=\"https:\/\/agora.xtec.cat\/iespauclaris\/wp-content\/uploads\/usu835\/2025\/06\/04-pau-claris-24_25.png 750w, https:\/\/agora.xtec.cat\/iespauclaris\/wp-content\/uploads\/usu835\/2025\/06\/04-pau-claris-24_25-300x200.png 300w\" sizes=\"auto, (max-width: 750px) 100vw, 750px\" \/><\/a>\n\t\t\t<\/dt><\/dl><br style=\"clear: both\" \/><dl class='gallery-item'>\n\t\t\t<dt class='gallery-icon landscape'>\n\t\t\t\t<a href='https:\/\/agora.xtec.cat\/iespauclaris\/general\/visions-periferiques-2024-25\/attachment\/07-pau-claris-24_25\/'><img loading=\"lazy\" decoding=\"async\" width=\"750\" height=\"500\" src=\"https:\/\/agora.xtec.cat\/iespauclaris\/wp-content\/uploads\/usu835\/2025\/06\/07-pau-claris-24_25.png\" class=\"attachment-full size-full\" alt=\"\" srcset=\"https:\/\/agora.xtec.cat\/iespauclaris\/wp-content\/uploads\/usu835\/2025\/06\/07-pau-claris-24_25.png 750w, https:\/\/agora.xtec.cat\/iespauclaris\/wp-content\/uploads\/usu835\/2025\/06\/07-pau-claris-24_25-300x200.png 300w\" sizes=\"auto, (max-width: 750px) 100vw, 750px\" \/><\/a>\n\t\t\t<\/dt><\/dl><dl class='gallery-item'>\n\t\t\t<dt class='gallery-icon landscape'>\n\t\t\t\t<a href='https:\/\/agora.xtec.cat\/iespauclaris\/general\/visions-periferiques-2024-25\/attachment\/08-pau-claris-24_25\/'><img loading=\"lazy\" decoding=\"async\" width=\"750\" height=\"500\" src=\"https:\/\/agora.xtec.cat\/iespauclaris\/wp-content\/uploads\/usu835\/2025\/06\/08-pau-claris-24_25.png\" class=\"attachment-full size-full\" alt=\"\" srcset=\"https:\/\/agora.xtec.cat\/iespauclaris\/wp-content\/uploads\/usu835\/2025\/06\/08-pau-claris-24_25.png 750w, https:\/\/agora.xtec.cat\/iespauclaris\/wp-content\/uploads\/usu835\/2025\/06\/08-pau-claris-24_25-300x200.png 300w\" sizes=\"auto, (max-width: 750px) 100vw, 750px\" \/><\/a>\n\t\t\t<\/dt><\/dl><dl class='gallery-item'>\n\t\t\t<dt class='gallery-icon landscape'>\n\t\t\t\t<a href='https:\/\/agora.xtec.cat\/iespauclaris\/general\/visions-periferiques-2024-25\/attachment\/09-pau-claris-24_25\/'><img loading=\"lazy\" decoding=\"async\" width=\"750\" height=\"500\" src=\"https:\/\/agora.xtec.cat\/iespauclaris\/wp-content\/uploads\/usu835\/2025\/06\/09-pau-claris-24_25.png\" class=\"attachment-full size-full\" alt=\"\" srcset=\"https:\/\/agora.xtec.cat\/iespauclaris\/wp-content\/uploads\/usu835\/2025\/06\/09-pau-claris-24_25.png 750w, https:\/\/agora.xtec.cat\/iespauclaris\/wp-content\/uploads\/usu835\/2025\/06\/09-pau-claris-24_25-300x200.png 300w\" sizes=\"auto, (max-width: 750px) 100vw, 750px\" \/><\/a>\n\t\t\t<\/dt><\/dl><br style=\"clear: both\" \/><dl class='gallery-item'>\n\t\t\t<dt class='gallery-icon landscape'>\n\t\t\t\t<a href='https:\/\/agora.xtec.cat\/iespauclaris\/general\/visions-periferiques-2024-25\/attachment\/dsc02837\/'><img loading=\"lazy\" decoding=\"async\" width=\"1517\" height=\"1012\" src=\"https:\/\/agora.xtec.cat\/iespauclaris\/wp-content\/uploads\/usu835\/2025\/06\/DSC02837.jpg\" class=\"attachment-full size-full\" alt=\"\" srcset=\"https:\/\/agora.xtec.cat\/iespauclaris\/wp-content\/uploads\/usu835\/2025\/06\/DSC02837.jpg 1517w, https:\/\/agora.xtec.cat\/iespauclaris\/wp-content\/uploads\/usu835\/2025\/06\/DSC02837-300x200.jpg 300w, https:\/\/agora.xtec.cat\/iespauclaris\/wp-content\/uploads\/usu835\/2025\/06\/DSC02837-1024x683.jpg 1024w, https:\/\/agora.xtec.cat\/iespauclaris\/wp-content\/uploads\/usu835\/2025\/06\/DSC02837-768x512.jpg 768w\" sizes=\"auto, (max-width: 1517px) 100vw, 1517px\" \/><\/a>\n\t\t\t<\/dt><\/dl><dl class='gallery-item'>\n\t\t\t<dt class='gallery-icon landscape'>\n\t\t\t\t<a href='https:\/\/agora.xtec.cat\/iespauclaris\/general\/visions-periferiques-2024-25\/attachment\/dsc02872\/'><img loading=\"lazy\" decoding=\"async\" width=\"1517\" height=\"1012\" src=\"https:\/\/agora.xtec.cat\/iespauclaris\/wp-content\/uploads\/usu835\/2025\/06\/DSC02872.jpg\" class=\"attachment-full size-full\" alt=\"\" srcset=\"https:\/\/agora.xtec.cat\/iespauclaris\/wp-content\/uploads\/usu835\/2025\/06\/DSC02872.jpg 1517w, https:\/\/agora.xtec.cat\/iespauclaris\/wp-content\/uploads\/usu835\/2025\/06\/DSC02872-300x200.jpg 300w, https:\/\/agora.xtec.cat\/iespauclaris\/wp-content\/uploads\/usu835\/2025\/06\/DSC02872-1024x683.jpg 1024w, https:\/\/agora.xtec.cat\/iespauclaris\/wp-content\/uploads\/usu835\/2025\/06\/DSC02872-768x512.jpg 768w\" sizes=\"auto, (max-width: 1517px) 100vw, 1517px\" \/><\/a>\n\t\t\t<\/dt><\/dl><dl class='gallery-item'>\n\t\t\t<dt class='gallery-icon landscape'>\n\t\t\t\t<a href='https:\/\/agora.xtec.cat\/iespauclaris\/general\/visions-periferiques-2024-25\/attachment\/dsc02944\/'><img loading=\"lazy\" decoding=\"async\" width=\"1517\" height=\"1012\" src=\"https:\/\/agora.xtec.cat\/iespauclaris\/wp-content\/uploads\/usu835\/2025\/06\/DSC02944.jpg\" class=\"attachment-full size-full\" alt=\"\" srcset=\"https:\/\/agora.xtec.cat\/iespauclaris\/wp-content\/uploads\/usu835\/2025\/06\/DSC02944.jpg 1517w, https:\/\/agora.xtec.cat\/iespauclaris\/wp-content\/uploads\/usu835\/2025\/06\/DSC02944-300x200.jpg 300w, https:\/\/agora.xtec.cat\/iespauclaris\/wp-content\/uploads\/usu835\/2025\/06\/DSC02944-1024x683.jpg 1024w, https:\/\/agora.xtec.cat\/iespauclaris\/wp-content\/uploads\/usu835\/2025\/06\/DSC02944-768x512.jpg 768w\" sizes=\"auto, (max-width: 1517px) 100vw, 1517px\" \/><\/a>\n\t\t\t<\/dt><\/dl><br style=\"clear: both\" \/><dl class='gallery-item'>\n\t\t\t<dt class='gallery-icon landscape'>\n\t\t\t\t<a href='https:\/\/agora.xtec.cat\/iespauclaris\/general\/visions-periferiques-2024-25\/attachment\/dsc02968\/'><img loading=\"lazy\" decoding=\"async\" width=\"1517\" height=\"1012\" src=\"https:\/\/agora.xtec.cat\/iespauclaris\/wp-content\/uploads\/usu835\/2025\/06\/DSC02968.jpg\" class=\"attachment-full size-full\" alt=\"\" srcset=\"https:\/\/agora.xtec.cat\/iespauclaris\/wp-content\/uploads\/usu835\/2025\/06\/DSC02968.jpg 1517w, https:\/\/agora.xtec.cat\/iespauclaris\/wp-content\/uploads\/usu835\/2025\/06\/DSC02968-300x200.jpg 300w, https:\/\/agora.xtec.cat\/iespauclaris\/wp-content\/uploads\/usu835\/2025\/06\/DSC02968-1024x683.jpg 1024w, https:\/\/agora.xtec.cat\/iespauclaris\/wp-content\/uploads\/usu835\/2025\/06\/DSC02968-768x512.jpg 768w\" sizes=\"auto, (max-width: 1517px) 100vw, 1517px\" \/><\/a>\n\t\t\t<\/dt><\/dl><dl class='gallery-item'>\n\t\t\t<dt class='gallery-icon landscape'>\n\t\t\t\t<a href='https:\/\/agora.xtec.cat\/iespauclaris\/general\/visions-periferiques-2024-25\/attachment\/dsc02981\/'><img loading=\"lazy\" decoding=\"async\" width=\"1517\" height=\"1012\" src=\"https:\/\/agora.xtec.cat\/iespauclaris\/wp-content\/uploads\/usu835\/2025\/06\/DSC02981.jpg\" class=\"attachment-full size-full\" alt=\"\" srcset=\"https:\/\/agora.xtec.cat\/iespauclaris\/wp-content\/uploads\/usu835\/2025\/06\/DSC02981.jpg 1517w, https:\/\/agora.xtec.cat\/iespauclaris\/wp-content\/uploads\/usu835\/2025\/06\/DSC02981-300x200.jpg 300w, https:\/\/agora.xtec.cat\/iespauclaris\/wp-content\/uploads\/usu835\/2025\/06\/DSC02981-1024x683.jpg 1024w, https:\/\/agora.xtec.cat\/iespauclaris\/wp-content\/uploads\/usu835\/2025\/06\/DSC02981-768x512.jpg 768w\" sizes=\"auto, (max-width: 1517px) 100vw, 1517px\" \/><\/a>\n\t\t\t<\/dt><\/dl><dl class='gallery-item'>\n\t\t\t<dt class='gallery-icon landscape'>\n\t\t\t\t<a href='https:\/\/agora.xtec.cat\/iespauclaris\/general\/visions-periferiques-2024-25\/attachment\/dsc03023\/'><img loading=\"lazy\" decoding=\"async\" width=\"1517\" height=\"1012\" src=\"https:\/\/agora.xtec.cat\/iespauclaris\/wp-content\/uploads\/usu835\/2025\/06\/DSC03023.jpg\" class=\"attachment-full size-full\" alt=\"\" srcset=\"https:\/\/agora.xtec.cat\/iespauclaris\/wp-content\/uploads\/usu835\/2025\/06\/DSC03023.jpg 1517w, https:\/\/agora.xtec.cat\/iespauclaris\/wp-content\/uploads\/usu835\/2025\/06\/DSC03023-300x200.jpg 300w, https:\/\/agora.xtec.cat\/iespauclaris\/wp-content\/uploads\/usu835\/2025\/06\/DSC03023-1024x683.jpg 1024w, https:\/\/agora.xtec.cat\/iespauclaris\/wp-content\/uploads\/usu835\/2025\/06\/DSC03023-768x512.jpg 768w\" sizes=\"auto, (max-width: 1517px) 100vw, 1517px\" \/><\/a>\n\t\t\t<\/dt><\/dl><br style=\"clear: both\" \/>\n\t\t<\/div>\n\n","protected":false},"excerpt":{"rendered":"<p>L\u2019alumnat de 3r i 4t d\u2019ESO de l\u2019Institut Pau Claris crea el curtmetratge \u201cEl futur d\u2019avui \u00e9s el present de dem\u00e0\u201d<br \/>\nAquest curs 2024\/25, l\u2019alumnat de 3r i 4t d\u2019ESO de l\u2019Institut Pau Claris ha participat en el projecte Visions Perif\u00e8riques, una proposta educativa de Drac&hellip;  <a href=\"https:\/\/agora.xtec.cat\/iespauclaris\/general\/visions-periferiques-2024-25\/\" title=\"Read Visions Perif\u00e8riques 2024\/25\">Llegeix m\u00e9s\u00bb<\/a><\/p>\n","protected":false},"author":1,"featured_media":7292,"comment_status":"closed","ping_status":"open","sticky":false,"template":"","format":"standard","meta":{"_bbp_topic_count":0,"_bbp_reply_count":0,"_bbp_total_topic_count":0,"_bbp_total_reply_count":0,"_bbp_voice_count":0,"_bbp_anonymous_reply_count":0,"_bbp_topic_count_hidden":0,"_bbp_reply_count_hidden":0,"_bbp_forum_subforum_count":0,"footnotes":""},"categories":[3,6,7,1,29],"tags":[],"class_list":["post-7291","post","type-post","status-publish","format-standard","has-post-thumbnail","hentry","category-eso","category-eso-3","category-eso-4","category-general","category-portada"],"post_mailing_queue_ids":[],"_links":{"self":[{"href":"https:\/\/agora.xtec.cat\/iespauclaris\/wp-json\/wp\/v2\/posts\/7291","targetHints":{"allow":["GET"]}}],"collection":[{"href":"https:\/\/agora.xtec.cat\/iespauclaris\/wp-json\/wp\/v2\/posts"}],"about":[{"href":"https:\/\/agora.xtec.cat\/iespauclaris\/wp-json\/wp\/v2\/types\/post"}],"author":[{"embeddable":true,"href":"https:\/\/agora.xtec.cat\/iespauclaris\/wp-json\/wp\/v2\/users\/1"}],"replies":[{"embeddable":true,"href":"https:\/\/agora.xtec.cat\/iespauclaris\/wp-json\/wp\/v2\/comments?post=7291"}],"version-history":[{"count":1,"href":"https:\/\/agora.xtec.cat\/iespauclaris\/wp-json\/wp\/v2\/posts\/7291\/revisions"}],"predecessor-version":[{"id":7304,"href":"https:\/\/agora.xtec.cat\/iespauclaris\/wp-json\/wp\/v2\/posts\/7291\/revisions\/7304"}],"wp:featuredmedia":[{"embeddable":true,"href":"https:\/\/agora.xtec.cat\/iespauclaris\/wp-json\/wp\/v2\/media\/7292"}],"wp:attachment":[{"href":"https:\/\/agora.xtec.cat\/iespauclaris\/wp-json\/wp\/v2\/media?parent=7291"}],"wp:term":[{"taxonomy":"category","embeddable":true,"href":"https:\/\/agora.xtec.cat\/iespauclaris\/wp-json\/wp\/v2\/categories?post=7291"},{"taxonomy":"post_tag","embeddable":true,"href":"https:\/\/agora.xtec.cat\/iespauclaris\/wp-json\/wp\/v2\/tags?post=7291"}],"curies":[{"name":"wp","href":"https:\/\/api.w.org\/{rel}","templated":true}]}}