{"id":7232,"date":"2025-06-16T11:09:36","date_gmt":"2025-06-16T09:09:36","guid":{"rendered":"https:\/\/agora.xtec.cat\/iespauclaris\/?p=7232"},"modified":"2025-06-16T11:14:42","modified_gmt":"2025-06-16T09:14:42","slug":"probleu-acomiadem-el-curs-amb-consciencia-blava","status":"publish","type":"post","link":"https:\/\/agora.xtec.cat\/iespauclaris\/general\/probleu-acomiadem-el-curs-amb-consciencia-blava\/","title":{"rendered":"ProBleu: acomiadem el curs amb consci\u00e8ncia blava"},"content":{"rendered":"<p data-start=\"271\" data-end=\"455\">Estem molt contents de compartir amb vosaltres aquest v\u00eddeo recopilatori que mostra les diferents activitats que hem dut a terme al llarg del curs dins del marc del projecte <em data-start=\"445\" data-end=\"454\">ProBleu<\/em>.<\/p>\n<p data-start=\"457\" data-end=\"882\">Com a <strong data-start=\"463\" data-end=\"487\">Escola Blava Europea<\/strong>, hem tingut l\u2019oportunitat d\u2019endinsar-nos en el coneixement del mar i la sostenibilitat a trav\u00e9s d\u2019un treball conjunt amb l\u2019<strong data-start=\"611\" data-end=\"654\">Institut de Ci\u00e8ncies del Mar (ICM-CSIC)<\/strong>. Ha estat una experi\u00e8ncia enriquidora que ens ha perm\u00e8s apropar l\u2019alumnat a la ci\u00e8ncia marina, fomentar valors de respecte pel medi ambient i impulsar una consci\u00e8ncia cr\u00edtica sobre els reptes que afecten els ecosistemes marins.<\/p>\n<p data-start=\"884\" data-end=\"1024\">Volem agrair sincerament la implicaci\u00f3 de tot l\u2019alumnat i professorat, que ha fet possible aquest projecte amb il\u00b7lusi\u00f3, esfor\u00e7 i comprom\u00eds.<\/p>\n<p data-start=\"1026\" data-end=\"1090\">Us convidem a veure el v\u00eddeo que recull aquest viatge compartit!<\/p>\n<div style=\"width: 480px;\" class=\"wp-video\"><!--[if lt IE 9]><script>document.createElement('video');<\/script><![endif]-->\n<video class=\"wp-video-shortcode\" id=\"video-7232-1\" width=\"480\" height=\"854\" preload=\"metadata\" controls=\"controls\"><source type=\"video\/mp4\" src=\"https:\/\/agora.xtec.cat\/iespauclaris\/wp-content\/uploads\/usu835\/2025\/06\/ProBleu-2-1.mp4?_=1\" \/><a href=\"https:\/\/agora.xtec.cat\/iespauclaris\/wp-content\/uploads\/usu835\/2025\/06\/ProBleu-2-1.mp4\">https:\/\/agora.xtec.cat\/iespauclaris\/wp-content\/uploads\/usu835\/2025\/06\/ProBleu-2-1.mp4<\/a><\/video><\/div>\n","protected":false},"excerpt":{"rendered":"<p>Estem molt contents de compartir amb vosaltres aquest v\u00eddeo recopilatori que mostra les diferents activitats que hem dut a terme al llarg del curs dins del marc del projecte ProBleu.<br \/>\nCom a Escola Blava Europea, hem tingut l\u2019oportunitat d\u2019endinsar-nos en el coneixement del mar i la&hellip;  <a href=\"https:\/\/agora.xtec.cat\/iespauclaris\/general\/probleu-acomiadem-el-curs-amb-consciencia-blava\/\" title=\"Read ProBleu: acomiadem el curs amb consci\u00e8ncia blava\">Llegeix m\u00e9s\u00bb<\/a><\/p>\n","protected":false},"author":1,"featured_media":7237,"comment_status":"closed","ping_status":"open","sticky":false,"template":"","format":"standard","meta":{"_bbp_topic_count":0,"_bbp_reply_count":0,"_bbp_total_topic_count":0,"_bbp_total_reply_count":0,"_bbp_voice_count":0,"_bbp_anonymous_reply_count":0,"_bbp_topic_count_hidden":0,"_bbp_reply_count_hidden":0,"_bbp_forum_subforum_count":0,"footnotes":""},"categories":[1,29,132],"tags":[123,131,139,130],"class_list":["post-7232","post","type-post","status-publish","format-standard","has-post-thumbnail","hentry","category-general","category-portada","category-probleu","tag-sostenibilitat","tag-escoles-bleves","tag-icm-csic","tag-probleu"],"post_mailing_queue_ids":[],"_links":{"self":[{"href":"https:\/\/agora.xtec.cat\/iespauclaris\/wp-json\/wp\/v2\/posts\/7232","targetHints":{"allow":["GET"]}}],"collection":[{"href":"https:\/\/agora.xtec.cat\/iespauclaris\/wp-json\/wp\/v2\/posts"}],"about":[{"href":"https:\/\/agora.xtec.cat\/iespauclaris\/wp-json\/wp\/v2\/types\/post"}],"author":[{"embeddable":true,"href":"https:\/\/agora.xtec.cat\/iespauclaris\/wp-json\/wp\/v2\/users\/1"}],"replies":[{"embeddable":true,"href":"https:\/\/agora.xtec.cat\/iespauclaris\/wp-json\/wp\/v2\/comments?post=7232"}],"version-history":[{"count":3,"href":"https:\/\/agora.xtec.cat\/iespauclaris\/wp-json\/wp\/v2\/posts\/7232\/revisions"}],"predecessor-version":[{"id":7238,"href":"https:\/\/agora.xtec.cat\/iespauclaris\/wp-json\/wp\/v2\/posts\/7232\/revisions\/7238"}],"wp:featuredmedia":[{"embeddable":true,"href":"https:\/\/agora.xtec.cat\/iespauclaris\/wp-json\/wp\/v2\/media\/7237"}],"wp:attachment":[{"href":"https:\/\/agora.xtec.cat\/iespauclaris\/wp-json\/wp\/v2\/media?parent=7232"}],"wp:term":[{"taxonomy":"category","embeddable":true,"href":"https:\/\/agora.xtec.cat\/iespauclaris\/wp-json\/wp\/v2\/categories?post=7232"},{"taxonomy":"post_tag","embeddable":true,"href":"https:\/\/agora.xtec.cat\/iespauclaris\/wp-json\/wp\/v2\/tags?post=7232"}],"curies":[{"name":"wp","href":"https:\/\/api.w.org\/{rel}","templated":true}]}}