{"id":7199,"date":"2025-06-12T13:25:08","date_gmt":"2025-06-12T11:25:08","guid":{"rendered":"https:\/\/agora.xtec.cat\/iespauclaris\/?p=7199"},"modified":"2025-06-16T12:33:03","modified_gmt":"2025-06-16T10:33:03","slug":"dia-5-erasmus","status":"publish","type":"post","link":"https:\/\/agora.xtec.cat\/iespauclaris\/general\/dia-5-erasmus\/","title":{"rendered":"DIA 5 Erasmus+!"},"content":{"rendered":"<p data-start=\"78\" data-end=\"305\">\ud83c\udf7d\ufe0f El passat <strong data-start=\"92\" data-end=\"105\">5 de juny<\/strong>, els alumnes van gaudir d\u2019un <strong data-start=\"135\" data-end=\"157\">esmorzar compartit<\/strong> per acomiadar el projecte i celebrar tot el que han apr\u00e8s durant el curs. Un moment per compartir, fer balan\u00e7 i tancar plegats aquesta experi\u00e8ncia!<\/p>\n<p data-start=\"307\" data-end=\"356\">Un dia rod\u00f3, ple de conviv\u00e8ncia i bon ambient! \ud83d\udc99<\/p>\n\n\t\t<style type=\"text\/css\">\n\t\t\t#gallery-1 {\n\t\t\t\tmargin: auto;\n\t\t\t}\n\t\t\t#gallery-1 .gallery-item {\n\t\t\t\tfloat: left;\n\t\t\t\tmargin-top: 10px;\n\t\t\t\ttext-align: center;\n\t\t\t\twidth: 33%;\n\t\t\t}\n\t\t\t#gallery-1 img {\n\t\t\t\tborder: 2px solid #cfcfcf;\n\t\t\t}\n\t\t\t#gallery-1 .gallery-caption {\n\t\t\t\tmargin-left: 0;\n\t\t\t}\n\t\t\t\/* see gallery_shortcode() in wp-includes\/media.php *\/\n\t\t<\/style>\n\t\t<div id='gallery-1' class='gallery galleryid-7199 gallery-columns-3 gallery-size-full'><dl class='gallery-item'>\n\t\t\t<dt class='gallery-icon landscape'>\n\t\t\t\t<a href='https:\/\/agora.xtec.cat\/iespauclaris\/general\/dia-5-erasmus\/attachment\/mara__2-4\/'><img loading=\"lazy\" decoding=\"async\" width=\"1280\" height=\"960\" src=\"https:\/\/agora.xtec.cat\/iespauclaris\/wp-content\/uploads\/usu835\/2025\/06\/MARA__2-3.png\" class=\"attachment-full size-full\" alt=\"\" srcset=\"https:\/\/agora.xtec.cat\/iespauclaris\/wp-content\/uploads\/usu835\/2025\/06\/MARA__2-3.png 1280w, https:\/\/agora.xtec.cat\/iespauclaris\/wp-content\/uploads\/usu835\/2025\/06\/MARA__2-3-300x225.png 300w, https:\/\/agora.xtec.cat\/iespauclaris\/wp-content\/uploads\/usu835\/2025\/06\/MARA__2-3-1024x768.png 1024w, https:\/\/agora.xtec.cat\/iespauclaris\/wp-content\/uploads\/usu835\/2025\/06\/MARA__2-3-768x576.png 768w, https:\/\/agora.xtec.cat\/iespauclaris\/wp-content\/uploads\/usu835\/2025\/06\/MARA__2-3-200x150.png 200w\" sizes=\"auto, (max-width: 1280px) 100vw, 1280px\" \/><\/a>\n\t\t\t<\/dt><\/dl><dl class='gallery-item'>\n\t\t\t<dt class='gallery-icon landscape'>\n\t\t\t\t<a href='https:\/\/agora.xtec.cat\/iespauclaris\/general\/dia-5-erasmus\/attachment\/img_9836\/'><img loading=\"lazy\" decoding=\"async\" width=\"2560\" height=\"1707\" src=\"https:\/\/agora.xtec.cat\/iespauclaris\/wp-content\/uploads\/usu835\/2025\/06\/IMG_9836-scaled.jpg\" class=\"attachment-full size-full\" alt=\"\" srcset=\"https:\/\/agora.xtec.cat\/iespauclaris\/wp-content\/uploads\/usu835\/2025\/06\/IMG_9836-scaled.jpg 2560w, https:\/\/agora.xtec.cat\/iespauclaris\/wp-content\/uploads\/usu835\/2025\/06\/IMG_9836-300x200.jpg 300w, https:\/\/agora.xtec.cat\/iespauclaris\/wp-content\/uploads\/usu835\/2025\/06\/IMG_9836-1024x683.jpg 1024w, https:\/\/agora.xtec.cat\/iespauclaris\/wp-content\/uploads\/usu835\/2025\/06\/IMG_9836-768x512.jpg 768w, https:\/\/agora.xtec.cat\/iespauclaris\/wp-content\/uploads\/usu835\/2025\/06\/IMG_9836-1536x1024.jpg 1536w, https:\/\/agora.xtec.cat\/iespauclaris\/wp-content\/uploads\/usu835\/2025\/06\/IMG_9836-2048x1365.jpg 2048w\" sizes=\"auto, (max-width: 2560px) 100vw, 2560px\" \/><\/a>\n\t\t\t<\/dt><\/dl><dl class='gallery-item'>\n\t\t\t<dt class='gallery-icon landscape'>\n\t\t\t\t<a href='https:\/\/agora.xtec.cat\/iespauclaris\/general\/dia-5-erasmus\/attachment\/img_9844\/'><img loading=\"lazy\" decoding=\"async\" width=\"2560\" height=\"1707\" src=\"https:\/\/agora.xtec.cat\/iespauclaris\/wp-content\/uploads\/usu835\/2025\/06\/IMG_9844-scaled.jpg\" class=\"attachment-full size-full\" alt=\"\" srcset=\"https:\/\/agora.xtec.cat\/iespauclaris\/wp-content\/uploads\/usu835\/2025\/06\/IMG_9844-scaled.jpg 2560w, https:\/\/agora.xtec.cat\/iespauclaris\/wp-content\/uploads\/usu835\/2025\/06\/IMG_9844-300x200.jpg 300w, https:\/\/agora.xtec.cat\/iespauclaris\/wp-content\/uploads\/usu835\/2025\/06\/IMG_9844-1024x683.jpg 1024w, https:\/\/agora.xtec.cat\/iespauclaris\/wp-content\/uploads\/usu835\/2025\/06\/IMG_9844-768x512.jpg 768w, https:\/\/agora.xtec.cat\/iespauclaris\/wp-content\/uploads\/usu835\/2025\/06\/IMG_9844-1536x1024.jpg 1536w, https:\/\/agora.xtec.cat\/iespauclaris\/wp-content\/uploads\/usu835\/2025\/06\/IMG_9844-2048x1365.jpg 2048w\" sizes=\"auto, (max-width: 2560px) 100vw, 2560px\" \/><\/a>\n\t\t\t<\/dt><\/dl><br style=\"clear: both\" \/><dl class='gallery-item'>\n\t\t\t<dt class='gallery-icon landscape'>\n\t\t\t\t<a href='https:\/\/agora.xtec.cat\/iespauclaris\/general\/dia-5-erasmus\/attachment\/img_9854\/'><img loading=\"lazy\" decoding=\"async\" width=\"2560\" height=\"1707\" src=\"https:\/\/agora.xtec.cat\/iespauclaris\/wp-content\/uploads\/usu835\/2025\/06\/IMG_9854-scaled.jpg\" class=\"attachment-full size-full\" alt=\"\" srcset=\"https:\/\/agora.xtec.cat\/iespauclaris\/wp-content\/uploads\/usu835\/2025\/06\/IMG_9854-scaled.jpg 2560w, https:\/\/agora.xtec.cat\/iespauclaris\/wp-content\/uploads\/usu835\/2025\/06\/IMG_9854-300x200.jpg 300w, https:\/\/agora.xtec.cat\/iespauclaris\/wp-content\/uploads\/usu835\/2025\/06\/IMG_9854-1024x683.jpg 1024w, https:\/\/agora.xtec.cat\/iespauclaris\/wp-content\/uploads\/usu835\/2025\/06\/IMG_9854-768x512.jpg 768w, https:\/\/agora.xtec.cat\/iespauclaris\/wp-content\/uploads\/usu835\/2025\/06\/IMG_9854-1536x1024.jpg 1536w, https:\/\/agora.xtec.cat\/iespauclaris\/wp-content\/uploads\/usu835\/2025\/06\/IMG_9854-2048x1365.jpg 2048w\" sizes=\"auto, (max-width: 2560px) 100vw, 2560px\" \/><\/a>\n\t\t\t<\/dt><\/dl><dl class='gallery-item'>\n\t\t\t<dt class='gallery-icon landscape'>\n\t\t\t\t<a href='https:\/\/agora.xtec.cat\/iespauclaris\/general\/dia-5-erasmus\/attachment\/img_9853\/'><img loading=\"lazy\" decoding=\"async\" width=\"2560\" height=\"1707\" src=\"https:\/\/agora.xtec.cat\/iespauclaris\/wp-content\/uploads\/usu835\/2025\/06\/IMG_9853-scaled.jpg\" class=\"attachment-full size-full\" alt=\"\" srcset=\"https:\/\/agora.xtec.cat\/iespauclaris\/wp-content\/uploads\/usu835\/2025\/06\/IMG_9853-scaled.jpg 2560w, https:\/\/agora.xtec.cat\/iespauclaris\/wp-content\/uploads\/usu835\/2025\/06\/IMG_9853-300x200.jpg 300w, https:\/\/agora.xtec.cat\/iespauclaris\/wp-content\/uploads\/usu835\/2025\/06\/IMG_9853-1024x683.jpg 1024w, https:\/\/agora.xtec.cat\/iespauclaris\/wp-content\/uploads\/usu835\/2025\/06\/IMG_9853-768x512.jpg 768w, https:\/\/agora.xtec.cat\/iespauclaris\/wp-content\/uploads\/usu835\/2025\/06\/IMG_9853-1536x1024.jpg 1536w, https:\/\/agora.xtec.cat\/iespauclaris\/wp-content\/uploads\/usu835\/2025\/06\/IMG_9853-2048x1365.jpg 2048w\" sizes=\"auto, (max-width: 2560px) 100vw, 2560px\" \/><\/a>\n\t\t\t<\/dt><\/dl><dl class='gallery-item'>\n\t\t\t<dt class='gallery-icon landscape'>\n\t\t\t\t<a href='https:\/\/agora.xtec.cat\/iespauclaris\/general\/dia-5-erasmus\/attachment\/img_9846\/'><img loading=\"lazy\" decoding=\"async\" width=\"2560\" height=\"1707\" src=\"https:\/\/agora.xtec.cat\/iespauclaris\/wp-content\/uploads\/usu835\/2025\/06\/IMG_9846-scaled.jpg\" class=\"attachment-full size-full\" alt=\"\" srcset=\"https:\/\/agora.xtec.cat\/iespauclaris\/wp-content\/uploads\/usu835\/2025\/06\/IMG_9846-scaled.jpg 2560w, https:\/\/agora.xtec.cat\/iespauclaris\/wp-content\/uploads\/usu835\/2025\/06\/IMG_9846-300x200.jpg 300w, https:\/\/agora.xtec.cat\/iespauclaris\/wp-content\/uploads\/usu835\/2025\/06\/IMG_9846-1024x683.jpg 1024w, https:\/\/agora.xtec.cat\/iespauclaris\/wp-content\/uploads\/usu835\/2025\/06\/IMG_9846-768x512.jpg 768w, https:\/\/agora.xtec.cat\/iespauclaris\/wp-content\/uploads\/usu835\/2025\/06\/IMG_9846-1536x1024.jpg 1536w, https:\/\/agora.xtec.cat\/iespauclaris\/wp-content\/uploads\/usu835\/2025\/06\/IMG_9846-2048x1365.jpg 2048w\" sizes=\"auto, (max-width: 2560px) 100vw, 2560px\" \/><\/a>\n\t\t\t<\/dt><\/dl><br style=\"clear: both\" \/><dl class='gallery-item'>\n\t\t\t<dt class='gallery-icon landscape'>\n\t\t\t\t<a href='https:\/\/agora.xtec.cat\/iespauclaris\/general\/dia-5-erasmus\/attachment\/img_9838\/'><img loading=\"lazy\" decoding=\"async\" width=\"2560\" height=\"1707\" src=\"https:\/\/agora.xtec.cat\/iespauclaris\/wp-content\/uploads\/usu835\/2025\/06\/IMG_9838-scaled.jpg\" class=\"attachment-full size-full\" alt=\"\" srcset=\"https:\/\/agora.xtec.cat\/iespauclaris\/wp-content\/uploads\/usu835\/2025\/06\/IMG_9838-scaled.jpg 2560w, https:\/\/agora.xtec.cat\/iespauclaris\/wp-content\/uploads\/usu835\/2025\/06\/IMG_9838-300x200.jpg 300w, https:\/\/agora.xtec.cat\/iespauclaris\/wp-content\/uploads\/usu835\/2025\/06\/IMG_9838-1024x683.jpg 1024w, https:\/\/agora.xtec.cat\/iespauclaris\/wp-content\/uploads\/usu835\/2025\/06\/IMG_9838-768x512.jpg 768w, https:\/\/agora.xtec.cat\/iespauclaris\/wp-content\/uploads\/usu835\/2025\/06\/IMG_9838-1536x1024.jpg 1536w, https:\/\/agora.xtec.cat\/iespauclaris\/wp-content\/uploads\/usu835\/2025\/06\/IMG_9838-2048x1365.jpg 2048w\" sizes=\"auto, (max-width: 2560px) 100vw, 2560px\" \/><\/a>\n\t\t\t<\/dt><\/dl>\n\t\t\t<br style='clear: both' \/>\n\t\t<\/div>\n\n","protected":false},"excerpt":{"rendered":"<p>\ud83c\udf7d\ufe0f El passat 5 de juny, els alumnes van gaudir d\u2019un esmorzar compartit per acomiadar el projecte i celebrar tot el que han apr\u00e8s durant el curs. Un moment per compartir, fer balan\u00e7 i tancar plegats aquesta experi\u00e8ncia!<br \/>\nUn dia rod\u00f3, ple de conviv\u00e8ncia i bon&hellip;  <a href=\"https:\/\/agora.xtec.cat\/iespauclaris\/general\/dia-5-erasmus\/\" title=\"Read DIA 5 Erasmus+!\">Llegeix m\u00e9s\u00bb<\/a><\/p>\n","protected":false},"author":1,"featured_media":7208,"comment_status":"closed","ping_status":"open","sticky":false,"template":"","format":"standard","meta":{"_bbp_topic_count":0,"_bbp_reply_count":0,"_bbp_total_topic_count":0,"_bbp_total_reply_count":0,"_bbp_voice_count":0,"_bbp_anonymous_reply_count":0,"_bbp_topic_count_hidden":0,"_bbp_reply_count_hidden":0,"_bbp_forum_subforum_count":0,"footnotes":""},"categories":[119,3,7,1,29],"tags":[],"class_list":["post-7199","post","type-post","status-publish","format-standard","has-post-thumbnail","hentry","category-eramus","category-eso","category-eso-4","category-general","category-portada"],"post_mailing_queue_ids":[],"_links":{"self":[{"href":"https:\/\/agora.xtec.cat\/iespauclaris\/wp-json\/wp\/v2\/posts\/7199","targetHints":{"allow":["GET"]}}],"collection":[{"href":"https:\/\/agora.xtec.cat\/iespauclaris\/wp-json\/wp\/v2\/posts"}],"about":[{"href":"https:\/\/agora.xtec.cat\/iespauclaris\/wp-json\/wp\/v2\/types\/post"}],"author":[{"embeddable":true,"href":"https:\/\/agora.xtec.cat\/iespauclaris\/wp-json\/wp\/v2\/users\/1"}],"replies":[{"embeddable":true,"href":"https:\/\/agora.xtec.cat\/iespauclaris\/wp-json\/wp\/v2\/comments?post=7199"}],"version-history":[{"count":3,"href":"https:\/\/agora.xtec.cat\/iespauclaris\/wp-json\/wp\/v2\/posts\/7199\/revisions"}],"predecessor-version":[{"id":7275,"href":"https:\/\/agora.xtec.cat\/iespauclaris\/wp-json\/wp\/v2\/posts\/7199\/revisions\/7275"}],"wp:featuredmedia":[{"embeddable":true,"href":"https:\/\/agora.xtec.cat\/iespauclaris\/wp-json\/wp\/v2\/media\/7208"}],"wp:attachment":[{"href":"https:\/\/agora.xtec.cat\/iespauclaris\/wp-json\/wp\/v2\/media?parent=7199"}],"wp:term":[{"taxonomy":"category","embeddable":true,"href":"https:\/\/agora.xtec.cat\/iespauclaris\/wp-json\/wp\/v2\/categories?post=7199"},{"taxonomy":"post_tag","embeddable":true,"href":"https:\/\/agora.xtec.cat\/iespauclaris\/wp-json\/wp\/v2\/tags?post=7199"}],"curies":[{"name":"wp","href":"https:\/\/api.w.org\/{rel}","templated":true}]}}