{"id":7195,"date":"2025-06-12T12:52:28","date_gmt":"2025-06-12T10:52:28","guid":{"rendered":"https:\/\/agora.xtec.cat\/iespauclaris\/?p=7195"},"modified":"2025-06-16T12:36:17","modified_gmt":"2025-06-16T10:36:17","slug":"final-de-curs-tanquem-projectes-i-compartim-experiencies","status":"publish","type":"post","link":"https:\/\/agora.xtec.cat\/iespauclaris\/general\/final-de-curs-tanquem-projectes-i-compartim-experiencies\/","title":{"rendered":"Final de curs: tanquem projectes i compartim experi\u00e8ncies!"},"content":{"rendered":"<p data-start=\"243\" data-end=\"658\">Amb l\u2019arribada del final de curs, arriba tamb\u00e9 el moment de fer balan\u00e7 i de compartir tot all\u00f2 que hem anat construint col\u00b7lectivament al llarg dels darrers mesos. Ha estat un any intens i enriquidor, ple d\u2019activitats, intercanvis i aprenentatges en el marc dels projectes <strong data-start=\"516\" data-end=\"527\">ProBlue<\/strong> i <strong data-start=\"530\" data-end=\"542\">Erasmus+<\/strong>, dues iniciatives que han perm\u00e8s a l&#8217;alumnat i al professorat viure experi\u00e8ncies educatives m\u00e9s enll\u00e0 de les aules.<\/p>\n<p data-start=\"660\" data-end=\"919\">Durant aquest curs hem desenvolupat tallers, mobilitats, activitats de sensibilitzaci\u00f3 i col\u00b7laboracions internacionals que han tingut com a eix central tem\u00e0tiques com la sostenibilitat, el canvi clim\u00e0tic, la ciutadania europea i la conviv\u00e8ncia intercultural.<\/p>\n<p data-start=\"921\" data-end=\"1024\">Tot aquest treball ha estat recollit i documentat a les webs dels projectes, que us convidem a visitar:<\/p>\n<p data-start=\"1026\" data-end=\"1318\">\ud83d\udd17 <strong data-start=\"1029\" data-end=\"1057\">Web del projecte ProBlue<\/strong><br data-start=\"1057\" data-end=\"1060\" \/><a class=\"\" href=\"https:\/\/sites.google.com\/iespauclaris.org\/programaproblue\" target=\"_new\" rel=\"noopener\" data-start=\"1060\" data-end=\"1178\">https:\/\/sites.google.com\/iespauclaris.org\/programaproblue<\/a><br data-start=\"1178\" data-end=\"1181\" \/>Un espai on trobareu informaci\u00f3 sobre les activitats relacionades amb el medi ambient, els oceans i el comprom\u00eds per un futur sostenible.<\/p>\n<p data-start=\"1320\" data-end=\"1686\">\ud83d\udd17 <strong data-start=\"1323\" data-end=\"1352\">Web del projecte Erasmus+<\/strong><br data-start=\"1352\" data-end=\"1355\" \/><a class=\"\" href=\"https:\/\/sites.google.com\/iespauclaris.org\/erasmusplus\/p%C3%A0gina-principal?authuser=0\" target=\"_new\" rel=\"noopener\" data-start=\"1355\" data-end=\"1531\">https:\/\/sites.google.com\/iespauclaris.org\/erasmusplus\/p%C3%A0gina-principal?authuser=0<\/a><br data-start=\"1531\" data-end=\"1534\" \/>Aqu\u00ed podeu explorar les mobilitats internacionals, les trobades amb escoles d\u2019altres pa\u00efsos, i les accions de formaci\u00f3 i intercanvi que hem dut a terme.<\/p>\n<p data-start=\"1688\" data-end=\"1837\">Us animem a fer-hi una ullada i a compartir-ho per continuar donant visibilitat a l\u2019esfor\u00e7 i la il\u00b7lusi\u00f3 amb qu\u00e8 tot l\u2019equip del centre ha treballat.<\/p>\n<p data-start=\"1839\" data-end=\"1913\">Moltes gr\u00e0cies a tot l\u2019alumnat i professorat implicat per fer-ho possible!<\/p>\n\n\t\t<style type=\"text\/css\">\n\t\t\t#gallery-1 {\n\t\t\t\tmargin: auto;\n\t\t\t}\n\t\t\t#gallery-1 .gallery-item {\n\t\t\t\tfloat: left;\n\t\t\t\tmargin-top: 10px;\n\t\t\t\ttext-align: center;\n\t\t\t\twidth: 50%;\n\t\t\t}\n\t\t\t#gallery-1 img {\n\t\t\t\tborder: 2px solid #cfcfcf;\n\t\t\t}\n\t\t\t#gallery-1 .gallery-caption {\n\t\t\t\tmargin-left: 0;\n\t\t\t}\n\t\t\t\/* see gallery_shortcode() in wp-includes\/media.php *\/\n\t\t<\/style>\n\t\t<div id='gallery-1' class='gallery galleryid-7195 gallery-columns-2 gallery-size-full'><dl class='gallery-item'>\n\t\t\t<dt class='gallery-icon landscape'>\n\t\t\t\t<a href='https:\/\/agora.xtec.cat\/iespauclaris\/general\/intercanvi-a-alemanya\/attachment\/62c2361c-b47d-46cf-94e7-af7d2058a0eb\/'><img loading=\"lazy\" decoding=\"async\" width=\"1600\" height=\"1200\" src=\"https:\/\/agora.xtec.cat\/iespauclaris\/wp-content\/uploads\/usu835\/2025\/05\/62c2361c-b47d-46cf-94e7-af7d2058a0eb.jpg\" class=\"attachment-full size-full\" alt=\"\" srcset=\"https:\/\/agora.xtec.cat\/iespauclaris\/wp-content\/uploads\/usu835\/2025\/05\/62c2361c-b47d-46cf-94e7-af7d2058a0eb.jpg 1600w, https:\/\/agora.xtec.cat\/iespauclaris\/wp-content\/uploads\/usu835\/2025\/05\/62c2361c-b47d-46cf-94e7-af7d2058a0eb-300x225.jpg 300w, https:\/\/agora.xtec.cat\/iespauclaris\/wp-content\/uploads\/usu835\/2025\/05\/62c2361c-b47d-46cf-94e7-af7d2058a0eb-1024x768.jpg 1024w, https:\/\/agora.xtec.cat\/iespauclaris\/wp-content\/uploads\/usu835\/2025\/05\/62c2361c-b47d-46cf-94e7-af7d2058a0eb-768x576.jpg 768w, https:\/\/agora.xtec.cat\/iespauclaris\/wp-content\/uploads\/usu835\/2025\/05\/62c2361c-b47d-46cf-94e7-af7d2058a0eb-1536x1152.jpg 1536w, https:\/\/agora.xtec.cat\/iespauclaris\/wp-content\/uploads\/usu835\/2025\/05\/62c2361c-b47d-46cf-94e7-af7d2058a0eb-200x150.jpg 200w\" sizes=\"auto, (max-width: 1600px) 100vw, 1600px\" \/><\/a>\n\t\t\t<\/dt><\/dl><dl class='gallery-item'>\n\t\t\t<dt class='gallery-icon landscape'>\n\t\t\t\t<a href='https:\/\/agora.xtec.cat\/iespauclaris\/general\/observant-el-fitoplancton-sessio-amb-microscopis-i-ciencia-marina\/attachment\/lab11\/'><img loading=\"lazy\" decoding=\"async\" width=\"2560\" height=\"1920\" src=\"https:\/\/agora.xtec.cat\/iespauclaris\/wp-content\/uploads\/usu835\/2025\/05\/lab11-scaled.jpg\" class=\"attachment-full size-full\" alt=\"\" srcset=\"https:\/\/agora.xtec.cat\/iespauclaris\/wp-content\/uploads\/usu835\/2025\/05\/lab11-scaled.jpg 2560w, https:\/\/agora.xtec.cat\/iespauclaris\/wp-content\/uploads\/usu835\/2025\/05\/lab11-300x225.jpg 300w, https:\/\/agora.xtec.cat\/iespauclaris\/wp-content\/uploads\/usu835\/2025\/05\/lab11-1024x768.jpg 1024w, https:\/\/agora.xtec.cat\/iespauclaris\/wp-content\/uploads\/usu835\/2025\/05\/lab11-768x576.jpg 768w, https:\/\/agora.xtec.cat\/iespauclaris\/wp-content\/uploads\/usu835\/2025\/05\/lab11-1536x1152.jpg 1536w, https:\/\/agora.xtec.cat\/iespauclaris\/wp-content\/uploads\/usu835\/2025\/05\/lab11-2048x1536.jpg 2048w, https:\/\/agora.xtec.cat\/iespauclaris\/wp-content\/uploads\/usu835\/2025\/05\/lab11-200x150.jpg 200w\" sizes=\"auto, (max-width: 2560px) 100vw, 2560px\" \/><\/a>\n\t\t\t<\/dt><\/dl><br style=\"clear: both\" \/>\n\t\t<\/div>\n\n<p data-start=\"1839\" data-end=\"1913\">\n<p data-start=\"1839\" data-end=\"1913\">\n","protected":false},"excerpt":{"rendered":"<p>Amb l\u2019arribada del final de curs, arriba tamb\u00e9 el moment de fer balan\u00e7 i de compartir tot all\u00f2 que hem anat construint col\u00b7lectivament al llarg dels darrers mesos. Ha estat un any intens i enriquidor, ple d\u2019activitats, intercanvis i aprenentatges en el marc dels projectes&hellip;  <a href=\"https:\/\/agora.xtec.cat\/iespauclaris\/general\/final-de-curs-tanquem-projectes-i-compartim-experiencies\/\" title=\"Read Final de curs: tanquem projectes i compartim experi\u00e8ncies!\">Llegeix m\u00e9s\u00bb<\/a><\/p>\n","protected":false},"author":1,"featured_media":7196,"comment_status":"closed","ping_status":"open","sticky":false,"template":"","format":"standard","meta":{"_bbp_topic_count":0,"_bbp_reply_count":0,"_bbp_total_topic_count":0,"_bbp_total_reply_count":0,"_bbp_voice_count":0,"_bbp_anonymous_reply_count":0,"_bbp_topic_count_hidden":0,"_bbp_reply_count_hidden":0,"_bbp_forum_subforum_count":0,"footnotes":""},"categories":[8,119,3,4,5,6,7,1,29,132],"tags":[111,112,120,130],"class_list":["post-7195","post","type-post","status-publish","format-standard","has-post-thumbnail","hentry","category-batxillerat","category-eramus","category-eso","category-eso-1","category-eso-2","category-eso-3","category-eso-4","category-general","category-portada","category-probleu","tag-erasmusplussepie","tag-erasmusplus","tag-erasmus","tag-probleu"],"post_mailing_queue_ids":[],"_links":{"self":[{"href":"https:\/\/agora.xtec.cat\/iespauclaris\/wp-json\/wp\/v2\/posts\/7195","targetHints":{"allow":["GET"]}}],"collection":[{"href":"https:\/\/agora.xtec.cat\/iespauclaris\/wp-json\/wp\/v2\/posts"}],"about":[{"href":"https:\/\/agora.xtec.cat\/iespauclaris\/wp-json\/wp\/v2\/types\/post"}],"author":[{"embeddable":true,"href":"https:\/\/agora.xtec.cat\/iespauclaris\/wp-json\/wp\/v2\/users\/1"}],"replies":[{"embeddable":true,"href":"https:\/\/agora.xtec.cat\/iespauclaris\/wp-json\/wp\/v2\/comments?post=7195"}],"version-history":[{"count":3,"href":"https:\/\/agora.xtec.cat\/iespauclaris\/wp-json\/wp\/v2\/posts\/7195\/revisions"}],"predecessor-version":[{"id":7277,"href":"https:\/\/agora.xtec.cat\/iespauclaris\/wp-json\/wp\/v2\/posts\/7195\/revisions\/7277"}],"wp:featuredmedia":[{"embeddable":true,"href":"https:\/\/agora.xtec.cat\/iespauclaris\/wp-json\/wp\/v2\/media\/7196"}],"wp:attachment":[{"href":"https:\/\/agora.xtec.cat\/iespauclaris\/wp-json\/wp\/v2\/media?parent=7195"}],"wp:term":[{"taxonomy":"category","embeddable":true,"href":"https:\/\/agora.xtec.cat\/iespauclaris\/wp-json\/wp\/v2\/categories?post=7195"},{"taxonomy":"post_tag","embeddable":true,"href":"https:\/\/agora.xtec.cat\/iespauclaris\/wp-json\/wp\/v2\/tags?post=7195"}],"curies":[{"name":"wp","href":"https:\/\/api.w.org\/{rel}","templated":true}]}}