{"id":7087,"date":"2025-06-03T10:16:55","date_gmt":"2025-06-03T08:16:55","guid":{"rendered":"https:\/\/agora.xtec.cat\/iespauclaris\/?p=7087"},"modified":"2025-06-03T10:19:46","modified_gmt":"2025-06-03T08:19:46","slug":"essers-vegetals-installacio-artistica-den-residencia","status":"publish","type":"post","link":"https:\/\/agora.xtec.cat\/iespauclaris\/general\/essers-vegetals-installacio-artistica-den-residencia\/","title":{"rendered":"\u00c9ssers vegetals: instal\u00b7laci\u00f3 art\u00edstica d&#8217;En Resid\u00e8ncia"},"content":{"rendered":"<div>\n<p data-start=\"87\" data-end=\"316\"><strong data-start=\"87\" data-end=\"136\">Qu\u00e8 tenim en com\u00fa amb els \u00e9ssers vegetals? \ud83c\udf3f<\/strong> \u00c9s possible arribar a empatitzar-hi? Qu\u00e8 compartim nosaltres, els alumnes de 4t d\u2019ESO de l\u2019Institut Pau Claris, amb les plantes de l\u2019Hivernacle del Parc de la Ciutadella? \ud83c\udf31\ud83c\udfdb\ufe0f<\/p>\n<p data-start=\"318\" data-end=\"740\">Aquestes s\u00f3n algunes de les preguntes que ens hem fet amb la Laia Noal aquest curs.\u00a0<br data-start=\"405\" data-end=\"408\" \/>L&#8217;acte de cloenda va ser una celebraci\u00f3 molt bonica i emotiva! Tots i totes \u00e9rem molt orgulloses de la feina feta i de tot el cam\u00ed recorregut amb el grup durant tot el curs! \ud83d\udc4f\ud83d\udc63 Vam comptar amb la pres\u00e8ncia de familiars, amics, de membres del Consorci d&#8217;Educaci\u00f3 de Barcelona, d&#8217;A Bao A Qu i del Museu Picasso. \ud83d\udc68\u200d\ud83d\udc69\u200d\ud83d\udc67\u200d\ud83d\udc66\ud83c\udfeb\ud83c\udfa8<\/p>\n<p data-start=\"742\" data-end=\"779\"><strong data-start=\"742\" data-end=\"773\">M\u00e9s detalls al nostre <a href=\"https:\/\/blocsenresidencia.bcn.cat\/pauclaris2025\/\" target=\"_blank\" rel=\"noopener\" data-saferedirecturl=\"https:\/\/www.google.com\/url?q=https:\/\/blocsenresidencia.bcn.cat\/pauclaris2025\/&amp;source=gmail&amp;ust=1749024563453000&amp;usg=AOvVaw0zQRQRc6WBPgO2NtrnfLuQ\">blog<\/a>!\u00a0<\/strong><\/p>\n<p data-start=\"781\" data-end=\"920\">La nostra instal\u00b7laci\u00f3 visual i sonora seguir\u00e0 a l\u2019hivernacle fins al <strong data-start=\"851\" data-end=\"865\">15 de juny<\/strong>, aix\u00ed que encara teniu temps de passar per all\u00e0!<\/p>\n<\/div>\n<div><\/div>\n<div>\n\n\t\t<style type=\"text\/css\">\n\t\t\t#gallery-1 {\n\t\t\t\tmargin: auto;\n\t\t\t}\n\t\t\t#gallery-1 .gallery-item {\n\t\t\t\tfloat: left;\n\t\t\t\tmargin-top: 10px;\n\t\t\t\ttext-align: center;\n\t\t\t\twidth: 33%;\n\t\t\t}\n\t\t\t#gallery-1 img {\n\t\t\t\tborder: 2px solid #cfcfcf;\n\t\t\t}\n\t\t\t#gallery-1 .gallery-caption {\n\t\t\t\tmargin-left: 0;\n\t\t\t}\n\t\t\t\/* see gallery_shortcode() in wp-includes\/media.php *\/\n\t\t<\/style>\n\t\t<div id='gallery-1' class='gallery galleryid-7087 gallery-columns-3 gallery-size-full'><dl class='gallery-item'>\n\t\t\t<dt class='gallery-icon landscape'>\n\t\t\t\t<a href='https:\/\/agora.xtec.cat\/iespauclaris\/general\/essers-vegetals-installacio-artistica-den-residencia\/attachment\/250527_presentacio_final_015\/'><img loading=\"lazy\" decoding=\"async\" width=\"2560\" height=\"1707\" src=\"https:\/\/agora.xtec.cat\/iespauclaris\/wp-content\/uploads\/usu835\/2025\/06\/250527_PRESENTACIO_FINAL_015-scaled.jpg\" class=\"attachment-full size-full\" alt=\"\" srcset=\"https:\/\/agora.xtec.cat\/iespauclaris\/wp-content\/uploads\/usu835\/2025\/06\/250527_PRESENTACIO_FINAL_015-scaled.jpg 2560w, https:\/\/agora.xtec.cat\/iespauclaris\/wp-content\/uploads\/usu835\/2025\/06\/250527_PRESENTACIO_FINAL_015-300x200.jpg 300w, https:\/\/agora.xtec.cat\/iespauclaris\/wp-content\/uploads\/usu835\/2025\/06\/250527_PRESENTACIO_FINAL_015-1024x683.jpg 1024w, https:\/\/agora.xtec.cat\/iespauclaris\/wp-content\/uploads\/usu835\/2025\/06\/250527_PRESENTACIO_FINAL_015-768x512.jpg 768w, https:\/\/agora.xtec.cat\/iespauclaris\/wp-content\/uploads\/usu835\/2025\/06\/250527_PRESENTACIO_FINAL_015-1536x1024.jpg 1536w, https:\/\/agora.xtec.cat\/iespauclaris\/wp-content\/uploads\/usu835\/2025\/06\/250527_PRESENTACIO_FINAL_015-2048x1365.jpg 2048w\" sizes=\"auto, (max-width: 2560px) 100vw, 2560px\" \/><\/a>\n\t\t\t<\/dt><\/dl><dl class='gallery-item'>\n\t\t\t<dt class='gallery-icon landscape'>\n\t\t\t\t<a href='https:\/\/agora.xtec.cat\/iespauclaris\/general\/essers-vegetals-installacio-artistica-den-residencia\/attachment\/250527_presentacio_final_127\/'><img loading=\"lazy\" decoding=\"async\" width=\"2560\" height=\"1707\" src=\"https:\/\/agora.xtec.cat\/iespauclaris\/wp-content\/uploads\/usu835\/2025\/06\/250527_PRESENTACIO_FINAL_127-scaled.jpg\" class=\"attachment-full size-full\" alt=\"\" srcset=\"https:\/\/agora.xtec.cat\/iespauclaris\/wp-content\/uploads\/usu835\/2025\/06\/250527_PRESENTACIO_FINAL_127-scaled.jpg 2560w, https:\/\/agora.xtec.cat\/iespauclaris\/wp-content\/uploads\/usu835\/2025\/06\/250527_PRESENTACIO_FINAL_127-300x200.jpg 300w, https:\/\/agora.xtec.cat\/iespauclaris\/wp-content\/uploads\/usu835\/2025\/06\/250527_PRESENTACIO_FINAL_127-1024x683.jpg 1024w, https:\/\/agora.xtec.cat\/iespauclaris\/wp-content\/uploads\/usu835\/2025\/06\/250527_PRESENTACIO_FINAL_127-768x512.jpg 768w, https:\/\/agora.xtec.cat\/iespauclaris\/wp-content\/uploads\/usu835\/2025\/06\/250527_PRESENTACIO_FINAL_127-1536x1024.jpg 1536w, https:\/\/agora.xtec.cat\/iespauclaris\/wp-content\/uploads\/usu835\/2025\/06\/250527_PRESENTACIO_FINAL_127-2048x1365.jpg 2048w\" sizes=\"auto, (max-width: 2560px) 100vw, 2560px\" \/><\/a>\n\t\t\t<\/dt><\/dl><dl class='gallery-item'>\n\t\t\t<dt class='gallery-icon landscape'>\n\t\t\t\t<a href='https:\/\/agora.xtec.cat\/iespauclaris\/general\/essers-vegetals-installacio-artistica-den-residencia\/attachment\/250527_presentacio_final_148\/'><img loading=\"lazy\" decoding=\"async\" width=\"2560\" height=\"1707\" src=\"https:\/\/agora.xtec.cat\/iespauclaris\/wp-content\/uploads\/usu835\/2025\/06\/250527_PRESENTACIO_FINAL_148-scaled.jpg\" class=\"attachment-full size-full\" alt=\"\" srcset=\"https:\/\/agora.xtec.cat\/iespauclaris\/wp-content\/uploads\/usu835\/2025\/06\/250527_PRESENTACIO_FINAL_148-scaled.jpg 2560w, https:\/\/agora.xtec.cat\/iespauclaris\/wp-content\/uploads\/usu835\/2025\/06\/250527_PRESENTACIO_FINAL_148-300x200.jpg 300w, https:\/\/agora.xtec.cat\/iespauclaris\/wp-content\/uploads\/usu835\/2025\/06\/250527_PRESENTACIO_FINAL_148-1024x683.jpg 1024w, https:\/\/agora.xtec.cat\/iespauclaris\/wp-content\/uploads\/usu835\/2025\/06\/250527_PRESENTACIO_FINAL_148-768x512.jpg 768w, https:\/\/agora.xtec.cat\/iespauclaris\/wp-content\/uploads\/usu835\/2025\/06\/250527_PRESENTACIO_FINAL_148-1536x1024.jpg 1536w, https:\/\/agora.xtec.cat\/iespauclaris\/wp-content\/uploads\/usu835\/2025\/06\/250527_PRESENTACIO_FINAL_148-2048x1365.jpg 2048w\" sizes=\"auto, (max-width: 2560px) 100vw, 2560px\" \/><\/a>\n\t\t\t<\/dt><\/dl><br style=\"clear: both\" \/>\n\t\t<\/div>\n\n<\/div>\n","protected":false},"excerpt":{"rendered":"<p>Qu\u00e8 tenim en com\u00fa amb els \u00e9ssers vegetals? \ud83c\udf3f \u00c9s possible arribar a empatitzar-hi? Qu\u00e8 compartim nosaltres, els alumnes de 4t d\u2019ESO de l\u2019Institut Pau Claris, amb les plantes de l\u2019Hivernacle del Parc de la Ciutadella? \ud83c\udf31\ud83c\udfdb\ufe0f<br \/>\nAquestes s\u00f3n algunes de les preguntes que ens hem&hellip;  <a href=\"https:\/\/agora.xtec.cat\/iespauclaris\/general\/essers-vegetals-installacio-artistica-den-residencia\/\" title=\"Read \u00c9ssers vegetals: instal\u00b7laci\u00f3 art\u00edstica d&#8217;En Resid\u00e8ncia\">Llegeix m\u00e9s\u00bb<\/a><\/p>\n","protected":false},"author":1,"featured_media":7089,"comment_status":"closed","ping_status":"closed","sticky":false,"template":"","format":"standard","meta":{"_bbp_topic_count":0,"_bbp_reply_count":0,"_bbp_total_topic_count":0,"_bbp_total_reply_count":0,"_bbp_voice_count":0,"_bbp_anonymous_reply_count":0,"_bbp_topic_count_hidden":0,"_bbp_reply_count_hidden":0,"_bbp_forum_subforum_count":0,"footnotes":""},"categories":[7,1,29],"tags":[],"class_list":["post-7087","post","type-post","status-publish","format-standard","has-post-thumbnail","hentry","category-eso-4","category-general","category-portada"],"post_mailing_queue_ids":[],"_links":{"self":[{"href":"https:\/\/agora.xtec.cat\/iespauclaris\/wp-json\/wp\/v2\/posts\/7087","targetHints":{"allow":["GET"]}}],"collection":[{"href":"https:\/\/agora.xtec.cat\/iespauclaris\/wp-json\/wp\/v2\/posts"}],"about":[{"href":"https:\/\/agora.xtec.cat\/iespauclaris\/wp-json\/wp\/v2\/types\/post"}],"author":[{"embeddable":true,"href":"https:\/\/agora.xtec.cat\/iespauclaris\/wp-json\/wp\/v2\/users\/1"}],"replies":[{"embeddable":true,"href":"https:\/\/agora.xtec.cat\/iespauclaris\/wp-json\/wp\/v2\/comments?post=7087"}],"version-history":[{"count":4,"href":"https:\/\/agora.xtec.cat\/iespauclaris\/wp-json\/wp\/v2\/posts\/7087\/revisions"}],"predecessor-version":[{"id":7092,"href":"https:\/\/agora.xtec.cat\/iespauclaris\/wp-json\/wp\/v2\/posts\/7087\/revisions\/7092"}],"wp:featuredmedia":[{"embeddable":true,"href":"https:\/\/agora.xtec.cat\/iespauclaris\/wp-json\/wp\/v2\/media\/7089"}],"wp:attachment":[{"href":"https:\/\/agora.xtec.cat\/iespauclaris\/wp-json\/wp\/v2\/media?parent=7087"}],"wp:term":[{"taxonomy":"category","embeddable":true,"href":"https:\/\/agora.xtec.cat\/iespauclaris\/wp-json\/wp\/v2\/categories?post=7087"},{"taxonomy":"post_tag","embeddable":true,"href":"https:\/\/agora.xtec.cat\/iespauclaris\/wp-json\/wp\/v2\/tags?post=7087"}],"curies":[{"name":"wp","href":"https:\/\/api.w.org\/{rel}","templated":true}]}}