{"id":7014,"date":"2025-05-28T09:16:40","date_gmt":"2025-05-28T07:16:40","guid":{"rendered":"https:\/\/agora.xtec.cat\/iespauclaris\/?p=7014"},"modified":"2025-07-27T19:20:15","modified_gmt":"2025-07-27T17:20:15","slug":"actuacions-finals-de-projecte-musical","status":"publish","type":"post","link":"https:\/\/agora.xtec.cat\/iespauclaris\/general\/actuacions-finals-de-projecte-musical\/","title":{"rendered":"Actuacions finals de projecte musical!"},"content":{"rendered":"<p data-start=\"0\" data-end=\"283\">El dilluns passat els alumnes de 1r i 2n d&#8217;ESO van fer les \u00faltimes actuacions del curs de <strong data-start=\"93\" data-end=\"102\">Coral<\/strong> i <strong data-start=\"105\" data-end=\"114\">Combo<\/strong>, les mat\u00e8ries del <em data-start=\"133\" data-end=\"151\">Projecte Musical<\/em> que el Centre realitza en col\u00b7laboraci\u00f3 amb la Cristina Colomer, el Camil Piqu\u00e9 i el V\u00edctor Oller de l&#8217;<strong data-start=\"255\" data-end=\"275\">Escola de M\u00fasics<\/strong> \ud83c\udfa4\ud83c\udfb9\ud83c\udfb8.Tot i que el trimestre ha estat una mica curt per a preparar les actuacions \u23f3, sempre motiva compartir m\u00fasica amb els altres \ud83d\udcab\ud83c\udfb5.<\/p>\n<p data-start=\"417\" data-end=\"469\" data-is-last-node=\"\" data-is-only-node=\"\"><strong data-start=\"417\" data-end=\"464\">Moltes gr\u00e0cies per la vostra col\u00b7laboraci\u00f3!<\/strong> \ud83d\ude4c\ud83d\udc96<\/p>\n<p>Amb el suport de l&#8217;Ajuntament de Barcelona \u2013 Districte de Ciutat Vella, d&#8217;acord amb la normativa d&#8217;imatge corporativa de l&#8217;Ajuntament de Barcelona.<\/p>\n<table style=\"border-collapse: collapse; width: 100%;\">\n<tbody>\n<tr>\n<td style=\"width: 50%;\"><a href=\"https:\/\/agora.xtec.cat\/iespauclaris\/wp-content\/uploads\/usu835\/2025\/04\/AJBCN_Sign_Com_color.jpg\"><img loading=\"lazy\" decoding=\"async\" class=\"aligncenter wp-image-7390\" src=\"https:\/\/agora.xtec.cat\/iespauclaris\/wp-content\/uploads\/usu835\/2025\/04\/AJBCN_Sign_Com_color-300x112.jpg\" alt=\"\" width=\"249\" height=\"93\" srcset=\"https:\/\/agora.xtec.cat\/iespauclaris\/wp-content\/uploads\/usu835\/2025\/04\/AJBCN_Sign_Com_color-300x112.jpg 300w, https:\/\/agora.xtec.cat\/iespauclaris\/wp-content\/uploads\/usu835\/2025\/04\/AJBCN_Sign_Com_color-768x288.jpg 768w, https:\/\/agora.xtec.cat\/iespauclaris\/wp-content\/uploads\/usu835\/2025\/04\/AJBCN_Sign_Com_color.jpg 945w\" sizes=\"auto, (max-width: 249px) 100vw, 249px\" \/><\/a><\/td>\n<td style=\"width: 50%;\"><a href=\"https:\/\/agora.xtec.cat\/iespauclaris\/wp-content\/uploads\/usu835\/2025\/04\/AJBCN_Sign_CiutatVella_Color-RGB.jpg\"><img loading=\"lazy\" decoding=\"async\" class=\"aligncenter wp-image-7391\" src=\"https:\/\/agora.xtec.cat\/iespauclaris\/wp-content\/uploads\/usu835\/2025\/04\/AJBCN_Sign_CiutatVella_Color-RGB-300x66.jpg\" alt=\"\" width=\"364\" height=\"80\" srcset=\"https:\/\/agora.xtec.cat\/iespauclaris\/wp-content\/uploads\/usu835\/2025\/04\/AJBCN_Sign_CiutatVella_Color-RGB-300x66.jpg 300w, https:\/\/agora.xtec.cat\/iespauclaris\/wp-content\/uploads\/usu835\/2025\/04\/AJBCN_Sign_CiutatVella_Color-RGB-1024x227.jpg 1024w, https:\/\/agora.xtec.cat\/iespauclaris\/wp-content\/uploads\/usu835\/2025\/04\/AJBCN_Sign_CiutatVella_Color-RGB-768x170.jpg 768w, https:\/\/agora.xtec.cat\/iespauclaris\/wp-content\/uploads\/usu835\/2025\/04\/AJBCN_Sign_CiutatVella_Color-RGB-1536x340.jpg 1536w, https:\/\/agora.xtec.cat\/iespauclaris\/wp-content\/uploads\/usu835\/2025\/04\/AJBCN_Sign_CiutatVella_Color-RGB.jpg 1600w\" sizes=\"auto, (max-width: 364px) 100vw, 364px\" \/><\/a><\/td>\n<\/tr>\n<\/tbody>\n<\/table>\n\n\t\t<style type=\"text\/css\">\n\t\t\t#gallery-1 {\n\t\t\t\tmargin: auto;\n\t\t\t}\n\t\t\t#gallery-1 .gallery-item {\n\t\t\t\tfloat: left;\n\t\t\t\tmargin-top: 10px;\n\t\t\t\ttext-align: center;\n\t\t\t\twidth: 50%;\n\t\t\t}\n\t\t\t#gallery-1 img {\n\t\t\t\tborder: 2px solid #cfcfcf;\n\t\t\t}\n\t\t\t#gallery-1 .gallery-caption {\n\t\t\t\tmargin-left: 0;\n\t\t\t}\n\t\t\t\/* see gallery_shortcode() in wp-includes\/media.php *\/\n\t\t<\/style>\n\t\t<div id='gallery-1' class='gallery galleryid-7014 gallery-columns-2 gallery-size-full'><dl class='gallery-item'>\n\t\t\t<dt class='gallery-icon landscape'>\n\t\t\t\t<a href='https:\/\/agora.xtec.cat\/iespauclaris\/general\/actuacions-finals-de-projecte-musical\/attachment\/img_0069\/'><img loading=\"lazy\" decoding=\"async\" width=\"1626\" height=\"1253\" src=\"https:\/\/agora.xtec.cat\/iespauclaris\/wp-content\/uploads\/usu835\/2025\/05\/IMG_0069.jpg\" class=\"attachment-full size-full\" alt=\"\" srcset=\"https:\/\/agora.xtec.cat\/iespauclaris\/wp-content\/uploads\/usu835\/2025\/05\/IMG_0069.jpg 1626w, https:\/\/agora.xtec.cat\/iespauclaris\/wp-content\/uploads\/usu835\/2025\/05\/IMG_0069-300x231.jpg 300w, https:\/\/agora.xtec.cat\/iespauclaris\/wp-content\/uploads\/usu835\/2025\/05\/IMG_0069-1024x789.jpg 1024w, https:\/\/agora.xtec.cat\/iespauclaris\/wp-content\/uploads\/usu835\/2025\/05\/IMG_0069-768x592.jpg 768w, https:\/\/agora.xtec.cat\/iespauclaris\/wp-content\/uploads\/usu835\/2025\/05\/IMG_0069-1536x1184.jpg 1536w\" sizes=\"auto, (max-width: 1626px) 100vw, 1626px\" \/><\/a>\n\t\t\t<\/dt><\/dl><dl class='gallery-item'>\n\t\t\t<dt class='gallery-icon landscape'>\n\t\t\t\t<a href='https:\/\/agora.xtec.cat\/iespauclaris\/general\/actuacions-finals-de-projecte-musical\/attachment\/img_0102\/'><img loading=\"lazy\" decoding=\"async\" width=\"1552\" height=\"1456\" src=\"https:\/\/agora.xtec.cat\/iespauclaris\/wp-content\/uploads\/usu835\/2025\/05\/IMG_0102.jpg\" class=\"attachment-full size-full\" alt=\"\" srcset=\"https:\/\/agora.xtec.cat\/iespauclaris\/wp-content\/uploads\/usu835\/2025\/05\/IMG_0102.jpg 1552w, https:\/\/agora.xtec.cat\/iespauclaris\/wp-content\/uploads\/usu835\/2025\/05\/IMG_0102-300x281.jpg 300w, https:\/\/agora.xtec.cat\/iespauclaris\/wp-content\/uploads\/usu835\/2025\/05\/IMG_0102-1024x961.jpg 1024w, https:\/\/agora.xtec.cat\/iespauclaris\/wp-content\/uploads\/usu835\/2025\/05\/IMG_0102-768x720.jpg 768w, https:\/\/agora.xtec.cat\/iespauclaris\/wp-content\/uploads\/usu835\/2025\/05\/IMG_0102-1536x1441.jpg 1536w\" sizes=\"auto, (max-width: 1552px) 100vw, 1552px\" \/><\/a>\n\t\t\t<\/dt><\/dl><br style=\"clear: both\" \/><dl class='gallery-item'>\n\t\t\t<dt class='gallery-icon landscape'>\n\t\t\t\t<a href='https:\/\/agora.xtec.cat\/iespauclaris\/general\/actuacions-finals-de-projecte-musical\/attachment\/img_0127\/'><img loading=\"lazy\" decoding=\"async\" width=\"1633\" height=\"1223\" src=\"https:\/\/agora.xtec.cat\/iespauclaris\/wp-content\/uploads\/usu835\/2025\/05\/IMG_0127.jpg\" class=\"attachment-full size-full\" alt=\"\" srcset=\"https:\/\/agora.xtec.cat\/iespauclaris\/wp-content\/uploads\/usu835\/2025\/05\/IMG_0127.jpg 1633w, https:\/\/agora.xtec.cat\/iespauclaris\/wp-content\/uploads\/usu835\/2025\/05\/IMG_0127-300x225.jpg 300w, https:\/\/agora.xtec.cat\/iespauclaris\/wp-content\/uploads\/usu835\/2025\/05\/IMG_0127-1024x767.jpg 1024w, https:\/\/agora.xtec.cat\/iespauclaris\/wp-content\/uploads\/usu835\/2025\/05\/IMG_0127-768x575.jpg 768w, https:\/\/agora.xtec.cat\/iespauclaris\/wp-content\/uploads\/usu835\/2025\/05\/IMG_0127-1536x1150.jpg 1536w, https:\/\/agora.xtec.cat\/iespauclaris\/wp-content\/uploads\/usu835\/2025\/05\/IMG_0127-200x150.jpg 200w\" sizes=\"auto, (max-width: 1633px) 100vw, 1633px\" \/><\/a>\n\t\t\t<\/dt><\/dl><dl class='gallery-item'>\n\t\t\t<dt class='gallery-icon landscape'>\n\t\t\t\t<a href='https:\/\/agora.xtec.cat\/iespauclaris\/general\/actuacions-finals-de-projecte-musical\/attachment\/img_0132\/'><img loading=\"lazy\" decoding=\"async\" width=\"1447\" height=\"1074\" src=\"https:\/\/agora.xtec.cat\/iespauclaris\/wp-content\/uploads\/usu835\/2025\/05\/IMG_0132.jpg\" class=\"attachment-full size-full\" alt=\"\" srcset=\"https:\/\/agora.xtec.cat\/iespauclaris\/wp-content\/uploads\/usu835\/2025\/05\/IMG_0132.jpg 1447w, https:\/\/agora.xtec.cat\/iespauclaris\/wp-content\/uploads\/usu835\/2025\/05\/IMG_0132-300x223.jpg 300w, https:\/\/agora.xtec.cat\/iespauclaris\/wp-content\/uploads\/usu835\/2025\/05\/IMG_0132-1024x760.jpg 1024w, https:\/\/agora.xtec.cat\/iespauclaris\/wp-content\/uploads\/usu835\/2025\/05\/IMG_0132-768x570.jpg 768w\" sizes=\"auto, (max-width: 1447px) 100vw, 1447px\" \/><\/a>\n\t\t\t<\/dt><\/dl><br style=\"clear: both\" \/><dl class='gallery-item'>\n\t\t\t<dt class='gallery-icon landscape'>\n\t\t\t\t<a href='https:\/\/agora.xtec.cat\/iespauclaris\/general\/actuacions-finals-de-projecte-musical\/attachment\/img_0135\/'><img loading=\"lazy\" decoding=\"async\" width=\"2016\" height=\"1126\" src=\"https:\/\/agora.xtec.cat\/iespauclaris\/wp-content\/uploads\/usu835\/2025\/05\/IMG_0135.jpg\" class=\"attachment-full size-full\" alt=\"\" srcset=\"https:\/\/agora.xtec.cat\/iespauclaris\/wp-content\/uploads\/usu835\/2025\/05\/IMG_0135.jpg 2016w, https:\/\/agora.xtec.cat\/iespauclaris\/wp-content\/uploads\/usu835\/2025\/05\/IMG_0135-300x168.jpg 300w, https:\/\/agora.xtec.cat\/iespauclaris\/wp-content\/uploads\/usu835\/2025\/05\/IMG_0135-1024x572.jpg 1024w, https:\/\/agora.xtec.cat\/iespauclaris\/wp-content\/uploads\/usu835\/2025\/05\/IMG_0135-768x429.jpg 768w, https:\/\/agora.xtec.cat\/iespauclaris\/wp-content\/uploads\/usu835\/2025\/05\/IMG_0135-1536x858.jpg 1536w\" sizes=\"auto, (max-width: 2016px) 100vw, 2016px\" \/><\/a>\n\t\t\t<\/dt><\/dl><dl class='gallery-item'>\n\t\t\t<dt class='gallery-icon landscape'>\n\t\t\t\t<a href='https:\/\/agora.xtec.cat\/iespauclaris\/general\/actuacions-finals-de-projecte-musical\/attachment\/img_0098\/'><img loading=\"lazy\" decoding=\"async\" width=\"1414\" height=\"843\" src=\"https:\/\/agora.xtec.cat\/iespauclaris\/wp-content\/uploads\/usu835\/2025\/05\/IMG_0098.jpg\" class=\"attachment-full size-full\" alt=\"\" srcset=\"https:\/\/agora.xtec.cat\/iespauclaris\/wp-content\/uploads\/usu835\/2025\/05\/IMG_0098.jpg 1414w, https:\/\/agora.xtec.cat\/iespauclaris\/wp-content\/uploads\/usu835\/2025\/05\/IMG_0098-300x179.jpg 300w, https:\/\/agora.xtec.cat\/iespauclaris\/wp-content\/uploads\/usu835\/2025\/05\/IMG_0098-1024x610.jpg 1024w, https:\/\/agora.xtec.cat\/iespauclaris\/wp-content\/uploads\/usu835\/2025\/05\/IMG_0098-768x458.jpg 768w\" sizes=\"auto, (max-width: 1414px) 100vw, 1414px\" \/><\/a>\n\t\t\t<\/dt><\/dl><br style=\"clear: both\" \/><dl class='gallery-item'>\n\t\t\t<dt class='gallery-icon landscape'>\n\t\t\t\t<a href='https:\/\/agora.xtec.cat\/iespauclaris\/general\/actuacions-finals-de-projecte-musical\/attachment\/img_0126\/'><img loading=\"lazy\" decoding=\"async\" width=\"1644\" height=\"999\" src=\"https:\/\/agora.xtec.cat\/iespauclaris\/wp-content\/uploads\/usu835\/2025\/05\/IMG_0126.jpg\" class=\"attachment-full size-full\" alt=\"\" srcset=\"https:\/\/agora.xtec.cat\/iespauclaris\/wp-content\/uploads\/usu835\/2025\/05\/IMG_0126.jpg 1644w, https:\/\/agora.xtec.cat\/iespauclaris\/wp-content\/uploads\/usu835\/2025\/05\/IMG_0126-300x182.jpg 300w, https:\/\/agora.xtec.cat\/iespauclaris\/wp-content\/uploads\/usu835\/2025\/05\/IMG_0126-1024x622.jpg 1024w, https:\/\/agora.xtec.cat\/iespauclaris\/wp-content\/uploads\/usu835\/2025\/05\/IMG_0126-768x467.jpg 768w, https:\/\/agora.xtec.cat\/iespauclaris\/wp-content\/uploads\/usu835\/2025\/05\/IMG_0126-1536x933.jpg 1536w\" sizes=\"auto, (max-width: 1644px) 100vw, 1644px\" \/><\/a>\n\t\t\t<\/dt><\/dl>\n\t\t\t<br style='clear: both' \/>\n\t\t<\/div>\n\n<p data-start=\"417\" data-end=\"469\" data-is-last-node=\"\" data-is-only-node=\"\">\n<p data-start=\"417\" data-end=\"469\" data-is-last-node=\"\" data-is-only-node=\"\">\n","protected":false},"excerpt":{"rendered":"<p>El dilluns passat els alumnes de 1r i 2n d&#8217;ESO van fer les \u00faltimes actuacions del curs de Coral i Combo, les mat\u00e8ries del Projecte Musical que el Centre realitza en col\u00b7laboraci\u00f3 amb la Cristina Colomer, el Camil Piqu\u00e9 i el V\u00edctor Oller de l&#8217;Escola&hellip;  <a href=\"https:\/\/agora.xtec.cat\/iespauclaris\/general\/actuacions-finals-de-projecte-musical\/\" title=\"Read Actuacions finals de projecte musical!\">Llegeix m\u00e9s\u00bb<\/a><\/p>\n","protected":false},"author":1,"featured_media":7016,"comment_status":"closed","ping_status":"closed","sticky":false,"template":"","format":"standard","meta":{"_bbp_topic_count":0,"_bbp_reply_count":0,"_bbp_total_topic_count":0,"_bbp_total_reply_count":0,"_bbp_voice_count":0,"_bbp_anonymous_reply_count":0,"_bbp_topic_count_hidden":0,"_bbp_reply_count_hidden":0,"_bbp_forum_subforum_count":0,"footnotes":""},"categories":[3,4,5,1,29,140],"tags":[142,141],"class_list":["post-7014","post","type-post","status-publish","format-standard","has-post-thumbnail","hentry","category-eso","category-eso-1","category-eso-2","category-general","category-portada","category-projecte-musical","tag-ajuntament-de-barcelona","tag-proejcte-musical"],"post_mailing_queue_ids":[],"_links":{"self":[{"href":"https:\/\/agora.xtec.cat\/iespauclaris\/wp-json\/wp\/v2\/posts\/7014","targetHints":{"allow":["GET"]}}],"collection":[{"href":"https:\/\/agora.xtec.cat\/iespauclaris\/wp-json\/wp\/v2\/posts"}],"about":[{"href":"https:\/\/agora.xtec.cat\/iespauclaris\/wp-json\/wp\/v2\/types\/post"}],"author":[{"embeddable":true,"href":"https:\/\/agora.xtec.cat\/iespauclaris\/wp-json\/wp\/v2\/users\/1"}],"replies":[{"embeddable":true,"href":"https:\/\/agora.xtec.cat\/iespauclaris\/wp-json\/wp\/v2\/comments?post=7014"}],"version-history":[{"count":3,"href":"https:\/\/agora.xtec.cat\/iespauclaris\/wp-json\/wp\/v2\/posts\/7014\/revisions"}],"predecessor-version":[{"id":7393,"href":"https:\/\/agora.xtec.cat\/iespauclaris\/wp-json\/wp\/v2\/posts\/7014\/revisions\/7393"}],"wp:featuredmedia":[{"embeddable":true,"href":"https:\/\/agora.xtec.cat\/iespauclaris\/wp-json\/wp\/v2\/media\/7016"}],"wp:attachment":[{"href":"https:\/\/agora.xtec.cat\/iespauclaris\/wp-json\/wp\/v2\/media?parent=7014"}],"wp:term":[{"taxonomy":"category","embeddable":true,"href":"https:\/\/agora.xtec.cat\/iespauclaris\/wp-json\/wp\/v2\/categories?post=7014"},{"taxonomy":"post_tag","embeddable":true,"href":"https:\/\/agora.xtec.cat\/iespauclaris\/wp-json\/wp\/v2\/tags?post=7014"}],"curies":[{"name":"wp","href":"https:\/\/api.w.org\/{rel}","templated":true}]}}