{"id":6950,"date":"2025-05-19T11:13:11","date_gmt":"2025-05-19T09:13:11","guid":{"rendered":"https:\/\/agora.xtec.cat\/iespauclaris\/?p=6950"},"modified":"2025-06-18T11:28:47","modified_gmt":"2025-06-18T09:28:47","slug":"campanya-solidaria-a-linstitut-recollida-de-roba-i-aliments","status":"publish","type":"post","link":"https:\/\/agora.xtec.cat\/iespauclaris\/general\/campanya-solidaria-a-linstitut-recollida-de-roba-i-aliments\/","title":{"rendered":"Campanya Solid\u00e0ria a l\u2019Institut: Recollida de Roba i Aliments"},"content":{"rendered":"<p class=\"\" data-start=\"190\" data-end=\"416\">L\u2019alumnat de 3r d\u2019ESO est\u00e0 duent a terme una acci\u00f3 solid\u00e0ria dins del projecte Veu i Brot, en col\u00b7laboraci\u00f3 amb el menjador social de Santa Anna (Ciutat Vella), que dona suport a persones en situaci\u00f3 de vulnerabilitat.<\/p>\n<p class=\"\" data-start=\"418\" data-end=\"444\">Qu\u00e8 estem recollint?<\/p>\n<ul data-start=\"445\" data-end=\"650\">\n<li class=\"\" data-start=\"445\" data-end=\"520\">\n<p class=\"\" data-start=\"447\" data-end=\"520\"><em data-start=\"447\" data-end=\"462\">Roba d\u2019hivern<\/em>: jaquetes, abrics i sacs de dormir en bon estat i nets.<\/p>\n<\/li>\n<li class=\"\" data-start=\"521\" data-end=\"650\">\n<p class=\"\" data-start=\"523\" data-end=\"650\"><em data-start=\"523\" data-end=\"533\">Aliments<\/em>: productes que no necessitin cocci\u00f3 (conserves, sopes instant\u00e0nies\u2026) i aliments secs com arr\u00f2s, llegums, pasta, etc.<\/p>\n<\/li>\n<\/ul>\n<p class=\"\" data-start=\"652\" data-end=\"815\">Fins quan?<br data-start=\"666\" data-end=\"669\" \/>La campanya estar\u00e0 activa fins al 30 de maig de 2025. Podeu deixar les vostres donacions al vest\u00edbul de l\u2019institut, a prop de consergeria.<\/p>\n<p data-start=\"652\" data-end=\"815\">A m\u00e9s de preparar i gestionar tota la campanya, els i les alumnes tamb\u00e9 han creat cartells informatius per difondre la iniciativa per tot el centre. A l&#8217;article podreu veure&#8217;n una selecci\u00f3, mostra del seu comprom\u00eds i creativitat.<\/p>\n<p class=\"\" data-start=\"817\" data-end=\"907\"><em data-start=\"817\" data-end=\"885\">&#8220;Una petita acci\u00f3 pot significar molt per a alg\u00fa que ho necessita&#8221;<\/em><\/p>\n<p class=\"\" data-start=\"909\" data-end=\"1008\">Us animem a participar i a fer extensiva la iniciativa. Moltes gr\u00e0cies per la vostra col\u00b7laboraci\u00f3.<\/p>\n\n\t\t<style type=\"text\/css\">\n\t\t\t#gallery-1 {\n\t\t\t\tmargin: auto;\n\t\t\t}\n\t\t\t#gallery-1 .gallery-item {\n\t\t\t\tfloat: left;\n\t\t\t\tmargin-top: 10px;\n\t\t\t\ttext-align: center;\n\t\t\t\twidth: 33%;\n\t\t\t}\n\t\t\t#gallery-1 img {\n\t\t\t\tborder: 2px solid #cfcfcf;\n\t\t\t}\n\t\t\t#gallery-1 .gallery-caption {\n\t\t\t\tmargin-left: 0;\n\t\t\t}\n\t\t\t\/* see gallery_shortcode() in wp-includes\/media.php *\/\n\t\t<\/style>\n\t\t<div id='gallery-1' class='gallery galleryid-6950 gallery-columns-3 gallery-size-large'><dl class='gallery-item'>\n\t\t\t<dt class='gallery-icon portrait'>\n\t\t\t\t<a href='https:\/\/agora.xtec.cat\/iespauclaris\/general\/campanya-solidaria-a-linstitut-recollida-de-roba-i-aliments\/attachment\/vols-ajudar-a-el-menjador-de-sant-anna-2-2\/'><img loading=\"lazy\" decoding=\"async\" width=\"724\" height=\"1024\" src=\"https:\/\/agora.xtec.cat\/iespauclaris\/wp-content\/uploads\/usu835\/2025\/05\/Vols-ajudar-a-el-menjador-de-sant-anna-2-2-724x1024.png\" class=\"attachment-large size-large\" alt=\"\" srcset=\"https:\/\/agora.xtec.cat\/iespauclaris\/wp-content\/uploads\/usu835\/2025\/05\/Vols-ajudar-a-el-menjador-de-sant-anna-2-2-724x1024.png 724w, https:\/\/agora.xtec.cat\/iespauclaris\/wp-content\/uploads\/usu835\/2025\/05\/Vols-ajudar-a-el-menjador-de-sant-anna-2-2-212x300.png 212w, https:\/\/agora.xtec.cat\/iespauclaris\/wp-content\/uploads\/usu835\/2025\/05\/Vols-ajudar-a-el-menjador-de-sant-anna-2-2-768x1086.png 768w, https:\/\/agora.xtec.cat\/iespauclaris\/wp-content\/uploads\/usu835\/2025\/05\/Vols-ajudar-a-el-menjador-de-sant-anna-2-2-1086x1536.png 1086w, https:\/\/agora.xtec.cat\/iespauclaris\/wp-content\/uploads\/usu835\/2025\/05\/Vols-ajudar-a-el-menjador-de-sant-anna-2-2-1448x2048.png 1448w, https:\/\/agora.xtec.cat\/iespauclaris\/wp-content\/uploads\/usu835\/2025\/05\/Vols-ajudar-a-el-menjador-de-sant-anna-2-2.png 1587w\" sizes=\"auto, (max-width: 724px) 100vw, 724px\" \/><\/a>\n\t\t\t<\/dt><\/dl><dl class='gallery-item'>\n\t\t\t<dt class='gallery-icon portrait'>\n\t\t\t\t<a href='https:\/\/agora.xtec.cat\/iespauclaris\/general\/campanya-solidaria-a-linstitut-recollida-de-roba-i-aliments\/attachment\/black-red-bold-paper-photography-exhibition-event-poster-1-1-1-pdf\/'><img loading=\"lazy\" decoding=\"async\" width=\"724\" height=\"1024\" src=\"https:\/\/agora.xtec.cat\/iespauclaris\/wp-content\/uploads\/usu835\/2025\/05\/Black-Red-Bold-Paper-Photography-Exhibition-Event-Poster-1-1-1.pdf-724x1024.png\" class=\"attachment-large size-large\" alt=\"\" srcset=\"https:\/\/agora.xtec.cat\/iespauclaris\/wp-content\/uploads\/usu835\/2025\/05\/Black-Red-Bold-Paper-Photography-Exhibition-Event-Poster-1-1-1.pdf-724x1024.png 724w, https:\/\/agora.xtec.cat\/iespauclaris\/wp-content\/uploads\/usu835\/2025\/05\/Black-Red-Bold-Paper-Photography-Exhibition-Event-Poster-1-1-1.pdf-212x300.png 212w, https:\/\/agora.xtec.cat\/iespauclaris\/wp-content\/uploads\/usu835\/2025\/05\/Black-Red-Bold-Paper-Photography-Exhibition-Event-Poster-1-1-1.pdf-768x1086.png 768w, https:\/\/agora.xtec.cat\/iespauclaris\/wp-content\/uploads\/usu835\/2025\/05\/Black-Red-Bold-Paper-Photography-Exhibition-Event-Poster-1-1-1.pdf-1086x1536.png 1086w, https:\/\/agora.xtec.cat\/iespauclaris\/wp-content\/uploads\/usu835\/2025\/05\/Black-Red-Bold-Paper-Photography-Exhibition-Event-Poster-1-1-1.pdf-1448x2048.png 1448w, https:\/\/agora.xtec.cat\/iespauclaris\/wp-content\/uploads\/usu835\/2025\/05\/Black-Red-Bold-Paper-Photography-Exhibition-Event-Poster-1-1-1.pdf.png 1587w\" sizes=\"auto, (max-width: 724px) 100vw, 724px\" \/><\/a>\n\t\t\t<\/dt><\/dl><dl class='gallery-item'>\n\t\t\t<dt class='gallery-icon landscape'>\n\t\t\t\t<a href='https:\/\/agora.xtec.cat\/iespauclaris\/general\/campanya-solidaria-a-linstitut-recollida-de-roba-i-aliments\/attachment\/dona-un-abric-regala-esperanca-2-pdf-1\/'><img loading=\"lazy\" decoding=\"async\" width=\"1024\" height=\"589\" src=\"https:\/\/agora.xtec.cat\/iespauclaris\/wp-content\/uploads\/usu835\/2025\/05\/Dona-un-abric-regala-esperanca-2.pdf-1-e1750238910937-1024x589.png\" class=\"attachment-large size-large\" alt=\"\" srcset=\"https:\/\/agora.xtec.cat\/iespauclaris\/wp-content\/uploads\/usu835\/2025\/05\/Dona-un-abric-regala-esperanca-2.pdf-1-e1750238910937-1024x589.png 1024w, https:\/\/agora.xtec.cat\/iespauclaris\/wp-content\/uploads\/usu835\/2025\/05\/Dona-un-abric-regala-esperanca-2.pdf-1-e1750238910937-300x172.png 300w, https:\/\/agora.xtec.cat\/iespauclaris\/wp-content\/uploads\/usu835\/2025\/05\/Dona-un-abric-regala-esperanca-2.pdf-1-e1750238910937-768x441.png 768w, https:\/\/agora.xtec.cat\/iespauclaris\/wp-content\/uploads\/usu835\/2025\/05\/Dona-un-abric-regala-esperanca-2.pdf-1-e1750238910937-1536x883.png 1536w, https:\/\/agora.xtec.cat\/iespauclaris\/wp-content\/uploads\/usu835\/2025\/05\/Dona-un-abric-regala-esperanca-2.pdf-1-e1750238910937.png 1583w\" sizes=\"auto, (max-width: 1024px) 100vw, 1024px\" \/><\/a>\n\t\t\t<\/dt><\/dl><br style=\"clear: both\" \/>\n\t\t<\/div>\n\n","protected":false},"excerpt":{"rendered":"<p>L\u2019alumnat de 3r d\u2019ESO est\u00e0 duent a terme una acci\u00f3 solid\u00e0ria dins del projecte Veu i Brot, en col\u00b7laboraci\u00f3 amb el menjador social de Santa Anna (Ciutat Vella), que dona suport a persones en situaci\u00f3 de vulnerabilitat.<br \/>\nQu\u00e8 estem recollint?<\/p>\n<ul data-start=\"445\" data-end=\"650\">\n<li class=\"\" data-start=\"445\" data-end=\"520\">\nRoba d\u2019hivern:&hellip;  <a href=\"https:\/\/agora.xtec.cat\/iespauclaris\/general\/campanya-solidaria-a-linstitut-recollida-de-roba-i-aliments\/\" title=\"Read Campanya Solid\u00e0ria a l\u2019Institut: Recollida de Roba i Aliments\">Llegeix m\u00e9s\u00bb<\/a><\/p>\n","protected":false},"author":1,"featured_media":6959,"comment_status":"closed","ping_status":"closed","sticky":false,"template":"","format":"standard","meta":{"_bbp_topic_count":0,"_bbp_reply_count":0,"_bbp_total_topic_count":0,"_bbp_total_reply_count":0,"_bbp_voice_count":0,"_bbp_anonymous_reply_count":0,"_bbp_topic_count_hidden":0,"_bbp_reply_count_hidden":0,"_bbp_forum_subforum_count":0,"footnotes":""},"categories":[6,1,29],"tags":[],"class_list":["post-6950","post","type-post","status-publish","format-standard","has-post-thumbnail","hentry","category-eso-3","category-general","category-portada"],"post_mailing_queue_ids":[],"_links":{"self":[{"href":"https:\/\/agora.xtec.cat\/iespauclaris\/wp-json\/wp\/v2\/posts\/6950","targetHints":{"allow":["GET"]}}],"collection":[{"href":"https:\/\/agora.xtec.cat\/iespauclaris\/wp-json\/wp\/v2\/posts"}],"about":[{"href":"https:\/\/agora.xtec.cat\/iespauclaris\/wp-json\/wp\/v2\/types\/post"}],"author":[{"embeddable":true,"href":"https:\/\/agora.xtec.cat\/iespauclaris\/wp-json\/wp\/v2\/users\/1"}],"replies":[{"embeddable":true,"href":"https:\/\/agora.xtec.cat\/iespauclaris\/wp-json\/wp\/v2\/comments?post=6950"}],"version-history":[{"count":1,"href":"https:\/\/agora.xtec.cat\/iespauclaris\/wp-json\/wp\/v2\/posts\/6950\/revisions"}],"predecessor-version":[{"id":6960,"href":"https:\/\/agora.xtec.cat\/iespauclaris\/wp-json\/wp\/v2\/posts\/6950\/revisions\/6960"}],"wp:featuredmedia":[{"embeddable":true,"href":"https:\/\/agora.xtec.cat\/iespauclaris\/wp-json\/wp\/v2\/media\/6959"}],"wp:attachment":[{"href":"https:\/\/agora.xtec.cat\/iespauclaris\/wp-json\/wp\/v2\/media?parent=6950"}],"wp:term":[{"taxonomy":"category","embeddable":true,"href":"https:\/\/agora.xtec.cat\/iespauclaris\/wp-json\/wp\/v2\/categories?post=6950"},{"taxonomy":"post_tag","embeddable":true,"href":"https:\/\/agora.xtec.cat\/iespauclaris\/wp-json\/wp\/v2\/tags?post=6950"}],"curies":[{"name":"wp","href":"https:\/\/api.w.org\/{rel}","templated":true}]}}