{"id":6812,"date":"2025-04-22T11:42:28","date_gmt":"2025-04-22T09:42:28","guid":{"rendered":"https:\/\/agora.xtec.cat\/iespauclaris\/?p=6812"},"modified":"2025-04-22T11:44:25","modified_gmt":"2025-04-22T09:44:25","slug":"european-blue-school-certificate","status":"publish","type":"post","link":"https:\/\/agora.xtec.cat\/iespauclaris\/general\/european-blue-school-certificate\/","title":{"rendered":"European Blue School Certificate!"},"content":{"rendered":"<p class=\"\" data-start=\"71\" data-end=\"665\">Aquest curs 2024-25, estem desenvolupant el projecte Probleu al centre, incorporant la cultura marina \ud83c\udf0a dins de les activitats amb l&#8217;alumnat. A m\u00e9s, hem aprofundit en l&#8217;objectiu de desenvolupar consci\u00e8ncia vers la sostenibilitat \ud83c\udf31, gr\u00e0cies als projectes Erasmus+ i Instiverd. Gr\u00e0cies a tots aquests programes, ens hem certificat com a Escola Blava Europea. Les Escoles Blaves Europees porten l&#8217;oce\u00e0 a l&#8217;aula, on professors i alumnes milloraran la seva comprensi\u00f3 de l&#8217;oce\u00e0 i desenvoluparan un sentit de responsabilitat envers el nostre planeta compartit \ud83c\udf0e.<\/p>\n<p data-start=\"71\" data-end=\"665\"><a href=\"https:\/\/www.instagram.com\/erasmuspluseurope\/\"><span style=\"font-weight: 400;\">@erasmuspluseurope<\/span><\/a><\/p>\n<p data-start=\"71\" data-end=\"665\"><a href=\"https:\/\/www.instagram.com\/probleu.schools\/\"><span style=\"font-weight: 400;\">@probleu.schools<\/span><\/a><\/p>\n<p data-start=\"71\" data-end=\"665\"><a href=\"https:\/\/www.instagram.com\/icm.csic\/\"><span style=\"font-weight: 400;\">@icm.csic <\/span><\/a><\/p>\n<p data-start=\"71\" data-end=\"665\"><span style=\"font-weight: 400;\"><span class=\"atwho-query\">@escoles_verdes<\/span><\/span><\/p>\n<p>&nbsp;<\/p>\n<p data-start=\"71\" data-end=\"665\"><a href=\"https:\/\/agora.xtec.cat\/iespauclaris\/wp-content\/uploads\/usu835\/2025\/04\/IMG_1627.jpeg\"><img loading=\"lazy\" decoding=\"async\" class=\"aligncenter size-large wp-image-6813\" src=\"https:\/\/agora.xtec.cat\/iespauclaris\/wp-content\/uploads\/usu835\/2025\/04\/IMG_1627-720x1024.jpeg\" alt=\"\" width=\"720\" height=\"1024\" srcset=\"https:\/\/agora.xtec.cat\/iespauclaris\/wp-content\/uploads\/usu835\/2025\/04\/IMG_1627-720x1024.jpeg 720w, https:\/\/agora.xtec.cat\/iespauclaris\/wp-content\/uploads\/usu835\/2025\/04\/IMG_1627-211x300.jpeg 211w, https:\/\/agora.xtec.cat\/iespauclaris\/wp-content\/uploads\/usu835\/2025\/04\/IMG_1627-768x1092.jpeg 768w, https:\/\/agora.xtec.cat\/iespauclaris\/wp-content\/uploads\/usu835\/2025\/04\/IMG_1627-1080x1536.jpeg 1080w, https:\/\/agora.xtec.cat\/iespauclaris\/wp-content\/uploads\/usu835\/2025\/04\/IMG_1627.jpeg 1108w\" sizes=\"auto, (max-width: 720px) 100vw, 720px\" \/><\/a><\/p>\n","protected":false},"excerpt":{"rendered":"<p>Aquest curs 2024-25, estem desenvolupant el projecte Probleu al centre, incorporant la cultura marina \ud83c\udf0a dins de les activitats amb l&#8217;alumnat. A m\u00e9s, hem aprofundit en l&#8217;objectiu de desenvolupar consci\u00e8ncia vers la sostenibilitat \ud83c\udf31, gr\u00e0cies als projectes Erasmus+ i Instiverd. Gr\u00e0cies a tots aquests programes,&hellip;  <a href=\"https:\/\/agora.xtec.cat\/iespauclaris\/general\/european-blue-school-certificate\/\" title=\"Read European Blue School Certificate!\">Llegeix m\u00e9s\u00bb<\/a><\/p>\n","protected":false},"author":1,"featured_media":6813,"comment_status":"closed","ping_status":"closed","sticky":false,"template":"","format":"standard","meta":{"_bbp_topic_count":0,"_bbp_reply_count":0,"_bbp_total_topic_count":0,"_bbp_total_reply_count":0,"_bbp_voice_count":0,"_bbp_anonymous_reply_count":0,"_bbp_topic_count_hidden":0,"_bbp_reply_count_hidden":0,"_bbp_forum_subforum_count":0,"footnotes":""},"categories":[119,136,1,29,132],"tags":[],"class_list":["post-6812","post","type-post","status-publish","format-standard","has-post-thumbnail","hentry","category-eramus","category-escolessostenibles","category-general","category-portada","category-probleu"],"post_mailing_queue_ids":[],"_links":{"self":[{"href":"https:\/\/agora.xtec.cat\/iespauclaris\/wp-json\/wp\/v2\/posts\/6812","targetHints":{"allow":["GET"]}}],"collection":[{"href":"https:\/\/agora.xtec.cat\/iespauclaris\/wp-json\/wp\/v2\/posts"}],"about":[{"href":"https:\/\/agora.xtec.cat\/iespauclaris\/wp-json\/wp\/v2\/types\/post"}],"author":[{"embeddable":true,"href":"https:\/\/agora.xtec.cat\/iespauclaris\/wp-json\/wp\/v2\/users\/1"}],"replies":[{"embeddable":true,"href":"https:\/\/agora.xtec.cat\/iespauclaris\/wp-json\/wp\/v2\/comments?post=6812"}],"version-history":[{"count":1,"href":"https:\/\/agora.xtec.cat\/iespauclaris\/wp-json\/wp\/v2\/posts\/6812\/revisions"}],"predecessor-version":[{"id":6814,"href":"https:\/\/agora.xtec.cat\/iespauclaris\/wp-json\/wp\/v2\/posts\/6812\/revisions\/6814"}],"wp:featuredmedia":[{"embeddable":true,"href":"https:\/\/agora.xtec.cat\/iespauclaris\/wp-json\/wp\/v2\/media\/6813"}],"wp:attachment":[{"href":"https:\/\/agora.xtec.cat\/iespauclaris\/wp-json\/wp\/v2\/media?parent=6812"}],"wp:term":[{"taxonomy":"category","embeddable":true,"href":"https:\/\/agora.xtec.cat\/iespauclaris\/wp-json\/wp\/v2\/categories?post=6812"},{"taxonomy":"post_tag","embeddable":true,"href":"https:\/\/agora.xtec.cat\/iespauclaris\/wp-json\/wp\/v2\/tags?post=6812"}],"curies":[{"name":"wp","href":"https:\/\/api.w.org\/{rel}","templated":true}]}}