{"id":6785,"date":"2025-04-16T12:20:23","date_gmt":"2025-04-16T10:20:23","guid":{"rendered":"https:\/\/agora.xtec.cat\/iespauclaris\/?p=6785"},"modified":"2025-04-16T12:48:10","modified_gmt":"2025-04-16T10:48:10","slug":"participacio-al-projecte-joves-per-lemergencia-climatica","status":"publish","type":"post","link":"https:\/\/agora.xtec.cat\/iespauclaris\/general\/participacio-al-projecte-joves-per-lemergencia-climatica\/","title":{"rendered":"Participaci\u00f3 al projecte &#8216;Joves per l&#8217;emerg\u00e8ncia clim\u00e0tica&#8217;"},"content":{"rendered":"<p>La comissi\u00f3 de l&#8217;alumnes Erasmus+ desenvolupant el seu objectiu d&#8217;impulsar el comprom\u00eds amb la sostenibilitat, ha participat en el programa &#8216;<a href=\"https:\/\/www.barcelona.cat\/barcelonasostenible\/ca\/centres-educatius\/activitats\/espais-dintercanvi-dalumnat\/joves-lemergencia-climatica\" target=\"_blank\" rel=\"noopener\">Joves per l&#8217;emerg\u00e8ncia clim\u00e0tica<\/a>&#8216;.<\/p>\n<div class=\"field field--name-body field--type-text-with-summary field--label-hidden\">\n<p>A partir dels seus objectius d\u2019investigaci\u00f3, l\u2019alumnat va proposar un o dos compromisos per afrontar el canvi clim\u00e0tic tant al centre com a la ciutat de Barcelona per plantejar-ho a l&#8217;Ajuntament i fer-hi front. Dins d&#8217;aquest programa, l&#8217;alumnat va assistir a un conjunt de tallers i confer\u00e8ncies a l&#8217;<a href=\"https:\/\/icm.csic.es\/ca\" target=\"_blank\" rel=\"noopener\">ICM-CSIC<\/a> el dimecres 09\/04\/2025. Compartim amb vosaltres unes imatges d&#8217;aquesta sessi\u00f3 on l&#8217;alumnat ha pogut exposar i escoltar les propostes treballades durant el curs.<\/p>\n<table style=\"border-collapse: collapse; width: 100%;\">\n<tbody>\n<tr>\n<td style=\"width: 50%;\"><a href=\"https:\/\/agora.xtec.cat\/iespauclaris\/wp-content\/uploads\/usu835\/2025\/04\/IMG-20250411-WA0001.jpg\"><img loading=\"lazy\" decoding=\"async\" class=\"aligncenter size-large wp-image-6786\" src=\"https:\/\/agora.xtec.cat\/iespauclaris\/wp-content\/uploads\/usu835\/2025\/04\/IMG-20250411-WA0001-1024x577.jpg\" alt=\"\" width=\"1024\" height=\"577\" srcset=\"https:\/\/agora.xtec.cat\/iespauclaris\/wp-content\/uploads\/usu835\/2025\/04\/IMG-20250411-WA0001-1024x577.jpg 1024w, https:\/\/agora.xtec.cat\/iespauclaris\/wp-content\/uploads\/usu835\/2025\/04\/IMG-20250411-WA0001-300x169.jpg 300w, https:\/\/agora.xtec.cat\/iespauclaris\/wp-content\/uploads\/usu835\/2025\/04\/IMG-20250411-WA0001-768x432.jpg 768w, https:\/\/agora.xtec.cat\/iespauclaris\/wp-content\/uploads\/usu835\/2025\/04\/IMG-20250411-WA0001-1536x865.jpg 1536w, https:\/\/agora.xtec.cat\/iespauclaris\/wp-content\/uploads\/usu835\/2025\/04\/IMG-20250411-WA0001.jpg 1600w\" sizes=\"auto, (max-width: 1024px) 100vw, 1024px\" \/><\/a><\/td>\n<td style=\"width: 50%;\"><a href=\"https:\/\/agora.xtec.cat\/iespauclaris\/wp-content\/uploads\/usu835\/2025\/04\/IMG-20250411-WA0002.jpg\"><img loading=\"lazy\" decoding=\"async\" class=\"aligncenter size-large wp-image-6787\" src=\"https:\/\/agora.xtec.cat\/iespauclaris\/wp-content\/uploads\/usu835\/2025\/04\/IMG-20250411-WA0002-1024x576.jpg\" alt=\"\" width=\"1024\" height=\"576\" srcset=\"https:\/\/agora.xtec.cat\/iespauclaris\/wp-content\/uploads\/usu835\/2025\/04\/IMG-20250411-WA0002-1024x576.jpg 1024w, https:\/\/agora.xtec.cat\/iespauclaris\/wp-content\/uploads\/usu835\/2025\/04\/IMG-20250411-WA0002-300x169.jpg 300w, https:\/\/agora.xtec.cat\/iespauclaris\/wp-content\/uploads\/usu835\/2025\/04\/IMG-20250411-WA0002-768x432.jpg 768w, https:\/\/agora.xtec.cat\/iespauclaris\/wp-content\/uploads\/usu835\/2025\/04\/IMG-20250411-WA0002-1536x864.jpg 1536w, https:\/\/agora.xtec.cat\/iespauclaris\/wp-content\/uploads\/usu835\/2025\/04\/IMG-20250411-WA0002.jpg 1600w\" sizes=\"auto, (max-width: 1024px) 100vw, 1024px\" \/><\/a><\/td>\n<\/tr>\n<tr>\n<td style=\"width: 50%;\"><a href=\"https:\/\/agora.xtec.cat\/iespauclaris\/wp-content\/uploads\/usu835\/2025\/04\/IMG-20250411-WA0003.jpg\"><img loading=\"lazy\" decoding=\"async\" class=\"aligncenter size-large wp-image-6788\" src=\"https:\/\/agora.xtec.cat\/iespauclaris\/wp-content\/uploads\/usu835\/2025\/04\/IMG-20250411-WA0003-1024x576.jpg\" alt=\"\" width=\"1024\" height=\"576\" srcset=\"https:\/\/agora.xtec.cat\/iespauclaris\/wp-content\/uploads\/usu835\/2025\/04\/IMG-20250411-WA0003-1024x576.jpg 1024w, https:\/\/agora.xtec.cat\/iespauclaris\/wp-content\/uploads\/usu835\/2025\/04\/IMG-20250411-WA0003-300x169.jpg 300w, https:\/\/agora.xtec.cat\/iespauclaris\/wp-content\/uploads\/usu835\/2025\/04\/IMG-20250411-WA0003-768x432.jpg 768w, https:\/\/agora.xtec.cat\/iespauclaris\/wp-content\/uploads\/usu835\/2025\/04\/IMG-20250411-WA0003-1536x864.jpg 1536w, https:\/\/agora.xtec.cat\/iespauclaris\/wp-content\/uploads\/usu835\/2025\/04\/IMG-20250411-WA0003.jpg 1600w\" sizes=\"auto, (max-width: 1024px) 100vw, 1024px\" \/><\/a><\/td>\n<td style=\"width: 50%;\"><a href=\"https:\/\/agora.xtec.cat\/iespauclaris\/wp-content\/uploads\/usu835\/2025\/04\/IMG-20250411-WA0004.jpg\"><img loading=\"lazy\" decoding=\"async\" class=\"aligncenter size-large wp-image-6789\" src=\"https:\/\/agora.xtec.cat\/iespauclaris\/wp-content\/uploads\/usu835\/2025\/04\/IMG-20250411-WA0004-1024x576.jpg\" alt=\"\" width=\"1024\" height=\"576\" srcset=\"https:\/\/agora.xtec.cat\/iespauclaris\/wp-content\/uploads\/usu835\/2025\/04\/IMG-20250411-WA0004-1024x576.jpg 1024w, https:\/\/agora.xtec.cat\/iespauclaris\/wp-content\/uploads\/usu835\/2025\/04\/IMG-20250411-WA0004-300x169.jpg 300w, https:\/\/agora.xtec.cat\/iespauclaris\/wp-content\/uploads\/usu835\/2025\/04\/IMG-20250411-WA0004-768x432.jpg 768w, https:\/\/agora.xtec.cat\/iespauclaris\/wp-content\/uploads\/usu835\/2025\/04\/IMG-20250411-WA0004-1536x864.jpg 1536w, https:\/\/agora.xtec.cat\/iespauclaris\/wp-content\/uploads\/usu835\/2025\/04\/IMG-20250411-WA0004.jpg 1600w\" sizes=\"auto, (max-width: 1024px) 100vw, 1024px\" \/><\/a><\/td>\n<\/tr>\n<\/tbody>\n<\/table>\n<p>&nbsp;<\/p>\n<\/div>\n","protected":false},"excerpt":{"rendered":"<p>La comissi\u00f3 de l&#8217;alumnes Erasmus+ desenvolupant el seu objectiu d&#8217;impulsar el comprom\u00eds amb la sostenibilitat, ha participat en el programa &#8216;<a href=\"https:\/\/www.barcelona.cat\/barcelonasostenible\/ca\/centres-educatius\/activitats\/espais-dintercanvi-dalumnat\/joves-lemergencia-climatica\" target=\"_blank\" rel=\"noopener\">Joves per l&#8217;emerg\u00e8ncia clim\u00e0tica<\/a>&#8216;.<\/p>\n<p>A partir dels seus objectius d\u2019investigaci\u00f3, l\u2019alumnat va proposar un o dos compromisos per afrontar el canvi clim\u00e0tic tant&hellip;  <a href=\"https:\/\/agora.xtec.cat\/iespauclaris\/general\/participacio-al-projecte-joves-per-lemergencia-climatica\/\" title=\"Read Participaci\u00f3 al projecte &#8216;Joves per l&#8217;emerg\u00e8ncia clim\u00e0tica&#8217;\">Llegeix m\u00e9s\u00bb<\/a><\/p>\n","protected":false},"author":1,"featured_media":6786,"comment_status":"closed","ping_status":"closed","sticky":false,"template":"","format":"standard","meta":{"_bbp_topic_count":0,"_bbp_reply_count":0,"_bbp_total_topic_count":0,"_bbp_total_reply_count":0,"_bbp_voice_count":0,"_bbp_anonymous_reply_count":0,"_bbp_topic_count_hidden":0,"_bbp_reply_count_hidden":0,"_bbp_forum_subforum_count":0,"footnotes":""},"categories":[119,136,1,29,132],"tags":[111,112,120,126,130],"class_list":["post-6785","post","type-post","status-publish","format-standard","has-post-thumbnail","hentry","category-eramus","category-escolessostenibles","category-general","category-portada","category-probleu","tag-erasmusplussepie","tag-erasmusplus","tag-erasmus","tag-escoles-sostenibles","tag-probleu"],"post_mailing_queue_ids":[],"_links":{"self":[{"href":"https:\/\/agora.xtec.cat\/iespauclaris\/wp-json\/wp\/v2\/posts\/6785","targetHints":{"allow":["GET"]}}],"collection":[{"href":"https:\/\/agora.xtec.cat\/iespauclaris\/wp-json\/wp\/v2\/posts"}],"about":[{"href":"https:\/\/agora.xtec.cat\/iespauclaris\/wp-json\/wp\/v2\/types\/post"}],"author":[{"embeddable":true,"href":"https:\/\/agora.xtec.cat\/iespauclaris\/wp-json\/wp\/v2\/users\/1"}],"replies":[{"embeddable":true,"href":"https:\/\/agora.xtec.cat\/iespauclaris\/wp-json\/wp\/v2\/comments?post=6785"}],"version-history":[{"count":1,"href":"https:\/\/agora.xtec.cat\/iespauclaris\/wp-json\/wp\/v2\/posts\/6785\/revisions"}],"predecessor-version":[{"id":6790,"href":"https:\/\/agora.xtec.cat\/iespauclaris\/wp-json\/wp\/v2\/posts\/6785\/revisions\/6790"}],"wp:featuredmedia":[{"embeddable":true,"href":"https:\/\/agora.xtec.cat\/iespauclaris\/wp-json\/wp\/v2\/media\/6786"}],"wp:attachment":[{"href":"https:\/\/agora.xtec.cat\/iespauclaris\/wp-json\/wp\/v2\/media?parent=6785"}],"wp:term":[{"taxonomy":"category","embeddable":true,"href":"https:\/\/agora.xtec.cat\/iespauclaris\/wp-json\/wp\/v2\/categories?post=6785"},{"taxonomy":"post_tag","embeddable":true,"href":"https:\/\/agora.xtec.cat\/iespauclaris\/wp-json\/wp\/v2\/tags?post=6785"}],"curies":[{"name":"wp","href":"https:\/\/api.w.org\/{rel}","templated":true}]}}