{"id":6669,"date":"2025-03-29T18:34:04","date_gmt":"2025-03-29T17:34:04","guid":{"rendered":"https:\/\/agora.xtec.cat\/iespauclaris\/?p=6669"},"modified":"2025-03-29T18:35:32","modified_gmt":"2025-03-29T17:35:32","slug":"videos-presentats-al-concurs-reimaginat-2025","status":"publish","type":"post","link":"https:\/\/agora.xtec.cat\/iespauclaris\/general\/videos-presentats-al-concurs-reimaginat-2025\/","title":{"rendered":"V\u00eddeos presentats al concurs Reimagina&#8217;t 2025"},"content":{"rendered":"<p>Recentment, vam presentar un conjunt de v\u00eddeos realitzats per\u00a0l&#8217;alumnat de l&#8217;optativa de Cultura Audiovisual de 1r de Batxillerat.<\/p>\n<p>Us els enllacem aquest article i tamb\u00e9 el podeu veure al nostre canal de <a href=\"https:\/\/www.youtube.com\/channel\/UCnieoXmRyyFwOxEORYzobqA\" target=\"_blank\" rel=\"noopener\">YouTube<\/a>.<\/p>\n<table style=\"border-collapse: collapse; width: 100%;\">\n<tbody>\n<tr>\n<td style=\"width: 33.3333%;\"><iframe loading=\"lazy\" title=\"YouTube video player\" src=\"\/\/www.youtube.com\/embed\/TcVGlVXcq2M?si=lIbe519_pSiDyl-2\" width=\"560\" height=\"315\" frameborder=\"0\" allowfullscreen=\"allowfullscreen\"><\/iframe><\/td>\n<td style=\"width: 33.3333%;\"><iframe loading=\"lazy\" title=\"YouTube video player\" src=\"\/\/www.youtube.com\/embed\/s6wYBTR_SeE?si=BJ4cKb1adKLjI_Hb\" width=\"560\" height=\"315\" frameborder=\"0\" allowfullscreen=\"allowfullscreen\"><\/iframe><\/td>\n<td style=\"width: 33.3333%;\"><iframe loading=\"lazy\" title=\"YouTube video player\" src=\"\/\/www.youtube.com\/embed\/UKkYOOMnFN8?si=Yq3q7poNAv2MOWBr\" width=\"560\" height=\"315\" frameborder=\"0\" allowfullscreen=\"allowfullscreen\"><\/iframe><\/td>\n<\/tr>\n<\/tbody>\n<\/table>\n<p>La tem\u00e0tica de la 16a edici\u00f3 del concurs s\u00f3n ELS CONFLICTES<br \/>\nReimagina\u2019t ens convida en aquesta edici\u00f3 a posar sobre la taula les difer\u00e8ncies, els desacords i les opinions diverses. A crear v\u00eddeos lliures de sexisme que mostrin com aquestes diverg\u00e8ncies esdevenen motor per al canvi individual i col\u00b7lectiu; la manera en qu\u00e8 ens ajuden a entendre i a raonar sobre all\u00f2 que ens incomoda i ens fa discrepar, la forma en qu\u00e8 poden afavorir la creaci\u00f3 d\u2019espais de di\u00e0leg on contemplar les diferents perspectives i experi\u00e8ncies, fer aportacions i trobar resolucions pac\u00edfiques.<\/p>\n","protected":false},"excerpt":{"rendered":"<p>Recentment, vam presentar un conjunt de v\u00eddeos realitzats per\u00a0l&#8217;alumnat de l&#8217;optativa de Cultura Audiovisual de 1r de Batxillerat.<br \/>\nUs els enllacem aquest article i tamb\u00e9 el podeu veure al nostre canal de <a href=\"https:\/\/www.youtube.com\/channel\/UCnieoXmRyyFwOxEORYzobqA\" target=\"_blank\" rel=\"noopener\">YouTube<\/a>.<\/p>\n<p>La tem\u00e0tica de la 16a edici\u00f3 del concurs s\u00f3n ELS CONFLICTES<br \/>\nReimagina\u2019t&hellip;  <a href=\"https:\/\/agora.xtec.cat\/iespauclaris\/general\/videos-presentats-al-concurs-reimaginat-2025\/\" title=\"Read V\u00eddeos presentats al concurs Reimagina&#8217;t 2025\">Llegeix m\u00e9s\u00bb<\/a><\/p>\n","protected":false},"author":1,"featured_media":6671,"comment_status":"closed","ping_status":"closed","sticky":false,"template":"","format":"standard","meta":{"_bbp_topic_count":0,"_bbp_reply_count":0,"_bbp_total_topic_count":0,"_bbp_total_reply_count":0,"_bbp_voice_count":0,"_bbp_anonymous_reply_count":0,"_bbp_topic_count_hidden":0,"_bbp_reply_count_hidden":0,"_bbp_forum_subforum_count":0,"footnotes":""},"categories":[1,29],"tags":[],"class_list":["post-6669","post","type-post","status-publish","format-standard","has-post-thumbnail","hentry","category-general","category-portada"],"post_mailing_queue_ids":[],"_links":{"self":[{"href":"https:\/\/agora.xtec.cat\/iespauclaris\/wp-json\/wp\/v2\/posts\/6669","targetHints":{"allow":["GET"]}}],"collection":[{"href":"https:\/\/agora.xtec.cat\/iespauclaris\/wp-json\/wp\/v2\/posts"}],"about":[{"href":"https:\/\/agora.xtec.cat\/iespauclaris\/wp-json\/wp\/v2\/types\/post"}],"author":[{"embeddable":true,"href":"https:\/\/agora.xtec.cat\/iespauclaris\/wp-json\/wp\/v2\/users\/1"}],"replies":[{"embeddable":true,"href":"https:\/\/agora.xtec.cat\/iespauclaris\/wp-json\/wp\/v2\/comments?post=6669"}],"version-history":[{"count":1,"href":"https:\/\/agora.xtec.cat\/iespauclaris\/wp-json\/wp\/v2\/posts\/6669\/revisions"}],"predecessor-version":[{"id":6670,"href":"https:\/\/agora.xtec.cat\/iespauclaris\/wp-json\/wp\/v2\/posts\/6669\/revisions\/6670"}],"wp:featuredmedia":[{"embeddable":true,"href":"https:\/\/agora.xtec.cat\/iespauclaris\/wp-json\/wp\/v2\/media\/6671"}],"wp:attachment":[{"href":"https:\/\/agora.xtec.cat\/iespauclaris\/wp-json\/wp\/v2\/media?parent=6669"}],"wp:term":[{"taxonomy":"category","embeddable":true,"href":"https:\/\/agora.xtec.cat\/iespauclaris\/wp-json\/wp\/v2\/categories?post=6669"},{"taxonomy":"post_tag","embeddable":true,"href":"https:\/\/agora.xtec.cat\/iespauclaris\/wp-json\/wp\/v2\/tags?post=6669"}],"curies":[{"name":"wp","href":"https:\/\/api.w.org\/{rel}","templated":true}]}}