{"id":6666,"date":"2025-03-29T18:12:28","date_gmt":"2025-03-29T17:12:28","guid":{"rendered":"https:\/\/agora.xtec.cat\/iespauclaris\/?p=6666"},"modified":"2025-03-29T18:36:31","modified_gmt":"2025-03-29T17:36:31","slug":"videos-celebracio-dia-de-la-poesia","status":"publish","type":"post","link":"https:\/\/agora.xtec.cat\/iespauclaris\/general\/videos-celebracio-dia-de-la-poesia\/","title":{"rendered":"V\u00eddeos per a la celebraci\u00f3 del dia de la Poesia"},"content":{"rendered":"<p>El passat 21 de mar\u00e7 vam celebrar el <strong>Dia Mundial de la Poesia<\/strong> i aquest any el poema escollit ha estat \u201c<em><strong>Desamor<\/strong><\/em>\u201d de Josep M. Llompart, de qui enguany es commemora el centenari del naixement. Compartim amb vosaltres dos v\u00eddeos en qu\u00e8 l&#8217;alumnat del Pau Claris recita el poema en diferents lleng\u00fces. Moltes gr\u00e0cies a tot l&#8217;alumnat que hi ha participat!<\/p>\n<table style=\"border-collapse: collapse; width: 100%;\">\n<tbody>\n<tr>\n<td style=\"width: 50%;\"><iframe loading=\"lazy\" title=\"YouTube video player\" src=\"\/\/www.youtube.com\/embed\/YcvcRwBf8vI?si=W48QrAV_FK7oCHTa\" width=\"560\" height=\"315\" frameborder=\"0\" allowfullscreen=\"allowfullscreen\"><\/iframe><\/td>\n<td style=\"width: 50%;\"><iframe loading=\"lazy\" title=\"YouTube video player\" src=\"https:\/\/www.youtube.com\/embed\/ai3z8qemFgw?si=wYzo_G42mh6t2SA1\" width=\"560\" height=\"315\" frameborder=\"0\" allowfullscreen=\"allowfullscreen\"><\/iframe><\/td>\n<\/tr>\n<\/tbody>\n<\/table>\n<p>&nbsp;<\/p>\n","protected":false},"excerpt":{"rendered":"<p>El passat 21 de mar\u00e7 vam celebrar el Dia Mundial de la Poesia i aquest any el poema escollit ha estat \u201cDesamor\u201d de Josep M. Llompart, de qui enguany es commemora el centenari del naixement. Compartim amb vosaltres dos v\u00eddeos en qu\u00e8 l&#8217;alumnat del Pau&hellip;  <a href=\"https:\/\/agora.xtec.cat\/iespauclaris\/general\/videos-celebracio-dia-de-la-poesia\/\" title=\"Read V\u00eddeos per a la celebraci\u00f3 del dia de la Poesia\">Llegeix m\u00e9s\u00bb<\/a><\/p>\n","protected":false},"author":1,"featured_media":6667,"comment_status":"closed","ping_status":"closed","sticky":false,"template":"","format":"standard","meta":{"_bbp_topic_count":0,"_bbp_reply_count":0,"_bbp_total_topic_count":0,"_bbp_total_reply_count":0,"_bbp_voice_count":0,"_bbp_anonymous_reply_count":0,"_bbp_topic_count_hidden":0,"_bbp_reply_count_hidden":0,"_bbp_forum_subforum_count":0,"footnotes":""},"categories":[1,29],"tags":[],"class_list":["post-6666","post","type-post","status-publish","format-standard","has-post-thumbnail","hentry","category-general","category-portada"],"post_mailing_queue_ids":[],"_links":{"self":[{"href":"https:\/\/agora.xtec.cat\/iespauclaris\/wp-json\/wp\/v2\/posts\/6666","targetHints":{"allow":["GET"]}}],"collection":[{"href":"https:\/\/agora.xtec.cat\/iespauclaris\/wp-json\/wp\/v2\/posts"}],"about":[{"href":"https:\/\/agora.xtec.cat\/iespauclaris\/wp-json\/wp\/v2\/types\/post"}],"author":[{"embeddable":true,"href":"https:\/\/agora.xtec.cat\/iespauclaris\/wp-json\/wp\/v2\/users\/1"}],"replies":[{"embeddable":true,"href":"https:\/\/agora.xtec.cat\/iespauclaris\/wp-json\/wp\/v2\/comments?post=6666"}],"version-history":[{"count":2,"href":"https:\/\/agora.xtec.cat\/iespauclaris\/wp-json\/wp\/v2\/posts\/6666\/revisions"}],"predecessor-version":[{"id":6672,"href":"https:\/\/agora.xtec.cat\/iespauclaris\/wp-json\/wp\/v2\/posts\/6666\/revisions\/6672"}],"wp:featuredmedia":[{"embeddable":true,"href":"https:\/\/agora.xtec.cat\/iespauclaris\/wp-json\/wp\/v2\/media\/6667"}],"wp:attachment":[{"href":"https:\/\/agora.xtec.cat\/iespauclaris\/wp-json\/wp\/v2\/media?parent=6666"}],"wp:term":[{"taxonomy":"category","embeddable":true,"href":"https:\/\/agora.xtec.cat\/iespauclaris\/wp-json\/wp\/v2\/categories?post=6666"},{"taxonomy":"post_tag","embeddable":true,"href":"https:\/\/agora.xtec.cat\/iespauclaris\/wp-json\/wp\/v2\/tags?post=6666"}],"curies":[{"name":"wp","href":"https:\/\/api.w.org\/{rel}","templated":true}]}}