{"id":6661,"date":"2025-03-24T11:24:07","date_gmt":"2025-03-24T10:24:07","guid":{"rendered":"https:\/\/agora.xtec.cat\/iespauclaris\/?p=6661"},"modified":"2025-03-24T11:24:12","modified_gmt":"2025-03-24T10:24:12","slug":"posant-a-prova-lenginy-a-la-prova-cangur","status":"publish","type":"post","link":"https:\/\/agora.xtec.cat\/iespauclaris\/general\/posant-a-prova-lenginy-a-la-prova-cangur\/","title":{"rendered":"Posant a prova l\u2019enginy a la prova Cangur!"},"content":{"rendered":"<p>El dia 20 de mar\u00e7 es va realitzar a tot Catalunya la prova Cangur. Com a centre hem participat amb alumnes de tots els nivells en aquestes proves. L&#8217;alumnat de 1r a 4t. d&#8217;ESO ho han fet en el centre.<br \/>\nL&#8217;alumnat participant de batxillerat ha realitzat la prova a la facultat de matem\u00e0tiques i estad\u00edstica de la UPC. Com sempre \u00e9s una gran experi\u00e8ncia i una forma entretinguda de posar a prova les pr\u00f2pies capacitats. \ud83d\udccb\ud83d\udcc8<\/p>\n<p><a href=\"https:\/\/agora.xtec.cat\/iespauclaris\/wp-content\/uploads\/usu835\/2025\/03\/eCHO-scaled.jpg\"><img loading=\"lazy\" decoding=\"async\" src=\"https:\/\/agora.xtec.cat\/iespauclaris\/wp-content\/uploads\/usu835\/2025\/03\/eCHO-1024x768.jpg\" alt=\"\" width=\"1024\" height=\"768\" class=\"aligncenter size-large wp-image-6662\" srcset=\"https:\/\/agora.xtec.cat\/iespauclaris\/wp-content\/uploads\/usu835\/2025\/03\/eCHO-1024x768.jpg 1024w, https:\/\/agora.xtec.cat\/iespauclaris\/wp-content\/uploads\/usu835\/2025\/03\/eCHO-300x225.jpg 300w, https:\/\/agora.xtec.cat\/iespauclaris\/wp-content\/uploads\/usu835\/2025\/03\/eCHO-768x576.jpg 768w, https:\/\/agora.xtec.cat\/iespauclaris\/wp-content\/uploads\/usu835\/2025\/03\/eCHO-1536x1152.jpg 1536w, https:\/\/agora.xtec.cat\/iespauclaris\/wp-content\/uploads\/usu835\/2025\/03\/eCHO-2048x1536.jpg 2048w, https:\/\/agora.xtec.cat\/iespauclaris\/wp-content\/uploads\/usu835\/2025\/03\/eCHO-200x150.jpg 200w\" sizes=\"auto, (max-width: 1024px) 100vw, 1024px\" \/><\/a><\/p>\n","protected":false},"excerpt":{"rendered":"<p>El dia 20 de mar\u00e7 es va realitzar a tot Catalunya la prova Cangur. Com a centre hem participat amb alumnes de tots els nivells en aquestes proves. L&#8217;alumnat de 1r a 4t. d&#8217;ESO ho han fet en el centre.<br \/>\nL&#8217;alumnat participant de batxillerat ha realitzat&hellip;  <a href=\"https:\/\/agora.xtec.cat\/iespauclaris\/general\/posant-a-prova-lenginy-a-la-prova-cangur\/\" title=\"Read Posant a prova l\u2019enginy a la prova Cangur!\">Llegeix m\u00e9s\u00bb<\/a><\/p>\n","protected":false},"author":1,"featured_media":6662,"comment_status":"closed","ping_status":"closed","sticky":false,"template":"","format":"standard","meta":{"_bbp_topic_count":0,"_bbp_reply_count":0,"_bbp_total_topic_count":0,"_bbp_total_reply_count":0,"_bbp_voice_count":0,"_bbp_anonymous_reply_count":0,"_bbp_topic_count_hidden":0,"_bbp_reply_count_hidden":0,"_bbp_forum_subforum_count":0,"footnotes":""},"categories":[8,4,5,6,7,1,29],"tags":[],"class_list":["post-6661","post","type-post","status-publish","format-standard","has-post-thumbnail","hentry","category-batxillerat","category-eso-1","category-eso-2","category-eso-3","category-eso-4","category-general","category-portada"],"post_mailing_queue_ids":[],"_links":{"self":[{"href":"https:\/\/agora.xtec.cat\/iespauclaris\/wp-json\/wp\/v2\/posts\/6661","targetHints":{"allow":["GET"]}}],"collection":[{"href":"https:\/\/agora.xtec.cat\/iespauclaris\/wp-json\/wp\/v2\/posts"}],"about":[{"href":"https:\/\/agora.xtec.cat\/iespauclaris\/wp-json\/wp\/v2\/types\/post"}],"author":[{"embeddable":true,"href":"https:\/\/agora.xtec.cat\/iespauclaris\/wp-json\/wp\/v2\/users\/1"}],"replies":[{"embeddable":true,"href":"https:\/\/agora.xtec.cat\/iespauclaris\/wp-json\/wp\/v2\/comments?post=6661"}],"version-history":[{"count":1,"href":"https:\/\/agora.xtec.cat\/iespauclaris\/wp-json\/wp\/v2\/posts\/6661\/revisions"}],"predecessor-version":[{"id":6663,"href":"https:\/\/agora.xtec.cat\/iespauclaris\/wp-json\/wp\/v2\/posts\/6661\/revisions\/6663"}],"wp:featuredmedia":[{"embeddable":true,"href":"https:\/\/agora.xtec.cat\/iespauclaris\/wp-json\/wp\/v2\/media\/6662"}],"wp:attachment":[{"href":"https:\/\/agora.xtec.cat\/iespauclaris\/wp-json\/wp\/v2\/media?parent=6661"}],"wp:term":[{"taxonomy":"category","embeddable":true,"href":"https:\/\/agora.xtec.cat\/iespauclaris\/wp-json\/wp\/v2\/categories?post=6661"},{"taxonomy":"post_tag","embeddable":true,"href":"https:\/\/agora.xtec.cat\/iespauclaris\/wp-json\/wp\/v2\/tags?post=6661"}],"curies":[{"name":"wp","href":"https:\/\/api.w.org\/{rel}","templated":true}]}}