{"id":6359,"date":"2025-02-20T09:55:04","date_gmt":"2025-02-20T08:55:04","guid":{"rendered":"https:\/\/agora.xtec.cat\/iespauclaris\/?p=6359"},"modified":"2025-02-20T09:55:04","modified_gmt":"2025-02-20T08:55:04","slug":"en-directe-des-de-lantartida","status":"publish","type":"post","link":"https:\/\/agora.xtec.cat\/iespauclaris\/general\/en-directe-des-de-lantartida\/","title":{"rendered":"En directe des de l&#8217;Ant\u00e0rtida!"},"content":{"rendered":"<p>L\u2019alumnat de 2n d\u2019ESO va poder gaudir, dijous de la setmana passada, d&#8217;una connexi\u00f3 en directe per videoconfer\u00e8ncia amb l\u2019investigador Sergi Gonz\u00e1lez, de l\u2019Institut per a la Recerca de la Neu i les Allaus (SLF) de Davos (Su\u00efssa) amb qui van poder tenir mitja hora de conversa. Durant la conversa, el Sergi va estar explicant detalls de la seva investigaci\u00f3 i responent a les preguntes de l&#8217;alumnat. \ud83d\udcac<\/p>\n<p>El Sergi est\u00e0 destinat a la base Princess Elizabeth fent recerca sobre com la neu i el gel afecten l\u2019augment del nivell del mar i el canvi clim\u00e0tic \ud83c\udf0d\ud83c\udf21\ufe0f. Aquesta activitat est\u00e0 relacionada amb el projecte que els alumnes de 2n d&#8217;ESO han realitzat sobre l&#8217;Ant\u00e0rtida el primer trimestre en el marc de la nostra participaci\u00f3 en el programa \u201cRecerca en acci\u00f3\u201d de la Fundaci\u00f3 Catalana per la Recerca i la Innovaci\u00f3 \ud83d\udd2c. <a href=\"https:\/\/www.instagram.com\/probleu.schools\/\"><span style=\"font-weight: 400;\">@probleu.schools <\/span><\/a><a class=\"x1i10hfl xjbqb8w x1ejq31n xd10rxx x1sy0etr x17r0tee x972fbf xcfux6l x1qhh985 xm0m39n x9f619 x1ypdohk xt0psk2 xe8uvvx xdj266r x11i5rnm xat24cr x1mh8g0r xexx8yu x4uap5 x18d9i69 xkhd6sd x16tdsg8 x1hl2dhg xggy1nq x1a2a7pz notranslate _a6hd\" tabindex=\"0\" role=\"link\" href=\"https:\/\/www.instagram.com\/escoles_verdes\/?hl=es-es\">@escoles_verdes<\/a><\/p>\n\n\t\t<style type=\"text\/css\">\n\t\t\t#gallery-1 {\n\t\t\t\tmargin: auto;\n\t\t\t}\n\t\t\t#gallery-1 .gallery-item {\n\t\t\t\tfloat: left;\n\t\t\t\tmargin-top: 10px;\n\t\t\t\ttext-align: center;\n\t\t\t\twidth: 50%;\n\t\t\t}\n\t\t\t#gallery-1 img {\n\t\t\t\tborder: 2px solid #cfcfcf;\n\t\t\t}\n\t\t\t#gallery-1 .gallery-caption {\n\t\t\t\tmargin-left: 0;\n\t\t\t}\n\t\t\t\/* see gallery_shortcode() in wp-includes\/media.php *\/\n\t\t<\/style>\n\t\t<div id='gallery-1' class='gallery galleryid-6359 gallery-columns-2 gallery-size-full'><dl class='gallery-item'>\n\t\t\t<dt class='gallery-icon landscape'>\n\t\t\t\t<a href='https:\/\/agora.xtec.cat\/iespauclaris\/general\/en-directe-des-de-lantartida\/attachment\/photo-2025-02-20-09-32-14-1\/'><img loading=\"lazy\" decoding=\"async\" width=\"2000\" height=\"1126\" src=\"https:\/\/agora.xtec.cat\/iespauclaris\/wp-content\/uploads\/usu835\/2025\/02\/PHOTO-2025-02-20-09-32-14-1.jpg\" class=\"attachment-full size-full\" alt=\"\" srcset=\"https:\/\/agora.xtec.cat\/iespauclaris\/wp-content\/uploads\/usu835\/2025\/02\/PHOTO-2025-02-20-09-32-14-1.jpg 2000w, https:\/\/agora.xtec.cat\/iespauclaris\/wp-content\/uploads\/usu835\/2025\/02\/PHOTO-2025-02-20-09-32-14-1-300x169.jpg 300w, https:\/\/agora.xtec.cat\/iespauclaris\/wp-content\/uploads\/usu835\/2025\/02\/PHOTO-2025-02-20-09-32-14-1-1024x577.jpg 1024w, https:\/\/agora.xtec.cat\/iespauclaris\/wp-content\/uploads\/usu835\/2025\/02\/PHOTO-2025-02-20-09-32-14-1-768x432.jpg 768w, https:\/\/agora.xtec.cat\/iespauclaris\/wp-content\/uploads\/usu835\/2025\/02\/PHOTO-2025-02-20-09-32-14-1-1536x865.jpg 1536w\" sizes=\"auto, (max-width: 2000px) 100vw, 2000px\" \/><\/a>\n\t\t\t<\/dt><\/dl><dl class='gallery-item'>\n\t\t\t<dt class='gallery-icon landscape'>\n\t\t\t\t<a href='https:\/\/agora.xtec.cat\/iespauclaris\/general\/en-directe-des-de-lantartida\/attachment\/photo-2025-02-20-09-32-14\/'><img loading=\"lazy\" decoding=\"async\" width=\"2000\" height=\"1126\" src=\"https:\/\/agora.xtec.cat\/iespauclaris\/wp-content\/uploads\/usu835\/2025\/02\/PHOTO-2025-02-20-09-32-14.jpg\" class=\"attachment-full size-full\" alt=\"\" srcset=\"https:\/\/agora.xtec.cat\/iespauclaris\/wp-content\/uploads\/usu835\/2025\/02\/PHOTO-2025-02-20-09-32-14.jpg 2000w, https:\/\/agora.xtec.cat\/iespauclaris\/wp-content\/uploads\/usu835\/2025\/02\/PHOTO-2025-02-20-09-32-14-300x169.jpg 300w, https:\/\/agora.xtec.cat\/iespauclaris\/wp-content\/uploads\/usu835\/2025\/02\/PHOTO-2025-02-20-09-32-14-1024x577.jpg 1024w, https:\/\/agora.xtec.cat\/iespauclaris\/wp-content\/uploads\/usu835\/2025\/02\/PHOTO-2025-02-20-09-32-14-768x432.jpg 768w, https:\/\/agora.xtec.cat\/iespauclaris\/wp-content\/uploads\/usu835\/2025\/02\/PHOTO-2025-02-20-09-32-14-1536x865.jpg 1536w\" sizes=\"auto, (max-width: 2000px) 100vw, 2000px\" \/><\/a>\n\t\t\t<\/dt><\/dl><br style=\"clear: both\" \/><dl class='gallery-item'>\n\t\t\t<dt class='gallery-icon landscape'>\n\t\t\t\t<a href='https:\/\/agora.xtec.cat\/iespauclaris\/general\/en-directe-des-de-lantartida\/attachment\/photo-2025-02-20-09-32-15\/'><img loading=\"lazy\" decoding=\"async\" width=\"2000\" height=\"1126\" src=\"https:\/\/agora.xtec.cat\/iespauclaris\/wp-content\/uploads\/usu835\/2025\/02\/PHOTO-2025-02-20-09-32-15.jpg\" class=\"attachment-full size-full\" alt=\"\" srcset=\"https:\/\/agora.xtec.cat\/iespauclaris\/wp-content\/uploads\/usu835\/2025\/02\/PHOTO-2025-02-20-09-32-15.jpg 2000w, https:\/\/agora.xtec.cat\/iespauclaris\/wp-content\/uploads\/usu835\/2025\/02\/PHOTO-2025-02-20-09-32-15-300x169.jpg 300w, https:\/\/agora.xtec.cat\/iespauclaris\/wp-content\/uploads\/usu835\/2025\/02\/PHOTO-2025-02-20-09-32-15-1024x577.jpg 1024w, https:\/\/agora.xtec.cat\/iespauclaris\/wp-content\/uploads\/usu835\/2025\/02\/PHOTO-2025-02-20-09-32-15-768x432.jpg 768w, https:\/\/agora.xtec.cat\/iespauclaris\/wp-content\/uploads\/usu835\/2025\/02\/PHOTO-2025-02-20-09-32-15-1536x865.jpg 1536w\" sizes=\"auto, (max-width: 2000px) 100vw, 2000px\" \/><\/a>\n\t\t\t<\/dt><\/dl><dl class='gallery-item'>\n\t\t\t<dt class='gallery-icon landscape'>\n\t\t\t\t<a href='https:\/\/agora.xtec.cat\/iespauclaris\/general\/en-directe-des-de-lantartida\/attachment\/photo-2025-02-20-09-32-16\/'><img loading=\"lazy\" decoding=\"async\" width=\"2000\" height=\"1126\" src=\"https:\/\/agora.xtec.cat\/iespauclaris\/wp-content\/uploads\/usu835\/2025\/02\/PHOTO-2025-02-20-09-32-16.jpg\" class=\"attachment-full size-full\" alt=\"\" srcset=\"https:\/\/agora.xtec.cat\/iespauclaris\/wp-content\/uploads\/usu835\/2025\/02\/PHOTO-2025-02-20-09-32-16.jpg 2000w, https:\/\/agora.xtec.cat\/iespauclaris\/wp-content\/uploads\/usu835\/2025\/02\/PHOTO-2025-02-20-09-32-16-300x169.jpg 300w, https:\/\/agora.xtec.cat\/iespauclaris\/wp-content\/uploads\/usu835\/2025\/02\/PHOTO-2025-02-20-09-32-16-1024x577.jpg 1024w, https:\/\/agora.xtec.cat\/iespauclaris\/wp-content\/uploads\/usu835\/2025\/02\/PHOTO-2025-02-20-09-32-16-768x432.jpg 768w, https:\/\/agora.xtec.cat\/iespauclaris\/wp-content\/uploads\/usu835\/2025\/02\/PHOTO-2025-02-20-09-32-16-1536x865.jpg 1536w\" sizes=\"auto, (max-width: 2000px) 100vw, 2000px\" \/><\/a>\n\t\t\t<\/dt><\/dl><br style=\"clear: both\" \/>\n\t\t<\/div>\n\n","protected":false},"excerpt":{"rendered":"<p>L\u2019alumnat de 2n d\u2019ESO va poder gaudir, dijous de la setmana passada, d&#8217;una connexi\u00f3 en directe per videoconfer\u00e8ncia amb l\u2019investigador Sergi Gonz\u00e1lez, de l\u2019Institut per a la Recerca de la Neu i les Allaus (SLF) de Davos (Su\u00efssa) amb qui van poder tenir mitja hora&hellip;  <a href=\"https:\/\/agora.xtec.cat\/iespauclaris\/general\/en-directe-des-de-lantartida\/\" title=\"Read En directe des de l&#8217;Ant\u00e0rtida!\">Llegeix m\u00e9s\u00bb<\/a><\/p>\n","protected":false},"author":1,"featured_media":6364,"comment_status":"closed","ping_status":"closed","sticky":false,"template":"","format":"standard","meta":{"_bbp_topic_count":0,"_bbp_reply_count":0,"_bbp_total_topic_count":0,"_bbp_total_reply_count":0,"_bbp_voice_count":0,"_bbp_anonymous_reply_count":0,"_bbp_topic_count_hidden":0,"_bbp_reply_count_hidden":0,"_bbp_forum_subforum_count":0,"footnotes":""},"categories":[136,3,5,1,29,132],"tags":[],"class_list":["post-6359","post","type-post","status-publish","format-standard","has-post-thumbnail","hentry","category-escolessostenibles","category-eso","category-eso-2","category-general","category-portada","category-probleu"],"post_mailing_queue_ids":[],"_links":{"self":[{"href":"https:\/\/agora.xtec.cat\/iespauclaris\/wp-json\/wp\/v2\/posts\/6359","targetHints":{"allow":["GET"]}}],"collection":[{"href":"https:\/\/agora.xtec.cat\/iespauclaris\/wp-json\/wp\/v2\/posts"}],"about":[{"href":"https:\/\/agora.xtec.cat\/iespauclaris\/wp-json\/wp\/v2\/types\/post"}],"author":[{"embeddable":true,"href":"https:\/\/agora.xtec.cat\/iespauclaris\/wp-json\/wp\/v2\/users\/1"}],"replies":[{"embeddable":true,"href":"https:\/\/agora.xtec.cat\/iespauclaris\/wp-json\/wp\/v2\/comments?post=6359"}],"version-history":[{"count":1,"href":"https:\/\/agora.xtec.cat\/iespauclaris\/wp-json\/wp\/v2\/posts\/6359\/revisions"}],"predecessor-version":[{"id":6365,"href":"https:\/\/agora.xtec.cat\/iespauclaris\/wp-json\/wp\/v2\/posts\/6359\/revisions\/6365"}],"wp:featuredmedia":[{"embeddable":true,"href":"https:\/\/agora.xtec.cat\/iespauclaris\/wp-json\/wp\/v2\/media\/6364"}],"wp:attachment":[{"href":"https:\/\/agora.xtec.cat\/iespauclaris\/wp-json\/wp\/v2\/media?parent=6359"}],"wp:term":[{"taxonomy":"category","embeddable":true,"href":"https:\/\/agora.xtec.cat\/iespauclaris\/wp-json\/wp\/v2\/categories?post=6359"},{"taxonomy":"post_tag","embeddable":true,"href":"https:\/\/agora.xtec.cat\/iespauclaris\/wp-json\/wp\/v2\/tags?post=6359"}],"curies":[{"name":"wp","href":"https:\/\/api.w.org\/{rel}","templated":true}]}}