{"id":6332,"date":"2025-02-18T12:49:23","date_gmt":"2025-02-18T11:49:23","guid":{"rendered":"https:\/\/agora.xtec.cat\/iespauclaris\/?p=6332"},"modified":"2025-02-18T12:49:23","modified_gmt":"2025-02-18T11:49:23","slug":"creant-mini-cervells-a-4t-deso","status":"publish","type":"post","link":"https:\/\/agora.xtec.cat\/iespauclaris\/general\/creant-mini-cervells-a-4t-deso\/","title":{"rendered":"Creant mini cervells a 4t d&#8217;ESO!"},"content":{"rendered":"<div dir=\"auto\">En motiu del dia de la dona a la ci\u00e8ncia, els alumnes de 4t d&#8217;ESO van poder gaudir de la xerrada de la doctora Alba Ortega. Va comen\u00e7ar exposant la realitat de la situaci\u00f3 de la dona en l&#8217;entorn cient\u00edfic a partir de dades oficials. A continuaci\u00f3, va exposar el seu camp de recerca: estudiar malalties com ara l&#8217;Alzheimer mitjan\u00e7ant la fabricaci\u00f3 d&#8217;organoides (minicervells) a partir de c\u00e8l\u00b7lules mare.<\/div>\n<div dir=\"auto\"><\/div>\n<div dir=\"auto\">Va ser un plaer i una inspiraci\u00f3 per a moltes veure com dones porten a terme recerques punteres amb tanta il\u00b7lusi\u00f3 i empenta.<\/div>\n<div dir=\"auto\">\n\n\t\t<style type=\"text\/css\">\n\t\t\t#gallery-1 {\n\t\t\t\tmargin: auto;\n\t\t\t}\n\t\t\t#gallery-1 .gallery-item {\n\t\t\t\tfloat: left;\n\t\t\t\tmargin-top: 10px;\n\t\t\t\ttext-align: center;\n\t\t\t\twidth: 50%;\n\t\t\t}\n\t\t\t#gallery-1 img {\n\t\t\t\tborder: 2px solid #cfcfcf;\n\t\t\t}\n\t\t\t#gallery-1 .gallery-caption {\n\t\t\t\tmargin-left: 0;\n\t\t\t}\n\t\t\t\/* see gallery_shortcode() in wp-includes\/media.php *\/\n\t\t<\/style>\n\t\t<div id='gallery-1' class='gallery galleryid-6332 gallery-columns-2 gallery-size-large'><dl class='gallery-item'>\n\t\t\t<dt class='gallery-icon landscape'>\n\t\t\t\t<a href='https:\/\/agora.xtec.cat\/iespauclaris\/general\/creant-mini-cervells-a-4t-deso\/attachment\/ok011\/'><img loading=\"lazy\" decoding=\"async\" width=\"1024\" height=\"768\" src=\"https:\/\/agora.xtec.cat\/iespauclaris\/wp-content\/uploads\/usu835\/2025\/02\/ok011-1024x768.jpg\" class=\"attachment-large size-large\" alt=\"\" srcset=\"https:\/\/agora.xtec.cat\/iespauclaris\/wp-content\/uploads\/usu835\/2025\/02\/ok011-1024x768.jpg 1024w, https:\/\/agora.xtec.cat\/iespauclaris\/wp-content\/uploads\/usu835\/2025\/02\/ok011-300x225.jpg 300w, https:\/\/agora.xtec.cat\/iespauclaris\/wp-content\/uploads\/usu835\/2025\/02\/ok011-768x576.jpg 768w, https:\/\/agora.xtec.cat\/iespauclaris\/wp-content\/uploads\/usu835\/2025\/02\/ok011-1536x1152.jpg 1536w, https:\/\/agora.xtec.cat\/iespauclaris\/wp-content\/uploads\/usu835\/2025\/02\/ok011-2048x1536.jpg 2048w, https:\/\/agora.xtec.cat\/iespauclaris\/wp-content\/uploads\/usu835\/2025\/02\/ok011-200x150.jpg 200w\" sizes=\"auto, (max-width: 1024px) 100vw, 1024px\" \/><\/a>\n\t\t\t<\/dt><\/dl><dl class='gallery-item'>\n\t\t\t<dt class='gallery-icon landscape'>\n\t\t\t\t<a href='https:\/\/agora.xtec.cat\/iespauclaris\/general\/creant-mini-cervells-a-4t-deso\/attachment\/ok022\/'><img loading=\"lazy\" decoding=\"async\" width=\"1024\" height=\"768\" src=\"https:\/\/agora.xtec.cat\/iespauclaris\/wp-content\/uploads\/usu835\/2025\/02\/ok022-1024x768.jpg\" class=\"attachment-large size-large\" alt=\"\" srcset=\"https:\/\/agora.xtec.cat\/iespauclaris\/wp-content\/uploads\/usu835\/2025\/02\/ok022-1024x768.jpg 1024w, https:\/\/agora.xtec.cat\/iespauclaris\/wp-content\/uploads\/usu835\/2025\/02\/ok022-300x225.jpg 300w, https:\/\/agora.xtec.cat\/iespauclaris\/wp-content\/uploads\/usu835\/2025\/02\/ok022-768x576.jpg 768w, https:\/\/agora.xtec.cat\/iespauclaris\/wp-content\/uploads\/usu835\/2025\/02\/ok022-1536x1152.jpg 1536w, https:\/\/agora.xtec.cat\/iespauclaris\/wp-content\/uploads\/usu835\/2025\/02\/ok022-2048x1536.jpg 2048w, https:\/\/agora.xtec.cat\/iespauclaris\/wp-content\/uploads\/usu835\/2025\/02\/ok022-200x150.jpg 200w\" sizes=\"auto, (max-width: 1024px) 100vw, 1024px\" \/><\/a>\n\t\t\t<\/dt><\/dl><br style=\"clear: both\" \/>\n\t\t<\/div>\n\n<\/div>\n","protected":false},"excerpt":{"rendered":"<p>En motiu del dia de la dona a la ci\u00e8ncia, els alumnes de 4t d&#8217;ESO van poder gaudir de la xerrada de la doctora Alba Ortega. Va comen\u00e7ar exposant la realitat de la situaci\u00f3 de la dona en l&#8217;entorn cient\u00edfic a partir de dades oficials.&hellip;  <a href=\"https:\/\/agora.xtec.cat\/iespauclaris\/general\/creant-mini-cervells-a-4t-deso\/\" title=\"Read Creant mini cervells a 4t d&#8217;ESO!\">Llegeix m\u00e9s\u00bb<\/a><\/p>\n","protected":false},"author":1,"featured_media":6333,"comment_status":"closed","ping_status":"closed","sticky":false,"template":"","format":"standard","meta":{"_bbp_topic_count":0,"_bbp_reply_count":0,"_bbp_total_topic_count":0,"_bbp_total_reply_count":0,"_bbp_voice_count":0,"_bbp_anonymous_reply_count":0,"_bbp_topic_count_hidden":0,"_bbp_reply_count_hidden":0,"_bbp_forum_subforum_count":0,"footnotes":""},"categories":[3,7,1,29],"tags":[],"class_list":["post-6332","post","type-post","status-publish","format-standard","has-post-thumbnail","hentry","category-eso","category-eso-4","category-general","category-portada"],"post_mailing_queue_ids":[],"_links":{"self":[{"href":"https:\/\/agora.xtec.cat\/iespauclaris\/wp-json\/wp\/v2\/posts\/6332","targetHints":{"allow":["GET"]}}],"collection":[{"href":"https:\/\/agora.xtec.cat\/iespauclaris\/wp-json\/wp\/v2\/posts"}],"about":[{"href":"https:\/\/agora.xtec.cat\/iespauclaris\/wp-json\/wp\/v2\/types\/post"}],"author":[{"embeddable":true,"href":"https:\/\/agora.xtec.cat\/iespauclaris\/wp-json\/wp\/v2\/users\/1"}],"replies":[{"embeddable":true,"href":"https:\/\/agora.xtec.cat\/iespauclaris\/wp-json\/wp\/v2\/comments?post=6332"}],"version-history":[{"count":1,"href":"https:\/\/agora.xtec.cat\/iespauclaris\/wp-json\/wp\/v2\/posts\/6332\/revisions"}],"predecessor-version":[{"id":6335,"href":"https:\/\/agora.xtec.cat\/iespauclaris\/wp-json\/wp\/v2\/posts\/6332\/revisions\/6335"}],"wp:featuredmedia":[{"embeddable":true,"href":"https:\/\/agora.xtec.cat\/iespauclaris\/wp-json\/wp\/v2\/media\/6333"}],"wp:attachment":[{"href":"https:\/\/agora.xtec.cat\/iespauclaris\/wp-json\/wp\/v2\/media?parent=6332"}],"wp:term":[{"taxonomy":"category","embeddable":true,"href":"https:\/\/agora.xtec.cat\/iespauclaris\/wp-json\/wp\/v2\/categories?post=6332"},{"taxonomy":"post_tag","embeddable":true,"href":"https:\/\/agora.xtec.cat\/iespauclaris\/wp-json\/wp\/v2\/tags?post=6332"}],"curies":[{"name":"wp","href":"https:\/\/api.w.org\/{rel}","templated":true}]}}