{"id":6320,"date":"2025-02-18T11:21:20","date_gmt":"2025-02-18T10:21:20","guid":{"rendered":"https:\/\/agora.xtec.cat\/iespauclaris\/?p=6320"},"modified":"2025-02-18T17:04:19","modified_gmt":"2025-02-18T16:04:19","slug":"docents-pel-dret-a-lhabitatge","status":"publish","type":"post","link":"https:\/\/agora.xtec.cat\/iespauclaris\/general\/docents-pel-dret-a-lhabitatge\/","title":{"rendered":"Docents pel dret a l&#8217;habitatge!"},"content":{"rendered":"<div dir=\"auto\"><a href=\"https:\/\/agora.xtec.cat\/iespauclaris\/wp-content\/uploads\/usu835\/2025\/02\/prou-desenonmanets-080.jpg\"><img loading=\"lazy\" decoding=\"async\" class=\" wp-image-6321 alignleft\" src=\"https:\/\/agora.xtec.cat\/iespauclaris\/wp-content\/uploads\/usu835\/2025\/02\/prou-desenonmanets-080.jpg\" alt=\"\" width=\"379\" height=\"493\" srcset=\"https:\/\/agora.xtec.cat\/iespauclaris\/wp-content\/uploads\/usu835\/2025\/02\/prou-desenonmanets-080.jpg 246w, https:\/\/agora.xtec.cat\/iespauclaris\/wp-content\/uploads\/usu835\/2025\/02\/prou-desenonmanets-080-231x300.jpg 231w\" sizes=\"auto, (max-width: 379px) 100vw, 379px\" \/><\/a>Dimecres passat es va votar i aprovar a claustre l&#8217;adhesi\u00f3 de l&#8217;institut a la plataforma &#8220;<a href=\"https:\/\/educaciotransformadora.com\/2024\/12\/16\/docents-080-pel-dret-a-lhabitatge-digne\/\" target=\"_blank\" rel=\"noopener\">080 Docents pel dret a l&#8217;habitatge<\/a>&#8220;. A partir d&#8217;aquest punt, s&#8217;estudiaran futures accions de suport a la causa. A continuaci\u00f3, el manifest que es va aprovar.<\/div>\n<div dir=\"auto\"><\/div>\n<p>Els equips educatius (docents, socioeducatius i complementaris) de la ciutat de Barcelona diem prou! L\u2019habitatge digne \u00e9s un dret i no el podem deslligar del dret a l\u2019educaci\u00f3.<\/p>\n<div dir=\"auto\"><\/div>\n<div dir=\"auto\">Sabies que\u2026<\/div>\n<div dir=\"auto\"><\/div>\n<div dir=\"auto\"><\/div>\n<div dir=\"auto\">\u2013 A la ciutat de Barcelona hi ha 2.606 grans tenidors, que tenen a les seves mans un total de 78.004 pisos en r\u00e8gim de lloguer.<\/div>\n<div dir=\"auto\"><\/div>\n<div dir=\"auto\">\u2013 Barcelona \u00e9s la prov\u00edncia de l\u2019estat amb m\u00e9s desnonaments durant el 2023. segons dades del Consell General del Poder Judicial (CGPJ), s\u2019hi van practicar 1.255 (el 23% del total de les 5.302 llan\u00e7aments executats a Catalunya).<\/div>\n<div dir=\"auto\"><\/div>\n<div dir=\"auto\">\u2013A la Mesa d\u2019emerg\u00e8ncies del Consorci de l\u2019Habitatge de Barcelona del mes d\u2019abril de 2024 es van valorar 739 casos de p\u00e8rdua d&#8217;habitatge. Tan sols es va adjudicar habitatge a 54 dels casos.<\/div>\n<div dir=\"auto\"><\/div>\n<div dir=\"auto\">\u2013 El 2023 m\u00e9s de 39.000 persones van formalitzar la inscripci\u00f3 en el Registre de Sol\u00b7licitants d\u2019Habitatge amb Protecci\u00f3 Oficial a la ciutat de Barcelona. Moltes de les fam\u00edlies de les nostres escoles no poden fer la sol\u00b7licitud perqu\u00e8 estan en situaci\u00f3 administrativa irregular.<\/div>\n<div dir=\"auto\"><\/div>\n<div dir=\"auto\">\u2013 El perfil de fam\u00edlia que viu situacions de desnonament \u00e9s d\u2019una dona sola amb fills\/es a c\u00e0rrec. En gaireb\u00e9 el 70% de desnonaments hi ha menors.<\/div>\n<div dir=\"auto\"><\/div>\n<div dir=\"auto\">\u2013 A Barcelona 37.831 alumnes viuen en situaci\u00f3 de vulnerabilitat.<\/div>\n<div dir=\"auto\"><\/div>\n<div dir=\"auto\">\u2013 Cada vegada m\u00e9s fam\u00edlies dels nostres centres educatius viuen en infrahabitatges o en habitacions rellogades, donant-se situacions d\u2019amuntegament i\/o de manca de subministrament (aigua, gas i llum)<\/div>\n<div dir=\"auto\"><\/div>\n<div dir=\"auto\">\u2013 L\u2019emerg\u00e8ncia habitacional i la preocupaci\u00f3 per cobrir les necessitats b\u00e0siques s\u00f3n factors que incrementen el risc de patir problemes de salut mental. Reduir la quantitat de menjar o de saltar-se \u00e0pats per motius econ\u00f2mics augmenta en un 12% els problemes de salut mental.<\/div>\n<div dir=\"auto\"><\/div>\n<div dir=\"auto\">\u2013 La majoria de fam\u00edlies desnonades s\u00f3n allotjades temporalment en hotels\/albergs\/pensions lluny de la seva escola, o fins i tot en altres municipis, la qual cosa compromet el dret a l\u2019educaci\u00f3 dels menors.<\/div>\n<div dir=\"auto\"><\/div>\n<div dir=\"auto\">\u2013 A la ciutat de Barcelona prop d\u2019un ter\u00e7 de la matr\u00edcula d\u2019alumnes es realitza fora dels terminis ordinaris concentrant gran part dels despla\u00e7aments for\u00e7ats de la inf\u00e0ncia, derivats de desnonaments o migracions for\u00e7ades.<\/div>\n<div dir=\"auto\"><\/div>\n<div dir=\"auto\">\u2013 L\u2019ab\u00fas del preu de lloguer i el classisme immobiliari a Barcelona aboca moltes fam\u00edlies a la inestabilitat domicili\u00e0ria i un canvi continuat d\u2019habitatge per a molts infants.<\/div>\n<div dir=\"auto\"><\/div>\n<div dir=\"auto\">Aquesta din\u00e0mica vulnera el dret a l\u2019educaci\u00f3 de joves i infants i impedeix que puguin seguir els aprenentatges amb normalitat. Tamb\u00e9 expulsa les fam\u00edlies de la ciutat, fent de Barcelona una ciutat aparador.<\/div>\n<div dir=\"auto\"><\/div>\n<div dir=\"auto\">Per tot aix\u00f2, els equips educatius diem prou! L\u2019habitatge digne \u00e9s un dret i no el podem deslligar del dret a l\u2019educaci\u00f3.<\/div>\n<div dir=\"auto\"><\/div>\n<div dir=\"auto\">Exigim a les administracions responsables:<\/div>\n<div dir=\"auto\"><\/div>\n<ul>\n<li dir=\"auto\">Aplicar els protocols i les lleis de protecci\u00f3 integral de la inf\u00e0ncia i fer primar l\u2019inter\u00e8s superior del menor en tot el que afecti drets fonamentals, especialment en la lluita contra el sensellarisme.<\/li>\n<li dir=\"auto\">Assegurar els subministraments b\u00e0sics a tots els habitatges.<\/li>\n<li dir=\"auto\">Aturar la pres\u00e8ncia de cossos policials antiavalots als desnonaments amb menors o gent vulnerabilitzada.<\/li>\n<li dir=\"auto\">Fer pol\u00edtiques reals que facilitin l\u2019acc\u00e9s i manteniment d\u2019habitatge digne i assequible sense discriminaci\u00f3 per motiu de ra\u00e7a, religi\u00f3, nivell econ\u00f2mic i\/o altres.<\/li>\n<li dir=\"auto\">Ampliar el parc p\u00fablic a la mitjana europea (15%). Actualment Catalunya \u00e9s del 2%.<\/li>\n<li dir=\"auto\">Lluitar activament contra el racisme immobiliari.<\/li>\n<li dir=\"auto\">Lluitar activament contra la segregaci\u00f3 residencial i escolar, que impedeixen un seguiment acurat dels casos que necessiten una atenci\u00f3 espec\u00edfica.<\/li>\n<li dir=\"auto\">Consolidar els equips educadors (docents i socioeducatiu) als centres de la ciutat amb l\u2019objectiu de propiciar un treball d\u2019equip estable i multidisciplinar, capa\u00e7 de donar una resposta educativa m\u00e9s global a la realitat del nostre alumnat m\u00e9s vulnerabilitzat.<\/li>\n<li dir=\"auto\">Dotar de m\u00e9s recursos per tal que els equips educatius puguin atendre de forma eficient la realitat educativa, personal i social del nostre alumnat. Hem de garantir la igualtat d\u2019oportunitats a tots els infants i joves de la ciutat.<\/li>\n<\/ul>\n<div dir=\"auto\"><\/div>\n<div dir=\"auto\"><\/div>\n<div dir=\"auto\"><\/div>\n<div dir=\"auto\"><\/div>\n<div dir=\"auto\"><\/div>\n","protected":false},"excerpt":{"rendered":"<p><a href=\"https:\/\/agora.xtec.cat\/iespauclaris\/wp-content\/uploads\/usu835\/2025\/02\/prou-desenonmanets-080.jpg\"><\/a>Dimecres passat es va votar i aprovar a claustre l&#8217;adhesi\u00f3 de l&#8217;institut a la plataforma &#8220;<a href=\"https:\/\/educaciotransformadora.com\/2024\/12\/16\/docents-080-pel-dret-a-lhabitatge-digne\/\" target=\"_blank\" rel=\"noopener\">080 Docents pel dret a l&#8217;habitatge<\/a>&#8220;. A partir d&#8217;aquest punt, s&#8217;estudiaran futures accions de suport a la causa. A continuaci\u00f3, el manifest que es va aprovar.<\/p>\n<p>Els&hellip;  <a href=\"https:\/\/agora.xtec.cat\/iespauclaris\/general\/docents-pel-dret-a-lhabitatge\/\" title=\"Read Docents pel dret a l&#8217;habitatge!\">Llegeix m\u00e9s\u00bb<\/a><\/p>\n","protected":false},"author":1,"featured_media":6331,"comment_status":"closed","ping_status":"closed","sticky":false,"template":"","format":"standard","meta":{"_bbp_topic_count":0,"_bbp_reply_count":0,"_bbp_total_topic_count":0,"_bbp_total_reply_count":0,"_bbp_voice_count":0,"_bbp_anonymous_reply_count":0,"_bbp_topic_count_hidden":0,"_bbp_reply_count_hidden":0,"_bbp_forum_subforum_count":0,"footnotes":""},"categories":[1,29],"tags":[],"class_list":["post-6320","post","type-post","status-publish","format-standard","has-post-thumbnail","hentry","category-general","category-portada"],"post_mailing_queue_ids":[],"_links":{"self":[{"href":"https:\/\/agora.xtec.cat\/iespauclaris\/wp-json\/wp\/v2\/posts\/6320","targetHints":{"allow":["GET"]}}],"collection":[{"href":"https:\/\/agora.xtec.cat\/iespauclaris\/wp-json\/wp\/v2\/posts"}],"about":[{"href":"https:\/\/agora.xtec.cat\/iespauclaris\/wp-json\/wp\/v2\/types\/post"}],"author":[{"embeddable":true,"href":"https:\/\/agora.xtec.cat\/iespauclaris\/wp-json\/wp\/v2\/users\/1"}],"replies":[{"embeddable":true,"href":"https:\/\/agora.xtec.cat\/iespauclaris\/wp-json\/wp\/v2\/comments?post=6320"}],"version-history":[{"count":6,"href":"https:\/\/agora.xtec.cat\/iespauclaris\/wp-json\/wp\/v2\/posts\/6320\/revisions"}],"predecessor-version":[{"id":6337,"href":"https:\/\/agora.xtec.cat\/iespauclaris\/wp-json\/wp\/v2\/posts\/6320\/revisions\/6337"}],"wp:featuredmedia":[{"embeddable":true,"href":"https:\/\/agora.xtec.cat\/iespauclaris\/wp-json\/wp\/v2\/media\/6331"}],"wp:attachment":[{"href":"https:\/\/agora.xtec.cat\/iespauclaris\/wp-json\/wp\/v2\/media?parent=6320"}],"wp:term":[{"taxonomy":"category","embeddable":true,"href":"https:\/\/agora.xtec.cat\/iespauclaris\/wp-json\/wp\/v2\/categories?post=6320"},{"taxonomy":"post_tag","embeddable":true,"href":"https:\/\/agora.xtec.cat\/iespauclaris\/wp-json\/wp\/v2\/tags?post=6320"}],"curies":[{"name":"wp","href":"https:\/\/api.w.org\/{rel}","templated":true}]}}