{"id":6301,"date":"2025-02-14T12:49:17","date_gmt":"2025-02-14T11:49:17","guid":{"rendered":"https:\/\/agora.xtec.cat\/iespauclaris\/?p=6301"},"modified":"2025-02-14T12:49:17","modified_gmt":"2025-02-14T11:49:17","slug":"visions-periferiques-sessio-de-curts","status":"publish","type":"post","link":"https:\/\/agora.xtec.cat\/iespauclaris\/general\/visions-periferiques-sessio-de-curts\/","title":{"rendered":"Visions Perif\u00e8riques: sessi\u00f3 de curts!"},"content":{"rendered":"<div>La comissi\u00f3 d&#8217;audiovisuals del Pau Claris va estat treballant durant molts mesos en la preparaci\u00f3 de la\u00a0<b>SESSI\u00d3 DE CINEMA<\/b>\u00a0que vam realitzar el 15 de gener, dins del\u00a0<b>projecte<\/b>\u00a0<b>Visions Perif\u00e8riques<\/b>\u00a0(de\u00a0<b>Drac M\u00e0gic<\/b>). A trav\u00e9s del visionat de diferents curtmetratges de directores de Barcelona, vam analitzar-los i, finalment, triar-ne 2 especialment per a la sessi\u00f3 que program\u00e0vem:\u00a0<i>Cura Sana\u00a0<\/i>(de Luc\u00eda Romero) i\u00a0<i>Millor la llengua<\/i>\u00a0(de Mar Pawlowsky). Els convidats van ser tot l&#8217;alumnat de 3r i 4t d&#8217;ESO del Pau Claris, que van poder gaudir junts de la projecci\u00f3 a\u00a0<b>La Bonne<\/b>, en el marc de la\u00a0<b>Mostra de Films de Dones de Barcelona<\/b>. A m\u00e9s, vam comptar amb la pres\u00e8ncia de la N\u00faria Deulofeu, que va treballar com a coach de l&#8217;actriu i l&#8217;actor de\u00a0<i>Millor la Llengua<\/i>. Quin goig saber de primera m\u00e0 tantes coses sobre tot el que hi ha darrere les c\u00e0meres i con\u00e8ixer m\u00e9s sobre el m\u00f3n audiovisual! Enhorabona a la comissi\u00f3! I gr\u00e0cies al p\u00fablic i a tothom que va col\u00b7laborar en el projecte per fer-lo possible!<\/div>\n<div>\n\n\t\t<style type=\"text\/css\">\n\t\t\t#gallery-1 {\n\t\t\t\tmargin: auto;\n\t\t\t}\n\t\t\t#gallery-1 .gallery-item {\n\t\t\t\tfloat: left;\n\t\t\t\tmargin-top: 10px;\n\t\t\t\ttext-align: center;\n\t\t\t\twidth: 33%;\n\t\t\t}\n\t\t\t#gallery-1 img {\n\t\t\t\tborder: 2px solid #cfcfcf;\n\t\t\t}\n\t\t\t#gallery-1 .gallery-caption {\n\t\t\t\tmargin-left: 0;\n\t\t\t}\n\t\t\t\/* see gallery_shortcode() in wp-includes\/media.php *\/\n\t\t<\/style>\n\t\t<div id='gallery-1' class='gallery galleryid-6301 gallery-columns-3 gallery-size-large'><dl class='gallery-item'>\n\t\t\t<dt class='gallery-icon landscape'>\n\t\t\t\t<a href='https:\/\/agora.xtec.cat\/iespauclaris\/general\/visions-periferiques-sessio-de-curts\/attachment\/ok11\/'><img loading=\"lazy\" decoding=\"async\" width=\"1024\" height=\"683\" src=\"https:\/\/agora.xtec.cat\/iespauclaris\/wp-content\/uploads\/usu835\/2025\/02\/ok11-1024x683.jpg\" class=\"attachment-large size-large\" alt=\"\" srcset=\"https:\/\/agora.xtec.cat\/iespauclaris\/wp-content\/uploads\/usu835\/2025\/02\/ok11-1024x683.jpg 1024w, https:\/\/agora.xtec.cat\/iespauclaris\/wp-content\/uploads\/usu835\/2025\/02\/ok11-300x200.jpg 300w, https:\/\/agora.xtec.cat\/iespauclaris\/wp-content\/uploads\/usu835\/2025\/02\/ok11-768x512.jpg 768w, https:\/\/agora.xtec.cat\/iespauclaris\/wp-content\/uploads\/usu835\/2025\/02\/ok11-1536x1024.jpg 1536w, https:\/\/agora.xtec.cat\/iespauclaris\/wp-content\/uploads\/usu835\/2025\/02\/ok11-2048x1365.jpg 2048w\" sizes=\"auto, (max-width: 1024px) 100vw, 1024px\" \/><\/a>\n\t\t\t<\/dt><\/dl><dl class='gallery-item'>\n\t\t\t<dt class='gallery-icon landscape'>\n\t\t\t\t<a href='https:\/\/agora.xtec.cat\/iespauclaris\/general\/visions-periferiques-sessio-de-curts\/attachment\/ok22\/'><img loading=\"lazy\" decoding=\"async\" width=\"1024\" height=\"683\" src=\"https:\/\/agora.xtec.cat\/iespauclaris\/wp-content\/uploads\/usu835\/2025\/02\/ok22-1024x683.jpg\" class=\"attachment-large size-large\" alt=\"\" srcset=\"https:\/\/agora.xtec.cat\/iespauclaris\/wp-content\/uploads\/usu835\/2025\/02\/ok22-1024x683.jpg 1024w, https:\/\/agora.xtec.cat\/iespauclaris\/wp-content\/uploads\/usu835\/2025\/02\/ok22-300x200.jpg 300w, https:\/\/agora.xtec.cat\/iespauclaris\/wp-content\/uploads\/usu835\/2025\/02\/ok22-768x512.jpg 768w, https:\/\/agora.xtec.cat\/iespauclaris\/wp-content\/uploads\/usu835\/2025\/02\/ok22-1536x1024.jpg 1536w, https:\/\/agora.xtec.cat\/iespauclaris\/wp-content\/uploads\/usu835\/2025\/02\/ok22-2048x1365.jpg 2048w\" sizes=\"auto, (max-width: 1024px) 100vw, 1024px\" \/><\/a>\n\t\t\t<\/dt><\/dl><dl class='gallery-item'>\n\t\t\t<dt class='gallery-icon landscape'>\n\t\t\t\t<a href='https:\/\/agora.xtec.cat\/iespauclaris\/general\/visions-periferiques-sessio-de-curts\/attachment\/ok33\/'><img loading=\"lazy\" decoding=\"async\" width=\"1024\" height=\"683\" src=\"https:\/\/agora.xtec.cat\/iespauclaris\/wp-content\/uploads\/usu835\/2025\/02\/ok33-1024x683.jpg\" class=\"attachment-large size-large\" alt=\"\" srcset=\"https:\/\/agora.xtec.cat\/iespauclaris\/wp-content\/uploads\/usu835\/2025\/02\/ok33-1024x683.jpg 1024w, https:\/\/agora.xtec.cat\/iespauclaris\/wp-content\/uploads\/usu835\/2025\/02\/ok33-300x200.jpg 300w, https:\/\/agora.xtec.cat\/iespauclaris\/wp-content\/uploads\/usu835\/2025\/02\/ok33-768x512.jpg 768w, https:\/\/agora.xtec.cat\/iespauclaris\/wp-content\/uploads\/usu835\/2025\/02\/ok33-1536x1024.jpg 1536w, https:\/\/agora.xtec.cat\/iespauclaris\/wp-content\/uploads\/usu835\/2025\/02\/ok33-2048x1365.jpg 2048w\" sizes=\"auto, (max-width: 1024px) 100vw, 1024px\" \/><\/a>\n\t\t\t<\/dt><\/dl><br style=\"clear: both\" \/>\n\t\t<\/div>\n\n<\/div>\n<div><\/div>\n","protected":false},"excerpt":{"rendered":"<p>La comissi\u00f3 d&#8217;audiovisuals del Pau Claris va estat treballant durant molts mesos en la preparaci\u00f3 de la\u00a0SESSI\u00d3 DE CINEMA\u00a0que vam realitzar el 15 de gener, dins del\u00a0projecte\u00a0Visions Perif\u00e8riques\u00a0(de\u00a0Drac M\u00e0gic). A trav\u00e9s del visionat de diferents curtmetratges de directores de Barcelona, vam analitzar-los i, finalment, triar-ne&hellip;  <a href=\"https:\/\/agora.xtec.cat\/iespauclaris\/general\/visions-periferiques-sessio-de-curts\/\" title=\"Read Visions Perif\u00e8riques: sessi\u00f3 de curts!\">Llegeix m\u00e9s\u00bb<\/a><\/p>\n","protected":false},"author":1,"featured_media":6304,"comment_status":"closed","ping_status":"closed","sticky":false,"template":"","format":"standard","meta":{"_bbp_topic_count":0,"_bbp_reply_count":0,"_bbp_total_topic_count":0,"_bbp_total_reply_count":0,"_bbp_voice_count":0,"_bbp_anonymous_reply_count":0,"_bbp_topic_count_hidden":0,"_bbp_reply_count_hidden":0,"_bbp_forum_subforum_count":0,"footnotes":""},"categories":[3,6,7,1,29],"tags":[],"class_list":["post-6301","post","type-post","status-publish","format-standard","has-post-thumbnail","hentry","category-eso","category-eso-3","category-eso-4","category-general","category-portada"],"post_mailing_queue_ids":[],"_links":{"self":[{"href":"https:\/\/agora.xtec.cat\/iespauclaris\/wp-json\/wp\/v2\/posts\/6301","targetHints":{"allow":["GET"]}}],"collection":[{"href":"https:\/\/agora.xtec.cat\/iespauclaris\/wp-json\/wp\/v2\/posts"}],"about":[{"href":"https:\/\/agora.xtec.cat\/iespauclaris\/wp-json\/wp\/v2\/types\/post"}],"author":[{"embeddable":true,"href":"https:\/\/agora.xtec.cat\/iespauclaris\/wp-json\/wp\/v2\/users\/1"}],"replies":[{"embeddable":true,"href":"https:\/\/agora.xtec.cat\/iespauclaris\/wp-json\/wp\/v2\/comments?post=6301"}],"version-history":[{"count":1,"href":"https:\/\/agora.xtec.cat\/iespauclaris\/wp-json\/wp\/v2\/posts\/6301\/revisions"}],"predecessor-version":[{"id":6305,"href":"https:\/\/agora.xtec.cat\/iespauclaris\/wp-json\/wp\/v2\/posts\/6301\/revisions\/6305"}],"wp:featuredmedia":[{"embeddable":true,"href":"https:\/\/agora.xtec.cat\/iespauclaris\/wp-json\/wp\/v2\/media\/6304"}],"wp:attachment":[{"href":"https:\/\/agora.xtec.cat\/iespauclaris\/wp-json\/wp\/v2\/media?parent=6301"}],"wp:term":[{"taxonomy":"category","embeddable":true,"href":"https:\/\/agora.xtec.cat\/iespauclaris\/wp-json\/wp\/v2\/categories?post=6301"},{"taxonomy":"post_tag","embeddable":true,"href":"https:\/\/agora.xtec.cat\/iespauclaris\/wp-json\/wp\/v2\/tags?post=6301"}],"curies":[{"name":"wp","href":"https:\/\/api.w.org\/{rel}","templated":true}]}}