{"id":6258,"date":"2025-02-14T10:33:53","date_gmt":"2025-02-14T09:33:53","guid":{"rendered":"https:\/\/agora.xtec.cat\/iespauclaris\/?p=6258"},"modified":"2025-02-14T10:37:38","modified_gmt":"2025-02-14T09:37:38","slug":"celebrant-el-dia-de-la-dona-cientifica","status":"publish","type":"post","link":"https:\/\/agora.xtec.cat\/iespauclaris\/general\/celebrant-el-dia-de-la-dona-cientifica\/","title":{"rendered":"Celebrant el dia de la dona cient\u00edfica!"},"content":{"rendered":"<p>Aquest dimarts dia 11 de febrer hem rebut la visita al nostre centre Institut Pau Claris del president de la Generalitat, el Molt Hble. Sr. Salvador Illa, i les conselleres d&#8217;Educaci\u00f3, la Hble. Sra. Esther Niub\u00f3, la de Recerca i Universitats, la Hble. Sra. N\u00faria Montserrat, i la d&#8217;Igualtat i feminismes, la Hble. Sra. Eva Menor.<\/p>\n<div><\/div>\n<div>\n<p>La visita ha estat amb motiu de la celebraci\u00f3 del Dia Internacional de la Dona i la Nena a la Ci\u00e8ncia que celebrem cada any amb diverses xerrades de cient\u00edfiques i activitats diverses a tots els cursos de l&#8217;ESO i de Batxillerat. Aquest esdeveniment ha estat organitzar conjuntament amb la Fundaci\u00f3 Catalana per la Recerca i la Innovaci\u00f3 amb qui tenim un conveni per desenvolupar diferents projectes de foment de les ci\u00e8ncies i promoure l&#8217;excel\u00b7l\u00e8ncia educativa en el nostre centre.<a href=\"https:\/\/www.instagram.com\/fundaciorecerca\/\"><span style=\"font-weight: 400;\">@fundaciorecerca\u00a0<\/span><\/a><\/p>\n<\/div>\n<div class=\"yj6qo\"><\/div>\n<div class=\"adL\">\n\n\t\t<style type=\"text\/css\">\n\t\t\t#gallery-1 {\n\t\t\t\tmargin: auto;\n\t\t\t}\n\t\t\t#gallery-1 .gallery-item {\n\t\t\t\tfloat: left;\n\t\t\t\tmargin-top: 10px;\n\t\t\t\ttext-align: center;\n\t\t\t\twidth: 33%;\n\t\t\t}\n\t\t\t#gallery-1 img {\n\t\t\t\tborder: 2px solid #cfcfcf;\n\t\t\t}\n\t\t\t#gallery-1 .gallery-caption {\n\t\t\t\tmargin-left: 0;\n\t\t\t}\n\t\t\t\/* see gallery_shortcode() in wp-includes\/media.php *\/\n\t\t<\/style>\n\t\t<div id='gallery-1' class='gallery galleryid-6258 gallery-columns-3 gallery-size-large'><dl class='gallery-item'>\n\t\t\t<dt class='gallery-icon landscape'>\n\t\t\t\t<a href='https:\/\/agora.xtec.cat\/iespauclaris\/general\/celebrant-el-dia-de-la-dona-cientifica\/attachment\/whatsapp-image-2025-02-11-at-18-16-07-7\/'><img loading=\"lazy\" decoding=\"async\" width=\"1024\" height=\"682\" src=\"https:\/\/agora.xtec.cat\/iespauclaris\/wp-content\/uploads\/usu835\/2025\/02\/WhatsApp-Image-2025-02-11-at-18.16.07-7-1024x682.jpeg\" class=\"attachment-large size-large\" alt=\"\" srcset=\"https:\/\/agora.xtec.cat\/iespauclaris\/wp-content\/uploads\/usu835\/2025\/02\/WhatsApp-Image-2025-02-11-at-18.16.07-7-1024x682.jpeg 1024w, https:\/\/agora.xtec.cat\/iespauclaris\/wp-content\/uploads\/usu835\/2025\/02\/WhatsApp-Image-2025-02-11-at-18.16.07-7-300x200.jpeg 300w, https:\/\/agora.xtec.cat\/iespauclaris\/wp-content\/uploads\/usu835\/2025\/02\/WhatsApp-Image-2025-02-11-at-18.16.07-7-768x511.jpeg 768w, https:\/\/agora.xtec.cat\/iespauclaris\/wp-content\/uploads\/usu835\/2025\/02\/WhatsApp-Image-2025-02-11-at-18.16.07-7-1536x1022.jpeg 1536w, https:\/\/agora.xtec.cat\/iespauclaris\/wp-content\/uploads\/usu835\/2025\/02\/WhatsApp-Image-2025-02-11-at-18.16.07-7.jpeg 1600w\" sizes=\"auto, (max-width: 1024px) 100vw, 1024px\" \/><\/a>\n\t\t\t<\/dt><\/dl><dl class='gallery-item'>\n\t\t\t<dt class='gallery-icon landscape'>\n\t\t\t\t<a href='https:\/\/agora.xtec.cat\/iespauclaris\/general\/celebrant-el-dia-de-la-dona-cientifica\/attachment\/whatsapp-image-2025-02-11-at-18-16-06-1-2\/'><img loading=\"lazy\" decoding=\"async\" width=\"1024\" height=\"682\" src=\"https:\/\/agora.xtec.cat\/iespauclaris\/wp-content\/uploads\/usu835\/2025\/02\/WhatsApp-Image-2025-02-11-at-18.16.06-1-1-1024x682.jpeg\" class=\"attachment-large size-large\" alt=\"\" srcset=\"https:\/\/agora.xtec.cat\/iespauclaris\/wp-content\/uploads\/usu835\/2025\/02\/WhatsApp-Image-2025-02-11-at-18.16.06-1-1-1024x682.jpeg 1024w, https:\/\/agora.xtec.cat\/iespauclaris\/wp-content\/uploads\/usu835\/2025\/02\/WhatsApp-Image-2025-02-11-at-18.16.06-1-1-300x200.jpeg 300w, https:\/\/agora.xtec.cat\/iespauclaris\/wp-content\/uploads\/usu835\/2025\/02\/WhatsApp-Image-2025-02-11-at-18.16.06-1-1-768x511.jpeg 768w, https:\/\/agora.xtec.cat\/iespauclaris\/wp-content\/uploads\/usu835\/2025\/02\/WhatsApp-Image-2025-02-11-at-18.16.06-1-1-1536x1022.jpeg 1536w, https:\/\/agora.xtec.cat\/iespauclaris\/wp-content\/uploads\/usu835\/2025\/02\/WhatsApp-Image-2025-02-11-at-18.16.06-1-1.jpeg 1600w\" sizes=\"auto, (max-width: 1024px) 100vw, 1024px\" \/><\/a>\n\t\t\t<\/dt><\/dl><dl class='gallery-item'>\n\t\t\t<dt class='gallery-icon landscape'>\n\t\t\t\t<a href='https:\/\/agora.xtec.cat\/iespauclaris\/general\/celebrant-el-dia-de-la-dona-cientifica\/attachment\/whatsapp-image-2025-02-11-at-18-16-06-3-2\/'><img loading=\"lazy\" decoding=\"async\" width=\"1024\" height=\"682\" src=\"https:\/\/agora.xtec.cat\/iespauclaris\/wp-content\/uploads\/usu835\/2025\/02\/WhatsApp-Image-2025-02-11-at-18.16.06-3-1-1024x682.jpeg\" class=\"attachment-large size-large\" alt=\"\" srcset=\"https:\/\/agora.xtec.cat\/iespauclaris\/wp-content\/uploads\/usu835\/2025\/02\/WhatsApp-Image-2025-02-11-at-18.16.06-3-1-1024x682.jpeg 1024w, https:\/\/agora.xtec.cat\/iespauclaris\/wp-content\/uploads\/usu835\/2025\/02\/WhatsApp-Image-2025-02-11-at-18.16.06-3-1-300x200.jpeg 300w, https:\/\/agora.xtec.cat\/iespauclaris\/wp-content\/uploads\/usu835\/2025\/02\/WhatsApp-Image-2025-02-11-at-18.16.06-3-1-768x511.jpeg 768w, https:\/\/agora.xtec.cat\/iespauclaris\/wp-content\/uploads\/usu835\/2025\/02\/WhatsApp-Image-2025-02-11-at-18.16.06-3-1-1536x1022.jpeg 1536w, https:\/\/agora.xtec.cat\/iespauclaris\/wp-content\/uploads\/usu835\/2025\/02\/WhatsApp-Image-2025-02-11-at-18.16.06-3-1.jpeg 1600w\" sizes=\"auto, (max-width: 1024px) 100vw, 1024px\" \/><\/a>\n\t\t\t<\/dt><\/dl><br style=\"clear: both\" \/><dl class='gallery-item'>\n\t\t\t<dt class='gallery-icon landscape'>\n\t\t\t\t<a href='https:\/\/agora.xtec.cat\/iespauclaris\/general\/celebrant-el-dia-de-la-dona-cientifica\/attachment\/whatsapp-image-2025-02-11-at-18-16-06-4-2\/'><img loading=\"lazy\" decoding=\"async\" width=\"1024\" height=\"682\" src=\"https:\/\/agora.xtec.cat\/iespauclaris\/wp-content\/uploads\/usu835\/2025\/02\/WhatsApp-Image-2025-02-11-at-18.16.06-4-1-1024x682.jpeg\" class=\"attachment-large size-large\" alt=\"\" srcset=\"https:\/\/agora.xtec.cat\/iespauclaris\/wp-content\/uploads\/usu835\/2025\/02\/WhatsApp-Image-2025-02-11-at-18.16.06-4-1-1024x682.jpeg 1024w, https:\/\/agora.xtec.cat\/iespauclaris\/wp-content\/uploads\/usu835\/2025\/02\/WhatsApp-Image-2025-02-11-at-18.16.06-4-1-300x200.jpeg 300w, https:\/\/agora.xtec.cat\/iespauclaris\/wp-content\/uploads\/usu835\/2025\/02\/WhatsApp-Image-2025-02-11-at-18.16.06-4-1-768x511.jpeg 768w, https:\/\/agora.xtec.cat\/iespauclaris\/wp-content\/uploads\/usu835\/2025\/02\/WhatsApp-Image-2025-02-11-at-18.16.06-4-1-1536x1022.jpeg 1536w, https:\/\/agora.xtec.cat\/iespauclaris\/wp-content\/uploads\/usu835\/2025\/02\/WhatsApp-Image-2025-02-11-at-18.16.06-4-1.jpeg 1600w\" sizes=\"auto, (max-width: 1024px) 100vw, 1024px\" \/><\/a>\n\t\t\t<\/dt><\/dl><dl class='gallery-item'>\n\t\t\t<dt class='gallery-icon landscape'>\n\t\t\t\t<a href='https:\/\/agora.xtec.cat\/iespauclaris\/general\/celebrant-el-dia-de-la-dona-cientifica\/attachment\/whatsapp-image-2025-02-11-at-18-16-07-3-2\/'><img loading=\"lazy\" decoding=\"async\" width=\"1024\" height=\"682\" src=\"https:\/\/agora.xtec.cat\/iespauclaris\/wp-content\/uploads\/usu835\/2025\/02\/WhatsApp-Image-2025-02-11-at-18.16.07-3-1-1024x682.jpeg\" class=\"attachment-large size-large\" alt=\"\" srcset=\"https:\/\/agora.xtec.cat\/iespauclaris\/wp-content\/uploads\/usu835\/2025\/02\/WhatsApp-Image-2025-02-11-at-18.16.07-3-1-1024x682.jpeg 1024w, https:\/\/agora.xtec.cat\/iespauclaris\/wp-content\/uploads\/usu835\/2025\/02\/WhatsApp-Image-2025-02-11-at-18.16.07-3-1-300x200.jpeg 300w, https:\/\/agora.xtec.cat\/iespauclaris\/wp-content\/uploads\/usu835\/2025\/02\/WhatsApp-Image-2025-02-11-at-18.16.07-3-1-768x511.jpeg 768w, https:\/\/agora.xtec.cat\/iespauclaris\/wp-content\/uploads\/usu835\/2025\/02\/WhatsApp-Image-2025-02-11-at-18.16.07-3-1-1536x1022.jpeg 1536w, https:\/\/agora.xtec.cat\/iespauclaris\/wp-content\/uploads\/usu835\/2025\/02\/WhatsApp-Image-2025-02-11-at-18.16.07-3-1.jpeg 1600w\" sizes=\"auto, (max-width: 1024px) 100vw, 1024px\" \/><\/a>\n\t\t\t<\/dt><\/dl><dl class='gallery-item'>\n\t\t\t<dt class='gallery-icon landscape'>\n\t\t\t\t<a href='https:\/\/agora.xtec.cat\/iespauclaris\/general\/celebrant-el-dia-de-la-dona-cientifica\/attachment\/whatsapp-image-2025-02-11-at-18-16-06-6\/'><img loading=\"lazy\" decoding=\"async\" width=\"1024\" height=\"682\" src=\"https:\/\/agora.xtec.cat\/iespauclaris\/wp-content\/uploads\/usu835\/2025\/02\/WhatsApp-Image-2025-02-11-at-18.16.06-6-1024x682.jpeg\" class=\"attachment-large size-large\" alt=\"\" srcset=\"https:\/\/agora.xtec.cat\/iespauclaris\/wp-content\/uploads\/usu835\/2025\/02\/WhatsApp-Image-2025-02-11-at-18.16.06-6-1024x682.jpeg 1024w, https:\/\/agora.xtec.cat\/iespauclaris\/wp-content\/uploads\/usu835\/2025\/02\/WhatsApp-Image-2025-02-11-at-18.16.06-6-300x200.jpeg 300w, https:\/\/agora.xtec.cat\/iespauclaris\/wp-content\/uploads\/usu835\/2025\/02\/WhatsApp-Image-2025-02-11-at-18.16.06-6-768x511.jpeg 768w, https:\/\/agora.xtec.cat\/iespauclaris\/wp-content\/uploads\/usu835\/2025\/02\/WhatsApp-Image-2025-02-11-at-18.16.06-6-1536x1022.jpeg 1536w, https:\/\/agora.xtec.cat\/iespauclaris\/wp-content\/uploads\/usu835\/2025\/02\/WhatsApp-Image-2025-02-11-at-18.16.06-6.jpeg 1600w\" sizes=\"auto, (max-width: 1024px) 100vw, 1024px\" \/><\/a>\n\t\t\t<\/dt><\/dl><br style=\"clear: both\" \/><dl class='gallery-item'>\n\t\t\t<dt class='gallery-icon landscape'>\n\t\t\t\t<a href='https:\/\/agora.xtec.cat\/iespauclaris\/general\/celebrant-el-dia-de-la-dona-cientifica\/attachment\/whatsapp-image-2025-02-11-at-18-16-06-2\/'><img loading=\"lazy\" decoding=\"async\" width=\"1024\" height=\"682\" src=\"https:\/\/agora.xtec.cat\/iespauclaris\/wp-content\/uploads\/usu835\/2025\/02\/WhatsApp-Image-2025-02-11-at-18.16.06-2-1024x682.jpeg\" class=\"attachment-large size-large\" alt=\"\" srcset=\"https:\/\/agora.xtec.cat\/iespauclaris\/wp-content\/uploads\/usu835\/2025\/02\/WhatsApp-Image-2025-02-11-at-18.16.06-2-1024x682.jpeg 1024w, https:\/\/agora.xtec.cat\/iespauclaris\/wp-content\/uploads\/usu835\/2025\/02\/WhatsApp-Image-2025-02-11-at-18.16.06-2-300x200.jpeg 300w, https:\/\/agora.xtec.cat\/iespauclaris\/wp-content\/uploads\/usu835\/2025\/02\/WhatsApp-Image-2025-02-11-at-18.16.06-2-768x511.jpeg 768w, https:\/\/agora.xtec.cat\/iespauclaris\/wp-content\/uploads\/usu835\/2025\/02\/WhatsApp-Image-2025-02-11-at-18.16.06-2-1536x1022.jpeg 1536w, https:\/\/agora.xtec.cat\/iespauclaris\/wp-content\/uploads\/usu835\/2025\/02\/WhatsApp-Image-2025-02-11-at-18.16.06-2.jpeg 1600w\" sizes=\"auto, (max-width: 1024px) 100vw, 1024px\" \/><\/a>\n\t\t\t<\/dt><\/dl><dl class='gallery-item'>\n\t\t\t<dt class='gallery-icon landscape'>\n\t\t\t\t<a href='https:\/\/agora.xtec.cat\/iespauclaris\/general\/celebrant-el-dia-de-la-dona-cientifica\/attachment\/whatsapp-image-2025-02-11-at-18-16-07-1\/'><img loading=\"lazy\" decoding=\"async\" width=\"1024\" height=\"682\" src=\"https:\/\/agora.xtec.cat\/iespauclaris\/wp-content\/uploads\/usu835\/2025\/02\/WhatsApp-Image-2025-02-11-at-18.16.07-1-1024x682.jpeg\" class=\"attachment-large size-large\" alt=\"\" srcset=\"https:\/\/agora.xtec.cat\/iespauclaris\/wp-content\/uploads\/usu835\/2025\/02\/WhatsApp-Image-2025-02-11-at-18.16.07-1-1024x682.jpeg 1024w, https:\/\/agora.xtec.cat\/iespauclaris\/wp-content\/uploads\/usu835\/2025\/02\/WhatsApp-Image-2025-02-11-at-18.16.07-1-300x200.jpeg 300w, https:\/\/agora.xtec.cat\/iespauclaris\/wp-content\/uploads\/usu835\/2025\/02\/WhatsApp-Image-2025-02-11-at-18.16.07-1-768x511.jpeg 768w, https:\/\/agora.xtec.cat\/iespauclaris\/wp-content\/uploads\/usu835\/2025\/02\/WhatsApp-Image-2025-02-11-at-18.16.07-1-1536x1022.jpeg 1536w, https:\/\/agora.xtec.cat\/iespauclaris\/wp-content\/uploads\/usu835\/2025\/02\/WhatsApp-Image-2025-02-11-at-18.16.07-1.jpeg 1600w\" sizes=\"auto, (max-width: 1024px) 100vw, 1024px\" \/><\/a>\n\t\t\t<\/dt><\/dl><dl class='gallery-item'>\n\t\t\t<dt class='gallery-icon landscape'>\n\t\t\t\t<a href='https:\/\/agora.xtec.cat\/iespauclaris\/general\/celebrant-el-dia-de-la-dona-cientifica\/attachment\/whatsapp-image-2025-02-11-at-18-16-07-2\/'><img loading=\"lazy\" decoding=\"async\" width=\"1024\" height=\"682\" src=\"https:\/\/agora.xtec.cat\/iespauclaris\/wp-content\/uploads\/usu835\/2025\/02\/WhatsApp-Image-2025-02-11-at-18.16.07-2-1024x682.jpeg\" class=\"attachment-large size-large\" alt=\"\" srcset=\"https:\/\/agora.xtec.cat\/iespauclaris\/wp-content\/uploads\/usu835\/2025\/02\/WhatsApp-Image-2025-02-11-at-18.16.07-2-1024x682.jpeg 1024w, https:\/\/agora.xtec.cat\/iespauclaris\/wp-content\/uploads\/usu835\/2025\/02\/WhatsApp-Image-2025-02-11-at-18.16.07-2-300x200.jpeg 300w, https:\/\/agora.xtec.cat\/iespauclaris\/wp-content\/uploads\/usu835\/2025\/02\/WhatsApp-Image-2025-02-11-at-18.16.07-2-768x511.jpeg 768w, https:\/\/agora.xtec.cat\/iespauclaris\/wp-content\/uploads\/usu835\/2025\/02\/WhatsApp-Image-2025-02-11-at-18.16.07-2-1536x1022.jpeg 1536w, https:\/\/agora.xtec.cat\/iespauclaris\/wp-content\/uploads\/usu835\/2025\/02\/WhatsApp-Image-2025-02-11-at-18.16.07-2.jpeg 1600w\" sizes=\"auto, (max-width: 1024px) 100vw, 1024px\" \/><\/a>\n\t\t\t<\/dt><\/dl><br style=\"clear: both\" \/><dl class='gallery-item'>\n\t\t\t<dt class='gallery-icon landscape'>\n\t\t\t\t<a href='https:\/\/agora.xtec.cat\/iespauclaris\/general\/celebrant-el-dia-de-la-dona-cientifica\/attachment\/whatsapp-image-2025-02-11-at-18-16-07-8-2\/'><img loading=\"lazy\" decoding=\"async\" width=\"1024\" height=\"682\" src=\"https:\/\/agora.xtec.cat\/iespauclaris\/wp-content\/uploads\/usu835\/2025\/02\/WhatsApp-Image-2025-02-11-at-18.16.07-8-1-1024x682.jpeg\" class=\"attachment-large size-large\" alt=\"\" srcset=\"https:\/\/agora.xtec.cat\/iespauclaris\/wp-content\/uploads\/usu835\/2025\/02\/WhatsApp-Image-2025-02-11-at-18.16.07-8-1-1024x682.jpeg 1024w, https:\/\/agora.xtec.cat\/iespauclaris\/wp-content\/uploads\/usu835\/2025\/02\/WhatsApp-Image-2025-02-11-at-18.16.07-8-1-300x200.jpeg 300w, https:\/\/agora.xtec.cat\/iespauclaris\/wp-content\/uploads\/usu835\/2025\/02\/WhatsApp-Image-2025-02-11-at-18.16.07-8-1-768x511.jpeg 768w, https:\/\/agora.xtec.cat\/iespauclaris\/wp-content\/uploads\/usu835\/2025\/02\/WhatsApp-Image-2025-02-11-at-18.16.07-8-1-1536x1022.jpeg 1536w, https:\/\/agora.xtec.cat\/iespauclaris\/wp-content\/uploads\/usu835\/2025\/02\/WhatsApp-Image-2025-02-11-at-18.16.07-8-1.jpeg 1600w\" sizes=\"auto, (max-width: 1024px) 100vw, 1024px\" \/><\/a>\n\t\t\t<\/dt><\/dl><dl class='gallery-item'>\n\t\t\t<dt class='gallery-icon landscape'>\n\t\t\t\t<a href='https:\/\/agora.xtec.cat\/iespauclaris\/general\/celebrant-el-dia-de-la-dona-cientifica\/attachment\/whatsapp-image-2025-02-11-at-18-16-07-9\/'><img loading=\"lazy\" decoding=\"async\" width=\"1024\" height=\"682\" src=\"https:\/\/agora.xtec.cat\/iespauclaris\/wp-content\/uploads\/usu835\/2025\/02\/WhatsApp-Image-2025-02-11-at-18.16.07-9-1024x682.jpeg\" class=\"attachment-large size-large\" alt=\"\" srcset=\"https:\/\/agora.xtec.cat\/iespauclaris\/wp-content\/uploads\/usu835\/2025\/02\/WhatsApp-Image-2025-02-11-at-18.16.07-9-1024x682.jpeg 1024w, https:\/\/agora.xtec.cat\/iespauclaris\/wp-content\/uploads\/usu835\/2025\/02\/WhatsApp-Image-2025-02-11-at-18.16.07-9-300x200.jpeg 300w, https:\/\/agora.xtec.cat\/iespauclaris\/wp-content\/uploads\/usu835\/2025\/02\/WhatsApp-Image-2025-02-11-at-18.16.07-9-768x511.jpeg 768w, https:\/\/agora.xtec.cat\/iespauclaris\/wp-content\/uploads\/usu835\/2025\/02\/WhatsApp-Image-2025-02-11-at-18.16.07-9-1536x1022.jpeg 1536w, https:\/\/agora.xtec.cat\/iespauclaris\/wp-content\/uploads\/usu835\/2025\/02\/WhatsApp-Image-2025-02-11-at-18.16.07-9.jpeg 1600w\" sizes=\"auto, (max-width: 1024px) 100vw, 1024px\" \/><\/a>\n\t\t\t<\/dt><\/dl><dl class='gallery-item'>\n\t\t\t<dt class='gallery-icon landscape'>\n\t\t\t\t<a href='https:\/\/agora.xtec.cat\/iespauclaris\/general\/celebrant-el-dia-de-la-dona-cientifica\/attachment\/whatsapp-image-2025-02-11-at-18-16-07-6\/'><img loading=\"lazy\" decoding=\"async\" width=\"1024\" height=\"682\" src=\"https:\/\/agora.xtec.cat\/iespauclaris\/wp-content\/uploads\/usu835\/2025\/02\/WhatsApp-Image-2025-02-11-at-18.16.07-6-1024x682.jpeg\" class=\"attachment-large size-large\" alt=\"\" srcset=\"https:\/\/agora.xtec.cat\/iespauclaris\/wp-content\/uploads\/usu835\/2025\/02\/WhatsApp-Image-2025-02-11-at-18.16.07-6-1024x682.jpeg 1024w, https:\/\/agora.xtec.cat\/iespauclaris\/wp-content\/uploads\/usu835\/2025\/02\/WhatsApp-Image-2025-02-11-at-18.16.07-6-300x200.jpeg 300w, https:\/\/agora.xtec.cat\/iespauclaris\/wp-content\/uploads\/usu835\/2025\/02\/WhatsApp-Image-2025-02-11-at-18.16.07-6-768x511.jpeg 768w, https:\/\/agora.xtec.cat\/iespauclaris\/wp-content\/uploads\/usu835\/2025\/02\/WhatsApp-Image-2025-02-11-at-18.16.07-6-1536x1022.jpeg 1536w, https:\/\/agora.xtec.cat\/iespauclaris\/wp-content\/uploads\/usu835\/2025\/02\/WhatsApp-Image-2025-02-11-at-18.16.07-6.jpeg 1600w\" sizes=\"auto, (max-width: 1024px) 100vw, 1024px\" \/><\/a>\n\t\t\t<\/dt><\/dl><br style=\"clear: both\" \/>\n\t\t<\/div>\n\n<\/div>\n","protected":false},"excerpt":{"rendered":"<p>Aquest dimarts dia 11 de febrer hem rebut la visita al nostre centre Institut Pau Claris del president de la Generalitat, el Molt Hble. Sr. Salvador Illa, i les conselleres d&#8217;Educaci\u00f3, la Hble. Sra. Esther Niub\u00f3, la de Recerca i Universitats, la Hble. Sra. N\u00faria&hellip;  <a href=\"https:\/\/agora.xtec.cat\/iespauclaris\/general\/celebrant-el-dia-de-la-dona-cientifica\/\" title=\"Read Celebrant el dia de la dona cient\u00edfica!\">Llegeix m\u00e9s\u00bb<\/a><\/p>\n","protected":false},"author":1,"featured_media":6292,"comment_status":"closed","ping_status":"closed","sticky":false,"template":"","format":"standard","meta":{"_bbp_topic_count":0,"_bbp_reply_count":0,"_bbp_total_topic_count":0,"_bbp_total_reply_count":0,"_bbp_voice_count":0,"_bbp_anonymous_reply_count":0,"_bbp_topic_count_hidden":0,"_bbp_reply_count_hidden":0,"_bbp_forum_subforum_count":0,"footnotes":""},"categories":[1,29],"tags":[],"class_list":["post-6258","post","type-post","status-publish","format-standard","has-post-thumbnail","hentry","category-general","category-portada"],"post_mailing_queue_ids":[],"_links":{"self":[{"href":"https:\/\/agora.xtec.cat\/iespauclaris\/wp-json\/wp\/v2\/posts\/6258","targetHints":{"allow":["GET"]}}],"collection":[{"href":"https:\/\/agora.xtec.cat\/iespauclaris\/wp-json\/wp\/v2\/posts"}],"about":[{"href":"https:\/\/agora.xtec.cat\/iespauclaris\/wp-json\/wp\/v2\/types\/post"}],"author":[{"embeddable":true,"href":"https:\/\/agora.xtec.cat\/iespauclaris\/wp-json\/wp\/v2\/users\/1"}],"replies":[{"embeddable":true,"href":"https:\/\/agora.xtec.cat\/iespauclaris\/wp-json\/wp\/v2\/comments?post=6258"}],"version-history":[{"count":3,"href":"https:\/\/agora.xtec.cat\/iespauclaris\/wp-json\/wp\/v2\/posts\/6258\/revisions"}],"predecessor-version":[{"id":6291,"href":"https:\/\/agora.xtec.cat\/iespauclaris\/wp-json\/wp\/v2\/posts\/6258\/revisions\/6291"}],"wp:featuredmedia":[{"embeddable":true,"href":"https:\/\/agora.xtec.cat\/iespauclaris\/wp-json\/wp\/v2\/media\/6292"}],"wp:attachment":[{"href":"https:\/\/agora.xtec.cat\/iespauclaris\/wp-json\/wp\/v2\/media?parent=6258"}],"wp:term":[{"taxonomy":"category","embeddable":true,"href":"https:\/\/agora.xtec.cat\/iespauclaris\/wp-json\/wp\/v2\/categories?post=6258"},{"taxonomy":"post_tag","embeddable":true,"href":"https:\/\/agora.xtec.cat\/iespauclaris\/wp-json\/wp\/v2\/tags?post=6258"}],"curies":[{"name":"wp","href":"https:\/\/api.w.org\/{rel}","templated":true}]}}