{"id":6131,"date":"2025-01-10T10:35:00","date_gmt":"2025-01-10T09:35:00","guid":{"rendered":"https:\/\/agora.xtec.cat\/iespauclaris\/?p=6131"},"modified":"2025-01-10T10:53:48","modified_gmt":"2025-01-10T09:53:48","slug":"la-i-cursa-pau-claris-1k","status":"publish","type":"post","link":"https:\/\/agora.xtec.cat\/iespauclaris\/general\/la-i-cursa-pau-claris-1k\/","title":{"rendered":"La I Cursa Pau Claris 1K!"},"content":{"rendered":"<p><a href=\"https:\/\/agora.xtec.cat\/iespauclaris\/wp-content\/uploads\/usu835\/2025\/01\/2222222222-scaled.jpg\"><img loading=\"lazy\" decoding=\"async\" class=\"wp-image-6142 alignleft\" src=\"https:\/\/agora.xtec.cat\/iespauclaris\/wp-content\/uploads\/usu835\/2025\/01\/2222222222-scaled.jpg\" alt=\"\" width=\"368\" height=\"654\" srcset=\"https:\/\/agora.xtec.cat\/iespauclaris\/wp-content\/uploads\/usu835\/2025\/01\/2222222222-scaled.jpg 1440w, https:\/\/agora.xtec.cat\/iespauclaris\/wp-content\/uploads\/usu835\/2025\/01\/2222222222-169x300.jpg 169w, https:\/\/agora.xtec.cat\/iespauclaris\/wp-content\/uploads\/usu835\/2025\/01\/2222222222-576x1024.jpg 576w, https:\/\/agora.xtec.cat\/iespauclaris\/wp-content\/uploads\/usu835\/2025\/01\/2222222222-768x1366.jpg 768w, https:\/\/agora.xtec.cat\/iespauclaris\/wp-content\/uploads\/usu835\/2025\/01\/2222222222-864x1536.jpg 864w, https:\/\/agora.xtec.cat\/iespauclaris\/wp-content\/uploads\/usu835\/2025\/01\/2222222222-1152x2048.jpg 1152w\" sizes=\"auto, (max-width: 368px) 100vw, 368px\" \/><\/a><\/p>\n<p style=\"text-align: left;\">El passat 19 de desembre l&#8217;alumnat de 1r de batxillerat, a trav\u00e9s de l&#8217;assignatura d&#8217;Educaci\u00f3 F\u00edsica, va organitzar la I Cursa Pau Claris 1K dirigit als cursos de 1r, 2n, 3r i 4t de l&#8217;ESO. Va tindre lloc pels voltants del Passeig Llu\u00eds Companys, on la meta i postmeta va ser l&#8217;Arc del Triomf.<\/p>\n<p>Cal destacar la bona participaci\u00f3 de l&#8217;alumnat participant i l&#8217;ambient que es va crear pel fet de fomentar l&#8217;activitat f\u00edsica, diversi\u00f3 i gaudir en companyia entre l&#8217;alumnat del centre.<\/p>\n<p>Es van lliurar medalles als 3 primers\/es classificats\/des. Aquestes medalles van ser creades en l&#8217;assignatura de tecnologia amb impressi\u00f3 3D. Aix\u00ed com es van lliurar els diplomes pel millor complement nadalenc i per participaci\u00f3 del grup-classe.<\/p>\n<p>Enhorabona a tothom pel seu esfor\u00e7, ha estat una primera edici\u00f3 memorable.<\/p>\n<p>\u200b<\/p>\n<p>&nbsp;<\/p>\n<table style=\"border-collapse: collapse; width: 94.8216%; height: 92px;\">\n<tbody>\n<tr style=\"height: 32px;\">\n<td style=\"width: 23.7198%; height: 92px;\"><a href=\"https:\/\/agora.xtec.cat\/iespauclaris\/wp-content\/uploads\/usu835\/2025\/01\/1734711004495.jpg\"><img loading=\"lazy\" decoding=\"async\" class=\"wp-image-6138 aligncenter\" src=\"https:\/\/agora.xtec.cat\/iespauclaris\/wp-content\/uploads\/usu835\/2025\/01\/1734711004495.jpg\" alt=\"\" width=\"423\" height=\"565\" srcset=\"https:\/\/agora.xtec.cat\/iespauclaris\/wp-content\/uploads\/usu835\/2025\/01\/1734711004495.jpg 1536w, https:\/\/agora.xtec.cat\/iespauclaris\/wp-content\/uploads\/usu835\/2025\/01\/1734711004495-225x300.jpg 225w, https:\/\/agora.xtec.cat\/iespauclaris\/wp-content\/uploads\/usu835\/2025\/01\/1734711004495-768x1024.jpg 768w, https:\/\/agora.xtec.cat\/iespauclaris\/wp-content\/uploads\/usu835\/2025\/01\/1734711004495-1152x1536.jpg 1152w\" sizes=\"auto, (max-width: 423px) 100vw, 423px\" \/><\/a><\/td>\n<td style=\"width: 24.3226%; height: 92px;\"><a href=\"https:\/\/agora.xtec.cat\/iespauclaris\/wp-content\/uploads\/usu835\/2025\/01\/1734711004472-1.jpg\"><img loading=\"lazy\" decoding=\"async\" class=\"wp-image-6137 aligncenter\" src=\"https:\/\/agora.xtec.cat\/iespauclaris\/wp-content\/uploads\/usu835\/2025\/01\/1734711004472-1.jpg\" alt=\"\" width=\"422\" height=\"563\" srcset=\"https:\/\/agora.xtec.cat\/iespauclaris\/wp-content\/uploads\/usu835\/2025\/01\/1734711004472-1.jpg 1536w, https:\/\/agora.xtec.cat\/iespauclaris\/wp-content\/uploads\/usu835\/2025\/01\/1734711004472-1-225x300.jpg 225w, https:\/\/agora.xtec.cat\/iespauclaris\/wp-content\/uploads\/usu835\/2025\/01\/1734711004472-1-768x1024.jpg 768w, https:\/\/agora.xtec.cat\/iespauclaris\/wp-content\/uploads\/usu835\/2025\/01\/1734711004472-1-1152x1536.jpg 1152w\" sizes=\"auto, (max-width: 422px) 100vw, 422px\" \/><\/a><\/td>\n<td style=\"width: 24.0327%; height: 92px;\"><a href=\"https:\/\/agora.xtec.cat\/iespauclaris\/wp-content\/uploads\/usu835\/2025\/01\/1734711004446-1.jpg\"><img loading=\"lazy\" decoding=\"async\" class=\"wp-image-6136 aligncenter\" src=\"https:\/\/agora.xtec.cat\/iespauclaris\/wp-content\/uploads\/usu835\/2025\/01\/1734711004446-1.jpg\" alt=\"\" width=\"417\" height=\"556\" srcset=\"https:\/\/agora.xtec.cat\/iespauclaris\/wp-content\/uploads\/usu835\/2025\/01\/1734711004446-1.jpg 1536w, https:\/\/agora.xtec.cat\/iespauclaris\/wp-content\/uploads\/usu835\/2025\/01\/1734711004446-1-225x300.jpg 225w, https:\/\/agora.xtec.cat\/iespauclaris\/wp-content\/uploads\/usu835\/2025\/01\/1734711004446-1-768x1024.jpg 768w, https:\/\/agora.xtec.cat\/iespauclaris\/wp-content\/uploads\/usu835\/2025\/01\/1734711004446-1-1152x1536.jpg 1152w\" sizes=\"auto, (max-width: 417px) 100vw, 417px\" \/><\/a><\/td>\n<td style=\"width: 24.7586%; height: 92px;\"><img loading=\"lazy\" decoding=\"async\" class=\"aligncenter\" src=\"https:\/\/agora.xtec.cat\/iespauclaris\/wp-content\/uploads\/usu835\/2025\/01\/1734711004518.jpg\" width=\"414\" height=\"552\" \/><\/td>\n<\/tr>\n<\/tbody>\n<\/table>\n<p>&nbsp;<\/p>\n","protected":false},"excerpt":{"rendered":"<p><a href=\"https:\/\/agora.xtec.cat\/iespauclaris\/wp-content\/uploads\/usu835\/2025\/01\/2222222222-scaled.jpg\"><\/a><br \/>\nEl passat 19 de desembre l&#8217;alumnat de 1r de batxillerat, a trav\u00e9s de l&#8217;assignatura d&#8217;Educaci\u00f3 F\u00edsica, va organitzar la I Cursa Pau Claris 1K dirigit als cursos de 1r, 2n, 3r i 4t de l&#8217;ESO. Va tindre lloc pels voltants del Passeig Llu\u00eds Companys,&hellip;  <a href=\"https:\/\/agora.xtec.cat\/iespauclaris\/general\/la-i-cursa-pau-claris-1k\/\" title=\"Read La I Cursa Pau Claris 1K!\">Llegeix m\u00e9s\u00bb<\/a><\/p>\n","protected":false},"author":1,"featured_media":6135,"comment_status":"closed","ping_status":"closed","sticky":false,"template":"","format":"standard","meta":{"_bbp_topic_count":0,"_bbp_reply_count":0,"_bbp_total_topic_count":0,"_bbp_total_reply_count":0,"_bbp_voice_count":0,"_bbp_anonymous_reply_count":0,"_bbp_topic_count_hidden":0,"_bbp_reply_count_hidden":0,"_bbp_forum_subforum_count":0,"footnotes":""},"categories":[3,1,29],"tags":[],"class_list":["post-6131","post","type-post","status-publish","format-standard","has-post-thumbnail","hentry","category-eso","category-general","category-portada"],"post_mailing_queue_ids":[],"_links":{"self":[{"href":"https:\/\/agora.xtec.cat\/iespauclaris\/wp-json\/wp\/v2\/posts\/6131","targetHints":{"allow":["GET"]}}],"collection":[{"href":"https:\/\/agora.xtec.cat\/iespauclaris\/wp-json\/wp\/v2\/posts"}],"about":[{"href":"https:\/\/agora.xtec.cat\/iespauclaris\/wp-json\/wp\/v2\/types\/post"}],"author":[{"embeddable":true,"href":"https:\/\/agora.xtec.cat\/iespauclaris\/wp-json\/wp\/v2\/users\/1"}],"replies":[{"embeddable":true,"href":"https:\/\/agora.xtec.cat\/iespauclaris\/wp-json\/wp\/v2\/comments?post=6131"}],"version-history":[{"count":7,"href":"https:\/\/agora.xtec.cat\/iespauclaris\/wp-json\/wp\/v2\/posts\/6131\/revisions"}],"predecessor-version":[{"id":6169,"href":"https:\/\/agora.xtec.cat\/iespauclaris\/wp-json\/wp\/v2\/posts\/6131\/revisions\/6169"}],"wp:featuredmedia":[{"embeddable":true,"href":"https:\/\/agora.xtec.cat\/iespauclaris\/wp-json\/wp\/v2\/media\/6135"}],"wp:attachment":[{"href":"https:\/\/agora.xtec.cat\/iespauclaris\/wp-json\/wp\/v2\/media?parent=6131"}],"wp:term":[{"taxonomy":"category","embeddable":true,"href":"https:\/\/agora.xtec.cat\/iespauclaris\/wp-json\/wp\/v2\/categories?post=6131"},{"taxonomy":"post_tag","embeddable":true,"href":"https:\/\/agora.xtec.cat\/iespauclaris\/wp-json\/wp\/v2\/tags?post=6131"}],"curies":[{"name":"wp","href":"https:\/\/api.w.org\/{rel}","templated":true}]}}