{"id":6100,"date":"2024-12-11T12:36:07","date_gmt":"2024-12-11T11:36:07","guid":{"rendered":"https:\/\/agora.xtec.cat\/iespauclaris\/?p=6100"},"modified":"2024-12-11T12:36:07","modified_gmt":"2024-12-11T11:36:07","slug":"visita-al-museu-blau","status":"publish","type":"post","link":"https:\/\/agora.xtec.cat\/iespauclaris\/general\/visita-al-museu-blau\/","title":{"rendered":"Visita al museu blau!"},"content":{"rendered":"<p dir=\"ltr\"><a href=\"https:\/\/agora.xtec.cat\/iespauclaris\/wp-content\/uploads\/usu835\/2024\/12\/IMG_20241204_112133-rotated.jpg\"><img loading=\"lazy\" decoding=\"async\" class=\"wp-image-6104 alignleft\" src=\"https:\/\/agora.xtec.cat\/iespauclaris\/wp-content\/uploads\/usu835\/2024\/12\/IMG_20241204_112133-rotated.jpg\" alt=\"\" width=\"536\" height=\"715\" srcset=\"https:\/\/agora.xtec.cat\/iespauclaris\/wp-content\/uploads\/usu835\/2024\/12\/IMG_20241204_112133-rotated.jpg 1500w, https:\/\/agora.xtec.cat\/iespauclaris\/wp-content\/uploads\/usu835\/2024\/12\/IMG_20241204_112133-225x300.jpg 225w, https:\/\/agora.xtec.cat\/iespauclaris\/wp-content\/uploads\/usu835\/2024\/12\/IMG_20241204_112133-768x1024.jpg 768w, https:\/\/agora.xtec.cat\/iespauclaris\/wp-content\/uploads\/usu835\/2024\/12\/IMG_20241204_112133-1152x1536.jpg 1152w\" sizes=\"auto, (max-width: 536px) 100vw, 536px\" \/><\/a><\/p>\n<p dir=\"ltr\">El dimecres 4 de desembre els alumnes de Probleu vam anar a veure dues exposicions al Museu de les ci\u00e8ncies naturals (tamb\u00e9 conegut com Museu Blau) relacionades amb la import\u00e0ncia de l\u2019aigua al m\u00f3n i perqu\u00e8 la necessitem.<\/p>\n<p dir=\"ltr\">La primera exposici\u00f3 van ser dos v\u00eddeos explicatius sobre import\u00e0ncia de la biodiversitat de flora marina que ens beneficia i que sense aquesta no podr\u00edem viure, m\u00e9s en concret, els coralls productors d\u2019oxigen que s\u00f3n destru\u00efts per culpa del canvi clim\u00e0tic.<\/p>\n<p dir=\"ltr\">I la segona exposici\u00f3 era constitu\u00efda per una sala interactiva amb jocs que relacionaven la pres\u00e8ncia d\u2019aigua amb la vida quotidiana, amb l&#8217;objectiu de conscienciar sobre la seva import\u00e0ncia i pres\u00e8ncia en cas.<\/p>\n<p dir=\"ltr\">Va ser unes exposicions molt interessants per als nostres projectes i agra\u00efm al Museu Blau per haver-nos oferit aquesta oportunitat.<\/p>\n<p>&nbsp;<\/p>\n<p>&nbsp;<\/p>\n<table style=\"border-collapse: collapse; width: 100%;\">\n<tbody>\n<tr>\n<td style=\"width: 50%;\"><img decoding=\"async\" src=\"https:\/\/agora.xtec.cat\/iespauclaris\/wp-content\/uploads\/usu835\/2024\/12\/IMG_20241204_111850-scaled.jpg\" \/><\/td>\n<td style=\"width: 50%;\"><img decoding=\"async\" src=\"https:\/\/agora.xtec.cat\/iespauclaris\/wp-content\/uploads\/usu835\/2024\/12\/IMG_20241204_112339-scaled.jpg\" \/><\/td>\n<\/tr>\n<\/tbody>\n<\/table>\n<p dir=\"ltr\">\n","protected":false},"excerpt":{"rendered":"<p><a href=\"https:\/\/agora.xtec.cat\/iespauclaris\/wp-content\/uploads\/usu835\/2024\/12\/IMG_20241204_112133-rotated.jpg\"><\/a><br \/>\nEl dimecres 4 de desembre els alumnes de Probleu vam anar a veure dues exposicions al Museu de les ci\u00e8ncies naturals (tamb\u00e9 conegut com Museu Blau) relacionades amb la import\u00e0ncia de l\u2019aigua al m\u00f3n i perqu\u00e8 la necessitem.<br \/>\nLa primera exposici\u00f3 van ser dos v\u00eddeos&hellip;  <a href=\"https:\/\/agora.xtec.cat\/iespauclaris\/general\/visita-al-museu-blau\/\" title=\"Read Visita al museu blau!\">Llegeix m\u00e9s\u00bb<\/a><\/p>\n","protected":false},"author":1,"featured_media":6103,"comment_status":"closed","ping_status":"closed","sticky":false,"template":"","format":"standard","meta":{"_bbp_topic_count":0,"_bbp_reply_count":0,"_bbp_total_topic_count":0,"_bbp_total_reply_count":0,"_bbp_voice_count":0,"_bbp_anonymous_reply_count":0,"_bbp_topic_count_hidden":0,"_bbp_reply_count_hidden":0,"_bbp_forum_subforum_count":0,"footnotes":""},"categories":[136,1,29,132],"tags":[],"class_list":["post-6100","post","type-post","status-publish","format-standard","has-post-thumbnail","hentry","category-escolessostenibles","category-general","category-portada","category-probleu"],"post_mailing_queue_ids":[],"_links":{"self":[{"href":"https:\/\/agora.xtec.cat\/iespauclaris\/wp-json\/wp\/v2\/posts\/6100","targetHints":{"allow":["GET"]}}],"collection":[{"href":"https:\/\/agora.xtec.cat\/iespauclaris\/wp-json\/wp\/v2\/posts"}],"about":[{"href":"https:\/\/agora.xtec.cat\/iespauclaris\/wp-json\/wp\/v2\/types\/post"}],"author":[{"embeddable":true,"href":"https:\/\/agora.xtec.cat\/iespauclaris\/wp-json\/wp\/v2\/users\/1"}],"replies":[{"embeddable":true,"href":"https:\/\/agora.xtec.cat\/iespauclaris\/wp-json\/wp\/v2\/comments?post=6100"}],"version-history":[{"count":4,"href":"https:\/\/agora.xtec.cat\/iespauclaris\/wp-json\/wp\/v2\/posts\/6100\/revisions"}],"predecessor-version":[{"id":6110,"href":"https:\/\/agora.xtec.cat\/iespauclaris\/wp-json\/wp\/v2\/posts\/6100\/revisions\/6110"}],"wp:featuredmedia":[{"embeddable":true,"href":"https:\/\/agora.xtec.cat\/iespauclaris\/wp-json\/wp\/v2\/media\/6103"}],"wp:attachment":[{"href":"https:\/\/agora.xtec.cat\/iespauclaris\/wp-json\/wp\/v2\/media?parent=6100"}],"wp:term":[{"taxonomy":"category","embeddable":true,"href":"https:\/\/agora.xtec.cat\/iespauclaris\/wp-json\/wp\/v2\/categories?post=6100"},{"taxonomy":"post_tag","embeddable":true,"href":"https:\/\/agora.xtec.cat\/iespauclaris\/wp-json\/wp\/v2\/tags?post=6100"}],"curies":[{"name":"wp","href":"https:\/\/api.w.org\/{rel}","templated":true}]}}