{"id":6089,"date":"2024-12-11T11:18:28","date_gmt":"2024-12-11T10:18:28","guid":{"rendered":"https:\/\/agora.xtec.cat\/iespauclaris\/?p=6089"},"modified":"2024-12-11T11:32:19","modified_gmt":"2024-12-11T10:32:19","slug":"com-ens-organitzem-a-la-comissio-de-probleu","status":"publish","type":"post","link":"https:\/\/agora.xtec.cat\/iespauclaris\/general\/com-ens-organitzem-a-la-comissio-de-probleu\/","title":{"rendered":"Com ens organitzem a la comissi\u00f3 de Probleu?"},"content":{"rendered":"<p dir=\"ltr\">La Comissi\u00f3 Probleu som un grup d\u2019alumnes de tercer d\u2019ESO que dinamitzem diverses activitats de participaci\u00f3 del\u00a0<a href=\"https:\/\/probleu.school\/\" target=\"_blank\" rel=\"noopener\" data-saferedirecturl=\"https:\/\/www.google.com\/url?q=https:\/\/probleu.school\/&amp;source=gmail&amp;ust=1733995246817000&amp;usg=AOvVaw3p9EcBdBWec53gI9hvbpyg\">projecte europeu ProBleu<\/a>\u00a0a l\u2019institut Pau Claris.\u00a0 Ens separem en subcomissions per repartir-nos el treball\ud83d\udc0b\ud83c\udf0a. S\u00f3n les seg\u00fcents:<\/p>\n<p dir=\"ltr\"><a href=\"https:\/\/agora.xtec.cat\/iespauclaris\/wp-content\/uploads\/usu835\/2024\/12\/b8b08ec3-72ed-4b9f-b944-21511401e5c7.jpg\"><img loading=\"lazy\" decoding=\"async\" class=\"wp-image-6096 alignleft\" src=\"https:\/\/agora.xtec.cat\/iespauclaris\/wp-content\/uploads\/usu835\/2024\/12\/b8b08ec3-72ed-4b9f-b944-21511401e5c7.jpg\" alt=\"\" width=\"668\" height=\"376\" srcset=\"https:\/\/agora.xtec.cat\/iespauclaris\/wp-content\/uploads\/usu835\/2024\/12\/b8b08ec3-72ed-4b9f-b944-21511401e5c7.jpg 1600w, https:\/\/agora.xtec.cat\/iespauclaris\/wp-content\/uploads\/usu835\/2024\/12\/b8b08ec3-72ed-4b9f-b944-21511401e5c7-300x169.jpg 300w, https:\/\/agora.xtec.cat\/iespauclaris\/wp-content\/uploads\/usu835\/2024\/12\/b8b08ec3-72ed-4b9f-b944-21511401e5c7-1024x576.jpg 1024w, https:\/\/agora.xtec.cat\/iespauclaris\/wp-content\/uploads\/usu835\/2024\/12\/b8b08ec3-72ed-4b9f-b944-21511401e5c7-768x432.jpg 768w, https:\/\/agora.xtec.cat\/iespauclaris\/wp-content\/uploads\/usu835\/2024\/12\/b8b08ec3-72ed-4b9f-b944-21511401e5c7-1536x864.jpg 1536w\" sizes=\"auto, (max-width: 668px) 100vw, 668px\" \/><\/a><\/p>\n<p dir=\"ltr\">\n<p dir=\"ltr\">\n<p dir=\"ltr\"><strong>Campanyes<\/strong>: Encarregats de les campanyes. Han fet una enquesta sobre l&#8217;\u00fas i reciclatge d&#8217;embolcalls a l&#8217;institut per investigar el seu impacte ambiental. Tamb\u00e9 estan fent una entrevista sobre l&#8217;\u00fas d\u2019embolcalls i envasos de pl\u00e0stic al menjador\u267b\ufe0f\ud83d\udca1.<\/p>\n<p dir=\"ltr\"><strong>Recerca global<\/strong>: El seu treball \u00e9s investigar sobre els mars i oceans, la seva fauna i flora els pl\u00e0stics i com els afecta el canvi clim\u00e0tic\ud83c\udf0d\ud83c\udf31.<\/p>\n<p dir=\"ltr\"><strong>Accions locals<\/strong>:\u00a0S\u00f3n els encarregats de planificar sortides did\u00e0ctiques i accions que tinguin relaci\u00f3 amb el projecte. En aquest grup busquen sortides relacionades amb els nostres temes,\u00a0 s\u2019investiga els preus i ho relacionen amb el nostre pressupost i quantes persones podem anar. Estan preparant una campanya de recollida de pl\u00e0stics a la sorra i a l\u2019aigua de les platges de Barcelona\ud83c\udfd6\ufe0f\ud83c\udf0a.<\/p>\n<table style=\"border-collapse: collapse; width: 100%;\">\n<tbody>\n<tr>\n<td style=\"width: 33.3333%;\"><a href=\"https:\/\/agora.xtec.cat\/iespauclaris\/wp-content\/uploads\/usu835\/2024\/12\/IMG_0170.jpg\"><img loading=\"lazy\" decoding=\"async\" class=\"aligncenter wp-image-6094\" src=\"https:\/\/agora.xtec.cat\/iespauclaris\/wp-content\/uploads\/usu835\/2024\/12\/IMG_0170.jpg\" alt=\"\" width=\"743\" height=\"418\" srcset=\"https:\/\/agora.xtec.cat\/iespauclaris\/wp-content\/uploads\/usu835\/2024\/12\/IMG_0170.jpg 1600w, https:\/\/agora.xtec.cat\/iespauclaris\/wp-content\/uploads\/usu835\/2024\/12\/IMG_0170-300x169.jpg 300w, https:\/\/agora.xtec.cat\/iespauclaris\/wp-content\/uploads\/usu835\/2024\/12\/IMG_0170-1024x576.jpg 1024w, https:\/\/agora.xtec.cat\/iespauclaris\/wp-content\/uploads\/usu835\/2024\/12\/IMG_0170-768x432.jpg 768w, https:\/\/agora.xtec.cat\/iespauclaris\/wp-content\/uploads\/usu835\/2024\/12\/IMG_0170-1536x864.jpg 1536w\" sizes=\"auto, (max-width: 743px) 100vw, 743px\" \/><\/a><\/td>\n<td style=\"width: 33.3333%;\"><a href=\"https:\/\/agora.xtec.cat\/iespauclaris\/wp-content\/uploads\/usu835\/2024\/12\/IMG_0171.jpg\"><img loading=\"lazy\" decoding=\"async\" class=\"aligncenter size-full wp-image-6091\" src=\"https:\/\/agora.xtec.cat\/iespauclaris\/wp-content\/uploads\/usu835\/2024\/12\/IMG_0171.jpg\" alt=\"\" width=\"1600\" height=\"900\" srcset=\"https:\/\/agora.xtec.cat\/iespauclaris\/wp-content\/uploads\/usu835\/2024\/12\/IMG_0171.jpg 1600w, https:\/\/agora.xtec.cat\/iespauclaris\/wp-content\/uploads\/usu835\/2024\/12\/IMG_0171-300x169.jpg 300w, https:\/\/agora.xtec.cat\/iespauclaris\/wp-content\/uploads\/usu835\/2024\/12\/IMG_0171-1024x576.jpg 1024w, https:\/\/agora.xtec.cat\/iespauclaris\/wp-content\/uploads\/usu835\/2024\/12\/IMG_0171-768x432.jpg 768w, https:\/\/agora.xtec.cat\/iespauclaris\/wp-content\/uploads\/usu835\/2024\/12\/IMG_0171-1536x864.jpg 1536w\" sizes=\"auto, (max-width: 1600px) 100vw, 1600px\" \/><\/a><\/td>\n<td style=\"width: 33.3333%;\"><a href=\"https:\/\/agora.xtec.cat\/iespauclaris\/wp-content\/uploads\/usu835\/2024\/12\/IMG_0173.jpg\"><img loading=\"lazy\" decoding=\"async\" class=\"aligncenter size-full wp-image-6092\" src=\"https:\/\/agora.xtec.cat\/iespauclaris\/wp-content\/uploads\/usu835\/2024\/12\/IMG_0173.jpg\" alt=\"\" width=\"1600\" height=\"900\" srcset=\"https:\/\/agora.xtec.cat\/iespauclaris\/wp-content\/uploads\/usu835\/2024\/12\/IMG_0173.jpg 1600w, https:\/\/agora.xtec.cat\/iespauclaris\/wp-content\/uploads\/usu835\/2024\/12\/IMG_0173-300x169.jpg 300w, https:\/\/agora.xtec.cat\/iespauclaris\/wp-content\/uploads\/usu835\/2024\/12\/IMG_0173-1024x576.jpg 1024w, https:\/\/agora.xtec.cat\/iespauclaris\/wp-content\/uploads\/usu835\/2024\/12\/IMG_0173-768x432.jpg 768w, https:\/\/agora.xtec.cat\/iespauclaris\/wp-content\/uploads\/usu835\/2024\/12\/IMG_0173-1536x864.jpg 1536w\" sizes=\"auto, (max-width: 1600px) 100vw, 1600px\" \/><\/a><\/td>\n<\/tr>\n<\/tbody>\n<\/table>\n<p><a href=\"https:\/\/www.instagram.com\/probleu.schools\/\"><span style=\"font-weight: 400;\">@probleu.schools<\/span><\/a> <a href=\"https:\/\/www.instagram.com\/fundaciorecerca\/\"><span style=\"font-weight: 400;\">@fundaciorecerca <\/span><\/a> <a href=\"https:\/\/www.instagram.com\/erasmuspluseurope\/\"><span style=\"font-weight: 400;\">@erasmuspluseurope <\/span><\/a> <a href=\"https:\/\/www.instagram.com\/icm.csic\/\"><span style=\"font-weight: 400;\">@icm.csic<\/span><\/a><\/p>\n<div class=\"adL\"><\/div>\n","protected":false},"excerpt":{"rendered":"<p>La Comissi\u00f3 Probleu som un grup d\u2019alumnes de tercer d\u2019ESO que dinamitzem diverses activitats de participaci\u00f3 del\u00a0<a href=\"https:\/\/probleu.school\/\" target=\"_blank\" rel=\"noopener\" data-saferedirecturl=\"https:\/\/www.google.com\/url?q=https:\/\/probleu.school\/&amp;source=gmail&amp;ust=1733995246817000&amp;usg=AOvVaw3p9EcBdBWec53gI9hvbpyg\">projecte europeu ProBleu<\/a>\u00a0a l\u2019institut Pau Claris.\u00a0 Ens separem en subcomissions per repartir-nos el treball\ud83d\udc0b\ud83c\udf0a. S\u00f3n les seg\u00fcents:<br \/>\n<a href=\"https:\/\/agora.xtec.cat\/iespauclaris\/wp-content\/uploads\/usu835\/2024\/12\/b8b08ec3-72ed-4b9f-b944-21511401e5c7.jpg\"><\/a><\/p>\n<p>Campanyes: Encarregats de les campanyes. Han fet una&hellip;  <a href=\"https:\/\/agora.xtec.cat\/iespauclaris\/general\/com-ens-organitzem-a-la-comissio-de-probleu\/\" title=\"Read Com ens organitzem a la comissi\u00f3 de Probleu?\">Llegeix m\u00e9s\u00bb<\/a><\/p>\n","protected":false},"author":1,"featured_media":6095,"comment_status":"closed","ping_status":"closed","sticky":false,"template":"","format":"standard","meta":{"_bbp_topic_count":0,"_bbp_reply_count":0,"_bbp_total_topic_count":0,"_bbp_total_reply_count":0,"_bbp_voice_count":0,"_bbp_anonymous_reply_count":0,"_bbp_topic_count_hidden":0,"_bbp_reply_count_hidden":0,"_bbp_forum_subforum_count":0,"footnotes":""},"categories":[119,3,6,1,29,132],"tags":[],"class_list":["post-6089","post","type-post","status-publish","format-standard","has-post-thumbnail","hentry","category-eramus","category-eso","category-eso-3","category-general","category-portada","category-probleu"],"post_mailing_queue_ids":[],"_links":{"self":[{"href":"https:\/\/agora.xtec.cat\/iespauclaris\/wp-json\/wp\/v2\/posts\/6089","targetHints":{"allow":["GET"]}}],"collection":[{"href":"https:\/\/agora.xtec.cat\/iespauclaris\/wp-json\/wp\/v2\/posts"}],"about":[{"href":"https:\/\/agora.xtec.cat\/iespauclaris\/wp-json\/wp\/v2\/types\/post"}],"author":[{"embeddable":true,"href":"https:\/\/agora.xtec.cat\/iespauclaris\/wp-json\/wp\/v2\/users\/1"}],"replies":[{"embeddable":true,"href":"https:\/\/agora.xtec.cat\/iespauclaris\/wp-json\/wp\/v2\/comments?post=6089"}],"version-history":[{"count":3,"href":"https:\/\/agora.xtec.cat\/iespauclaris\/wp-json\/wp\/v2\/posts\/6089\/revisions"}],"predecessor-version":[{"id":6098,"href":"https:\/\/agora.xtec.cat\/iespauclaris\/wp-json\/wp\/v2\/posts\/6089\/revisions\/6098"}],"wp:featuredmedia":[{"embeddable":true,"href":"https:\/\/agora.xtec.cat\/iespauclaris\/wp-json\/wp\/v2\/media\/6095"}],"wp:attachment":[{"href":"https:\/\/agora.xtec.cat\/iespauclaris\/wp-json\/wp\/v2\/media?parent=6089"}],"wp:term":[{"taxonomy":"category","embeddable":true,"href":"https:\/\/agora.xtec.cat\/iespauclaris\/wp-json\/wp\/v2\/categories?post=6089"},{"taxonomy":"post_tag","embeddable":true,"href":"https:\/\/agora.xtec.cat\/iespauclaris\/wp-json\/wp\/v2\/tags?post=6089"}],"curies":[{"name":"wp","href":"https:\/\/api.w.org\/{rel}","templated":true}]}}