{"id":6047,"date":"2024-12-03T11:29:47","date_gmt":"2024-12-03T10:29:47","guid":{"rendered":"https:\/\/agora.xtec.cat\/iespauclaris\/?p=6047"},"modified":"2024-12-03T11:39:32","modified_gmt":"2024-12-03T10:39:32","slug":"coneixem-la-cineasta-sandra-reina","status":"publish","type":"post","link":"https:\/\/agora.xtec.cat\/iespauclaris\/general\/coneixem-la-cineasta-sandra-reina\/","title":{"rendered":"Coneixem la cineasta Sandra Reina!"},"content":{"rendered":"<p>Vam rebre la visita de la cineasta Sandra Reina, en el marc del projecte\u00a0<b>Visions Perif\u00e8riques<\/b>, realitzat a la comissi\u00f3 d&#8217;audiovisuals del centre en col\u00b7laboraci\u00f3 amb\u00a0<a href=\"https:\/\/www.dracmagic.cat\/\" target=\"_blank\" rel=\"noopener\"><b>Drac M\u00e0gic<\/b><\/a>. L&#8217;alumnat participant (3r i 4t d&#8217;ESO) i l&#8217;alumnat convidat (de l&#8217;assignatura Cultura Audiovisual, 1rBAT) van poder veure el seu premiat curtmetratge\u00a0<i>El Bus,\u00a0<\/i>en companyia de la seva creadora. Una trobada molt enriquidora que ens va permetre xerrar i con\u00e8ixer de primera m\u00e0 tot el proc\u00e9s de realitzaci\u00f3 d&#8217;una pel\u00b7l\u00edcula darrere\u00a0les c\u00e0meres.<\/p>\n<p>&nbsp;<\/p>\n<p>\u200b<\/p>\n<table style=\"border-collapse: collapse; width: 100%; height: 416px;\">\n<tbody>\n<tr style=\"height: 416px;\">\n<td style=\"width: 33.3333%; height: 416px;\"><a href=\"https:\/\/agora.xtec.cat\/iespauclaris\/wp-content\/uploads\/usu835\/2024\/12\/H1-scaled.jpg\"><img loading=\"lazy\" decoding=\"async\" class=\"aligncenter size-full wp-image-6052\" src=\"https:\/\/agora.xtec.cat\/iespauclaris\/wp-content\/uploads\/usu835\/2024\/12\/H1-scaled.jpg\" alt=\"\" width=\"2560\" height=\"1707\" srcset=\"https:\/\/agora.xtec.cat\/iespauclaris\/wp-content\/uploads\/usu835\/2024\/12\/H1-scaled.jpg 2560w, https:\/\/agora.xtec.cat\/iespauclaris\/wp-content\/uploads\/usu835\/2024\/12\/H1-300x200.jpg 300w, https:\/\/agora.xtec.cat\/iespauclaris\/wp-content\/uploads\/usu835\/2024\/12\/H1-1024x683.jpg 1024w, https:\/\/agora.xtec.cat\/iespauclaris\/wp-content\/uploads\/usu835\/2024\/12\/H1-768x512.jpg 768w, https:\/\/agora.xtec.cat\/iespauclaris\/wp-content\/uploads\/usu835\/2024\/12\/H1-1536x1024.jpg 1536w, https:\/\/agora.xtec.cat\/iespauclaris\/wp-content\/uploads\/usu835\/2024\/12\/H1-2048x1365.jpg 2048w\" sizes=\"auto, (max-width: 2560px) 100vw, 2560px\" \/><\/a><\/td>\n<td style=\"width: 32.2006%; height: 416px;\"><a href=\"https:\/\/agora.xtec.cat\/iespauclaris\/wp-content\/uploads\/usu835\/2024\/12\/H2-scaled.jpg\"><img loading=\"lazy\" decoding=\"async\" class=\"aligncenter size-full wp-image-6051\" src=\"https:\/\/agora.xtec.cat\/iespauclaris\/wp-content\/uploads\/usu835\/2024\/12\/H2-scaled.jpg\" alt=\"\" width=\"2560\" height=\"1757\" srcset=\"https:\/\/agora.xtec.cat\/iespauclaris\/wp-content\/uploads\/usu835\/2024\/12\/H2-scaled.jpg 2560w, https:\/\/agora.xtec.cat\/iespauclaris\/wp-content\/uploads\/usu835\/2024\/12\/H2-300x206.jpg 300w, https:\/\/agora.xtec.cat\/iespauclaris\/wp-content\/uploads\/usu835\/2024\/12\/H2-1024x703.jpg 1024w, https:\/\/agora.xtec.cat\/iespauclaris\/wp-content\/uploads\/usu835\/2024\/12\/H2-768x527.jpg 768w, https:\/\/agora.xtec.cat\/iespauclaris\/wp-content\/uploads\/usu835\/2024\/12\/H2-1536x1054.jpg 1536w, https:\/\/agora.xtec.cat\/iespauclaris\/wp-content\/uploads\/usu835\/2024\/12\/H2-2048x1406.jpg 2048w\" sizes=\"auto, (max-width: 2560px) 100vw, 2560px\" \/><\/a><\/td>\n<td style=\"width: 34.466%; height: 416px;\"><a href=\"https:\/\/agora.xtec.cat\/iespauclaris\/wp-content\/uploads\/usu835\/2024\/12\/H5-scaled.jpg\"><img loading=\"lazy\" decoding=\"async\" class=\"aligncenter wp-image-6048\" src=\"https:\/\/agora.xtec.cat\/iespauclaris\/wp-content\/uploads\/usu835\/2024\/12\/H5-scaled.jpg\" alt=\"\" width=\"630\" height=\"401\" srcset=\"https:\/\/agora.xtec.cat\/iespauclaris\/wp-content\/uploads\/usu835\/2024\/12\/H5-scaled.jpg 2560w, https:\/\/agora.xtec.cat\/iespauclaris\/wp-content\/uploads\/usu835\/2024\/12\/H5-300x191.jpg 300w, https:\/\/agora.xtec.cat\/iespauclaris\/wp-content\/uploads\/usu835\/2024\/12\/H5-1024x651.jpg 1024w, https:\/\/agora.xtec.cat\/iespauclaris\/wp-content\/uploads\/usu835\/2024\/12\/H5-768x488.jpg 768w, https:\/\/agora.xtec.cat\/iespauclaris\/wp-content\/uploads\/usu835\/2024\/12\/H5-1536x976.jpg 1536w, https:\/\/agora.xtec.cat\/iespauclaris\/wp-content\/uploads\/usu835\/2024\/12\/H5-2048x1301.jpg 2048w\" sizes=\"auto, (max-width: 630px) 100vw, 630px\" \/><\/a><\/td>\n<\/tr>\n<\/tbody>\n<\/table>\n<p>\u200b<\/p>\n<table style=\"border-collapse: collapse; width: 100%; height: 454px;\">\n<tbody>\n<tr style=\"height: 454px;\">\n<td style=\"width: 48.8673%; height: 454px;\"><a href=\"https:\/\/agora.xtec.cat\/iespauclaris\/wp-content\/uploads\/usu835\/2024\/12\/H3-scaled.jpg\"><img loading=\"lazy\" decoding=\"async\" class=\"wp-image-6050 aligncenter\" src=\"https:\/\/agora.xtec.cat\/iespauclaris\/wp-content\/uploads\/usu835\/2024\/12\/H3-scaled.jpg\" alt=\"\" width=\"852\" height=\"441\" srcset=\"https:\/\/agora.xtec.cat\/iespauclaris\/wp-content\/uploads\/usu835\/2024\/12\/H3-scaled.jpg 2560w, https:\/\/agora.xtec.cat\/iespauclaris\/wp-content\/uploads\/usu835\/2024\/12\/H3-300x155.jpg 300w, https:\/\/agora.xtec.cat\/iespauclaris\/wp-content\/uploads\/usu835\/2024\/12\/H3-1024x530.jpg 1024w, https:\/\/agora.xtec.cat\/iespauclaris\/wp-content\/uploads\/usu835\/2024\/12\/H3-768x397.jpg 768w, https:\/\/agora.xtec.cat\/iespauclaris\/wp-content\/uploads\/usu835\/2024\/12\/H3-1536x795.jpg 1536w, https:\/\/agora.xtec.cat\/iespauclaris\/wp-content\/uploads\/usu835\/2024\/12\/H3-2048x1060.jpg 2048w\" sizes=\"auto, (max-width: 852px) 100vw, 852px\" \/><\/a><\/td>\n<td style=\"width: 51.1327%; height: 454px;\"><img loading=\"lazy\" decoding=\"async\" class=\"wp-image-6049 alignleft\" src=\"https:\/\/agora.xtec.cat\/iespauclaris\/wp-content\/uploads\/usu835\/2024\/12\/H4-scaled.jpg\" alt=\"\" width=\"877\" height=\"420\" srcset=\"https:\/\/agora.xtec.cat\/iespauclaris\/wp-content\/uploads\/usu835\/2024\/12\/H4-scaled.jpg 2560w, https:\/\/agora.xtec.cat\/iespauclaris\/wp-content\/uploads\/usu835\/2024\/12\/H4-300x144.jpg 300w, https:\/\/agora.xtec.cat\/iespauclaris\/wp-content\/uploads\/usu835\/2024\/12\/H4-1024x490.jpg 1024w, https:\/\/agora.xtec.cat\/iespauclaris\/wp-content\/uploads\/usu835\/2024\/12\/H4-768x368.jpg 768w, https:\/\/agora.xtec.cat\/iespauclaris\/wp-content\/uploads\/usu835\/2024\/12\/H4-1536x735.jpg 1536w, https:\/\/agora.xtec.cat\/iespauclaris\/wp-content\/uploads\/usu835\/2024\/12\/H4-2048x980.jpg 2048w\" sizes=\"auto, (max-width: 877px) 100vw, 877px\" \/><\/td>\n<\/tr>\n<\/tbody>\n<\/table>\n","protected":false},"excerpt":{"rendered":"<p>Vam rebre la visita de la cineasta Sandra Reina, en el marc del projecte\u00a0Visions Perif\u00e8riques, realitzat a la comissi\u00f3 d&#8217;audiovisuals del centre en col\u00b7laboraci\u00f3 amb\u00a0<a href=\"https:\/\/www.dracmagic.cat\/\" target=\"_blank\" rel=\"noopener\">Drac M\u00e0gic<\/a>. L&#8217;alumnat participant (3r i 4t d&#8217;ESO) i l&#8217;alumnat convidat (de l&#8217;assignatura Cultura Audiovisual, 1rBAT) van poder&hellip;  <a href=\"https:\/\/agora.xtec.cat\/iespauclaris\/general\/coneixem-la-cineasta-sandra-reina\/\" title=\"Read Coneixem la cineasta Sandra Reina!\">Llegeix m\u00e9s\u00bb<\/a><\/p>\n","protected":false},"author":1,"featured_media":6049,"comment_status":"closed","ping_status":"closed","sticky":false,"template":"","format":"standard","meta":{"_bbp_topic_count":0,"_bbp_reply_count":0,"_bbp_total_topic_count":0,"_bbp_total_reply_count":0,"_bbp_voice_count":0,"_bbp_anonymous_reply_count":0,"_bbp_topic_count_hidden":0,"_bbp_reply_count_hidden":0,"_bbp_forum_subforum_count":0,"footnotes":""},"categories":[6,7,1,29],"tags":[],"class_list":["post-6047","post","type-post","status-publish","format-standard","has-post-thumbnail","hentry","category-eso-3","category-eso-4","category-general","category-portada"],"post_mailing_queue_ids":[],"_links":{"self":[{"href":"https:\/\/agora.xtec.cat\/iespauclaris\/wp-json\/wp\/v2\/posts\/6047","targetHints":{"allow":["GET"]}}],"collection":[{"href":"https:\/\/agora.xtec.cat\/iespauclaris\/wp-json\/wp\/v2\/posts"}],"about":[{"href":"https:\/\/agora.xtec.cat\/iespauclaris\/wp-json\/wp\/v2\/types\/post"}],"author":[{"embeddable":true,"href":"https:\/\/agora.xtec.cat\/iespauclaris\/wp-json\/wp\/v2\/users\/1"}],"replies":[{"embeddable":true,"href":"https:\/\/agora.xtec.cat\/iespauclaris\/wp-json\/wp\/v2\/comments?post=6047"}],"version-history":[{"count":6,"href":"https:\/\/agora.xtec.cat\/iespauclaris\/wp-json\/wp\/v2\/posts\/6047\/revisions"}],"predecessor-version":[{"id":6059,"href":"https:\/\/agora.xtec.cat\/iespauclaris\/wp-json\/wp\/v2\/posts\/6047\/revisions\/6059"}],"wp:featuredmedia":[{"embeddable":true,"href":"https:\/\/agora.xtec.cat\/iespauclaris\/wp-json\/wp\/v2\/media\/6049"}],"wp:attachment":[{"href":"https:\/\/agora.xtec.cat\/iespauclaris\/wp-json\/wp\/v2\/media?parent=6047"}],"wp:term":[{"taxonomy":"category","embeddable":true,"href":"https:\/\/agora.xtec.cat\/iespauclaris\/wp-json\/wp\/v2\/categories?post=6047"},{"taxonomy":"post_tag","embeddable":true,"href":"https:\/\/agora.xtec.cat\/iespauclaris\/wp-json\/wp\/v2\/tags?post=6047"}],"curies":[{"name":"wp","href":"https:\/\/api.w.org\/{rel}","templated":true}]}}