{"id":6017,"date":"2024-11-29T10:39:55","date_gmt":"2024-11-29T09:39:55","guid":{"rendered":"https:\/\/agora.xtec.cat\/iespauclaris\/?p=6017"},"modified":"2024-11-30T18:17:39","modified_gmt":"2024-11-30T17:17:39","slug":"treballant-per-a-la-millora-del-barri","status":"publish","type":"post","link":"https:\/\/agora.xtec.cat\/iespauclaris\/general\/treballant-per-a-la-millora-del-barri\/","title":{"rendered":"Treballant per a la millora del barri!"},"content":{"rendered":"<div>El curs passat, vam realitzar un projecte amb l&#8217;alumnat de 4t d&#8217;ESO que tenia com finalitat participar en la reivindicaci\u00f3 per recuperar pel barri del solar antigament ocupat pels Jutjats de Barcelona i que va ser enderrocat fa uns anys.<\/div>\n<div>Amb aquest projecte, ens vam sumar amb\u00a0 l\u2019<a href=\"https:\/\/sosicascantic.cat\/\" target=\"_blank\" rel=\"noopener\" data-saferedirecturl=\"https:\/\/www.google.com\/url?q=https:\/\/sosicascantic.cat\/&amp;source=gmail&amp;ust=1732954885587000&amp;usg=AOvVaw2kscCd-Be7dqvglJT2LLR9\">Associaci\u00f3 de ve\u00efns del Casc Antic<\/a>\u00a0que feia\u00a0un temps que ha creat una plataforma per aquesta reivindicaci\u00f3\u00a0 i que\u00a0estaven fent\u00a0 xerrades amb historiadors per recuperar la mem\u00f2ria hist\u00f2rica de l\u2019espai.<\/div>\n<div>Volem compartir amb vosaltres, una de les accions que es van realitzar, la creaci\u00f3 d&#8217;uns cartells explicatius sobre la hist\u00f2ria d&#8217;un solar molt emblem\u00e0tic per a la ciutat.<\/div>\n<div><\/div>\n<div><\/div>\n<div><\/div>\n<div>Volem compartir amb vosaltres, una de les accions que es van realitzar, la creaci\u00f3 d&#8217;uns cartells explicatius sobre la hist\u00f2ria d&#8217;un solar molt emblem\u00e0tic per a la ciutat. Educant en la ciutadania activa, participativa i cr\u00edtica.<\/div>\n<div><\/div>\n<div><\/div>\n<div><img loading=\"lazy\" decoding=\"async\" class=\"aligncenter\" src=\"https:\/\/agora.xtec.cat\/iespauclaris\/wp-content\/uploads\/usu835\/2024\/11\/IMG20241127101617-scaled.jpg\" width=\"1014\" height=\"1352\" \/><\/div>\n<p>&nbsp;<\/p>\n<table style=\"border-collapse: collapse; width: 100.538%; height: 471px;\">\n<tbody>\n<tr style=\"height: 471px;\">\n<td style=\"width: 33.3333%; height: 471px;\"><a href=\"https:\/\/agora.xtec.cat\/iespauclaris\/wp-content\/uploads\/usu835\/2024\/11\/copia-1-scaled.jpg\"><img loading=\"lazy\" decoding=\"async\" class=\"aligncenter wp-image-6019\" src=\"https:\/\/agora.xtec.cat\/iespauclaris\/wp-content\/uploads\/usu835\/2024\/11\/copia-1-scaled.jpg\" alt=\"\" width=\"704\" height=\"528\" data-wp-editing=\"1\" srcset=\"https:\/\/agora.xtec.cat\/iespauclaris\/wp-content\/uploads\/usu835\/2024\/11\/copia-1-scaled.jpg 2560w, https:\/\/agora.xtec.cat\/iespauclaris\/wp-content\/uploads\/usu835\/2024\/11\/copia-1-300x225.jpg 300w, https:\/\/agora.xtec.cat\/iespauclaris\/wp-content\/uploads\/usu835\/2024\/11\/copia-1-1024x768.jpg 1024w, https:\/\/agora.xtec.cat\/iespauclaris\/wp-content\/uploads\/usu835\/2024\/11\/copia-1-768x576.jpg 768w, https:\/\/agora.xtec.cat\/iespauclaris\/wp-content\/uploads\/usu835\/2024\/11\/copia-1-1536x1152.jpg 1536w, https:\/\/agora.xtec.cat\/iespauclaris\/wp-content\/uploads\/usu835\/2024\/11\/copia-1-2048x1536.jpg 2048w, https:\/\/agora.xtec.cat\/iespauclaris\/wp-content\/uploads\/usu835\/2024\/11\/copia-1-200x150.jpg 200w\" sizes=\"auto, (max-width: 704px) 100vw, 704px\" \/><\/a><\/td>\n<td style=\"width: 33.3333%; height: 471px;\"><a href=\"https:\/\/agora.xtec.cat\/iespauclaris\/wp-content\/uploads\/usu835\/2024\/11\/copia-2-.jpg\"><img loading=\"lazy\" decoding=\"async\" class=\"aligncenter size-full wp-image-6020\" src=\"https:\/\/agora.xtec.cat\/iespauclaris\/wp-content\/uploads\/usu835\/2024\/11\/copia-2-.jpg\" alt=\"\" width=\"2000\" height=\"1500\" srcset=\"https:\/\/agora.xtec.cat\/iespauclaris\/wp-content\/uploads\/usu835\/2024\/11\/copia-2-.jpg 2000w, https:\/\/agora.xtec.cat\/iespauclaris\/wp-content\/uploads\/usu835\/2024\/11\/copia-2--300x225.jpg 300w, https:\/\/agora.xtec.cat\/iespauclaris\/wp-content\/uploads\/usu835\/2024\/11\/copia-2--1024x768.jpg 1024w, https:\/\/agora.xtec.cat\/iespauclaris\/wp-content\/uploads\/usu835\/2024\/11\/copia-2--768x576.jpg 768w, https:\/\/agora.xtec.cat\/iespauclaris\/wp-content\/uploads\/usu835\/2024\/11\/copia-2--1536x1152.jpg 1536w, https:\/\/agora.xtec.cat\/iespauclaris\/wp-content\/uploads\/usu835\/2024\/11\/copia-2--200x150.jpg 200w\" sizes=\"auto, (max-width: 2000px) 100vw, 2000px\" \/><\/a><\/td>\n<td style=\"width: 33.8727%; height: 471px;\"><img loading=\"lazy\" decoding=\"async\" class=\"\" src=\"https:\/\/agora.xtec.cat\/iespauclaris\/wp-content\/uploads\/usu835\/2024\/11\/IMG20241127101510.jpg\" width=\"626\" height=\"470\" \/><\/td>\n<\/tr>\n<\/tbody>\n<\/table>\n<p><a href=\"https:\/\/agora.xtec.cat\/iespauclaris\/wp-content\/uploads\/usu835\/2024\/11\/IMG20241127101436.jpg\"><img loading=\"lazy\" decoding=\"async\" class=\"aligncenter wp-image-6022\" src=\"https:\/\/agora.xtec.cat\/iespauclaris\/wp-content\/uploads\/usu835\/2024\/11\/IMG20241127101436.jpg\" alt=\"\" width=\"1576\" height=\"1182\" srcset=\"https:\/\/agora.xtec.cat\/iespauclaris\/wp-content\/uploads\/usu835\/2024\/11\/IMG20241127101436.jpg 2000w, https:\/\/agora.xtec.cat\/iespauclaris\/wp-content\/uploads\/usu835\/2024\/11\/IMG20241127101436-300x225.jpg 300w, https:\/\/agora.xtec.cat\/iespauclaris\/wp-content\/uploads\/usu835\/2024\/11\/IMG20241127101436-1024x768.jpg 1024w, https:\/\/agora.xtec.cat\/iespauclaris\/wp-content\/uploads\/usu835\/2024\/11\/IMG20241127101436-768x576.jpg 768w, https:\/\/agora.xtec.cat\/iespauclaris\/wp-content\/uploads\/usu835\/2024\/11\/IMG20241127101436-1536x1152.jpg 1536w, https:\/\/agora.xtec.cat\/iespauclaris\/wp-content\/uploads\/usu835\/2024\/11\/IMG20241127101436-200x150.jpg 200w\" sizes=\"auto, (max-width: 1576px) 100vw, 1576px\" \/><\/a><\/p>\n<p>&nbsp;<\/p>\n","protected":false},"excerpt":{"rendered":"<p>El curs passat, vam realitzar un projecte amb l&#8217;alumnat de 4t d&#8217;ESO que tenia com finalitat participar en la reivindicaci\u00f3 per recuperar pel barri del solar antigament ocupat pels Jutjats de Barcelona i que va ser enderrocat fa uns anys.<br \/>\nAmb aquest projecte, ens vam sumar&hellip;  <a href=\"https:\/\/agora.xtec.cat\/iespauclaris\/general\/treballant-per-a-la-millora-del-barri\/\" title=\"Read Treballant per a la millora del barri!\">Llegeix m\u00e9s\u00bb<\/a><\/p>\n","protected":false},"author":1,"featured_media":6022,"comment_status":"closed","ping_status":"closed","sticky":false,"template":"","format":"standard","meta":{"_bbp_topic_count":0,"_bbp_reply_count":0,"_bbp_total_topic_count":0,"_bbp_total_reply_count":0,"_bbp_voice_count":0,"_bbp_anonymous_reply_count":0,"_bbp_topic_count_hidden":0,"_bbp_reply_count_hidden":0,"_bbp_forum_subforum_count":0,"footnotes":""},"categories":[1,29],"tags":[],"class_list":["post-6017","post","type-post","status-publish","format-standard","has-post-thumbnail","hentry","category-general","category-portada"],"post_mailing_queue_ids":[],"_links":{"self":[{"href":"https:\/\/agora.xtec.cat\/iespauclaris\/wp-json\/wp\/v2\/posts\/6017","targetHints":{"allow":["GET"]}}],"collection":[{"href":"https:\/\/agora.xtec.cat\/iespauclaris\/wp-json\/wp\/v2\/posts"}],"about":[{"href":"https:\/\/agora.xtec.cat\/iespauclaris\/wp-json\/wp\/v2\/types\/post"}],"author":[{"embeddable":true,"href":"https:\/\/agora.xtec.cat\/iespauclaris\/wp-json\/wp\/v2\/users\/1"}],"replies":[{"embeddable":true,"href":"https:\/\/agora.xtec.cat\/iespauclaris\/wp-json\/wp\/v2\/comments?post=6017"}],"version-history":[{"count":6,"href":"https:\/\/agora.xtec.cat\/iespauclaris\/wp-json\/wp\/v2\/posts\/6017\/revisions"}],"predecessor-version":[{"id":6039,"href":"https:\/\/agora.xtec.cat\/iespauclaris\/wp-json\/wp\/v2\/posts\/6017\/revisions\/6039"}],"wp:featuredmedia":[{"embeddable":true,"href":"https:\/\/agora.xtec.cat\/iespauclaris\/wp-json\/wp\/v2\/media\/6022"}],"wp:attachment":[{"href":"https:\/\/agora.xtec.cat\/iespauclaris\/wp-json\/wp\/v2\/media?parent=6017"}],"wp:term":[{"taxonomy":"category","embeddable":true,"href":"https:\/\/agora.xtec.cat\/iespauclaris\/wp-json\/wp\/v2\/categories?post=6017"},{"taxonomy":"post_tag","embeddable":true,"href":"https:\/\/agora.xtec.cat\/iespauclaris\/wp-json\/wp\/v2\/tags?post=6017"}],"curies":[{"name":"wp","href":"https:\/\/api.w.org\/{rel}","templated":true}]}}