{"id":5958,"date":"2024-11-19T12:02:56","date_gmt":"2024-11-19T11:02:56","guid":{"rendered":"https:\/\/agora.xtec.cat\/iespauclaris\/?p=5958"},"modified":"2024-11-21T10:55:46","modified_gmt":"2024-11-21T09:55:46","slug":"migress-aterra-al-claris","status":"publish","type":"post","link":"https:\/\/agora.xtec.cat\/iespauclaris\/general\/migress-aterra-al-claris\/","title":{"rendered":"Joves, Ci\u00e8ncia i \u00c8tica"},"content":{"rendered":"<div dir=\"auto\">\n<p><span style=\"font-weight: 400;\">Aquest passat dilluns, dia 18 ens van visitar 4 cient\u00edfics experts en intel\u00b7lig\u00e8ncia artificial (IA) per fer 4 xerrades simult\u00e0nies a alumnes de 3r d&#8217;ESO repartits en 4 grups. Aquestes xerrades formen part de la nostra participaci\u00f3 en el Projecte &#8220;Joves, Ci\u00e8ncia i \u00c8tica&#8221; de la Fundaci\u00f3 Catalana per la Recerca i la Innovaci\u00f3. Aquest projecte t\u00e9\u00a0la finalitat que els alumnes aprenguin a fer debats cient\u00edfics i socials. Aquest any el tema escollit dels debats \u00e9s la intel\u00b7lig\u00e8ncia artificial. Els cient\u00edfics que ens han visitat i els subtemes tractats amb els alumnes han estat:<\/span><\/p>\n<ul>\n<li><strong>Vicent\u00a0Costa,\u00a0<\/strong>cient\u00edfic titular a l&#8217;Institut d&#8217;Investigaci\u00f3 en Intel\u00b7lig\u00e8ncia Artificial del CSIC.\u00a0Subtema:\u00a0<strong>Principis \u00e8tics per a la IA.<\/strong><\/li>\n<li><strong>Roger Lera,\u00a0<\/strong>f\u00edsic estudiant de doctorat del Consell Superior d\u2019Investigacions Cient\u00edfiques (IIIA-CSIC).\u00a0Subtema:\u00a0<strong>IA amb valors morals.<\/strong><\/li>\n<li><strong>Carlos Borrego Iglesias,\u00a0<\/strong>professor de la Universitat Aut\u00f2noma de Barcelona:\u00a0<strong>Eines IA generatives i aprenentatge.<\/strong><\/li>\n<li><strong>Valle Ruiz-Fern\u00e1ndez\u00a0<\/strong>investigadora del Centre de Supercomputaci\u00f3 de Barcelona:\u00a0<strong>IA i biaixos en els models de llenguatge.<\/strong><\/li>\n<\/ul>\n<p>El projecte acabar\u00e0 amb la participaci\u00f3 del nostre alumnat en uns debats compartits sobre diferents aspectes de la IA en el museu CosmoCaixa amb alumnes d&#8217;uns altres tres centres de Barcelona participants en el projecte.<\/p>\n<\/div>\n<div dir=\"auto\"><\/div>\n<div dir=\"auto\">@fundaciorecerca<\/div>\n<div dir=\"auto\"><\/div>\n<div dir=\"auto\"><\/div>\n<div dir=\"auto\"><\/div>\n<div dir=\"auto\"><\/div>\n<div dir=\"auto\"><\/div>\n<p><a href=\"https:\/\/agora.xtec.cat\/iespauclaris\/wp-content\/uploads\/usu835\/2024\/11\/IMG_3379-1-scaled.jpg\"><img loading=\"lazy\" decoding=\"async\" class=\"wp-image-5964 aligncenter\" src=\"https:\/\/agora.xtec.cat\/iespauclaris\/wp-content\/uploads\/usu835\/2024\/11\/IMG_3379-1-scaled.jpg\" alt=\"\" width=\"732\" height=\"461\" srcset=\"https:\/\/agora.xtec.cat\/iespauclaris\/wp-content\/uploads\/usu835\/2024\/11\/IMG_3379-1-scaled.jpg 2560w, https:\/\/agora.xtec.cat\/iespauclaris\/wp-content\/uploads\/usu835\/2024\/11\/IMG_3379-1-300x189.jpg 300w, https:\/\/agora.xtec.cat\/iespauclaris\/wp-content\/uploads\/usu835\/2024\/11\/IMG_3379-1-1024x645.jpg 1024w, https:\/\/agora.xtec.cat\/iespauclaris\/wp-content\/uploads\/usu835\/2024\/11\/IMG_3379-1-768x483.jpg 768w, https:\/\/agora.xtec.cat\/iespauclaris\/wp-content\/uploads\/usu835\/2024\/11\/IMG_3379-1-1536x967.jpg 1536w, https:\/\/agora.xtec.cat\/iespauclaris\/wp-content\/uploads\/usu835\/2024\/11\/IMG_3379-1-2048x1289.jpg 2048w\" sizes=\"auto, (max-width: 732px) 100vw, 732px\" \/><\/a><\/p>\n<div dir=\"auto\"><\/div>\n<div dir=\"auto\">\n<table style=\"border-collapse: collapse; width: 100%;\">\n<tbody>\n<tr>\n<td style=\"width: 50%;\"><a href=\"https:\/\/agora.xtec.cat\/iespauclaris\/wp-content\/uploads\/usu835\/2024\/11\/IMG_3381-scaled.jpeg\"><img loading=\"lazy\" decoding=\"async\" class=\"aligncenter size-full wp-image-5960\" src=\"https:\/\/agora.xtec.cat\/iespauclaris\/wp-content\/uploads\/usu835\/2024\/11\/IMG_3381-scaled.jpeg\" alt=\"\" width=\"2560\" height=\"1920\" srcset=\"https:\/\/agora.xtec.cat\/iespauclaris\/wp-content\/uploads\/usu835\/2024\/11\/IMG_3381-scaled.jpeg 2560w, https:\/\/agora.xtec.cat\/iespauclaris\/wp-content\/uploads\/usu835\/2024\/11\/IMG_3381-300x225.jpeg 300w, https:\/\/agora.xtec.cat\/iespauclaris\/wp-content\/uploads\/usu835\/2024\/11\/IMG_3381-1024x768.jpeg 1024w, https:\/\/agora.xtec.cat\/iespauclaris\/wp-content\/uploads\/usu835\/2024\/11\/IMG_3381-768x576.jpeg 768w, https:\/\/agora.xtec.cat\/iespauclaris\/wp-content\/uploads\/usu835\/2024\/11\/IMG_3381-1536x1152.jpeg 1536w, https:\/\/agora.xtec.cat\/iespauclaris\/wp-content\/uploads\/usu835\/2024\/11\/IMG_3381-2048x1536.jpeg 2048w, https:\/\/agora.xtec.cat\/iespauclaris\/wp-content\/uploads\/usu835\/2024\/11\/IMG_3381-200x150.jpeg 200w\" sizes=\"auto, (max-width: 2560px) 100vw, 2560px\" \/><\/a><\/td>\n<td style=\"width: 50%;\"><a href=\"https:\/\/agora.xtec.cat\/iespauclaris\/wp-content\/uploads\/usu835\/2024\/11\/IMG_3380-1-scaled.jpeg\"><img loading=\"lazy\" decoding=\"async\" class=\"aligncenter size-full wp-image-5961\" src=\"https:\/\/agora.xtec.cat\/iespauclaris\/wp-content\/uploads\/usu835\/2024\/11\/IMG_3380-1-scaled.jpeg\" alt=\"\" width=\"2560\" height=\"1920\" srcset=\"https:\/\/agora.xtec.cat\/iespauclaris\/wp-content\/uploads\/usu835\/2024\/11\/IMG_3380-1-scaled.jpeg 2560w, https:\/\/agora.xtec.cat\/iespauclaris\/wp-content\/uploads\/usu835\/2024\/11\/IMG_3380-1-300x225.jpeg 300w, https:\/\/agora.xtec.cat\/iespauclaris\/wp-content\/uploads\/usu835\/2024\/11\/IMG_3380-1-1024x768.jpeg 1024w, https:\/\/agora.xtec.cat\/iespauclaris\/wp-content\/uploads\/usu835\/2024\/11\/IMG_3380-1-768x576.jpeg 768w, https:\/\/agora.xtec.cat\/iespauclaris\/wp-content\/uploads\/usu835\/2024\/11\/IMG_3380-1-1536x1152.jpeg 1536w, https:\/\/agora.xtec.cat\/iespauclaris\/wp-content\/uploads\/usu835\/2024\/11\/IMG_3380-1-2048x1536.jpeg 2048w, https:\/\/agora.xtec.cat\/iespauclaris\/wp-content\/uploads\/usu835\/2024\/11\/IMG_3380-1-200x150.jpeg 200w\" sizes=\"auto, (max-width: 2560px) 100vw, 2560px\" \/><\/a><\/td>\n<\/tr>\n<tr>\n<td style=\"width: 50%;\"><a href=\"https:\/\/agora.xtec.cat\/iespauclaris\/wp-content\/uploads\/usu835\/2024\/11\/339c0d2a-1216-4ca7-9a4a-f0306dfb55a0.jpeg\"><img loading=\"lazy\" decoding=\"async\" class=\"aligncenter wp-image-5959\" src=\"https:\/\/agora.xtec.cat\/iespauclaris\/wp-content\/uploads\/usu835\/2024\/11\/339c0d2a-1216-4ca7-9a4a-f0306dfb55a0.jpeg\" alt=\"\" width=\"658\" height=\"494\" srcset=\"https:\/\/agora.xtec.cat\/iespauclaris\/wp-content\/uploads\/usu835\/2024\/11\/339c0d2a-1216-4ca7-9a4a-f0306dfb55a0.jpeg 2000w, https:\/\/agora.xtec.cat\/iespauclaris\/wp-content\/uploads\/usu835\/2024\/11\/339c0d2a-1216-4ca7-9a4a-f0306dfb55a0-300x225.jpeg 300w, https:\/\/agora.xtec.cat\/iespauclaris\/wp-content\/uploads\/usu835\/2024\/11\/339c0d2a-1216-4ca7-9a4a-f0306dfb55a0-1024x768.jpeg 1024w, https:\/\/agora.xtec.cat\/iespauclaris\/wp-content\/uploads\/usu835\/2024\/11\/339c0d2a-1216-4ca7-9a4a-f0306dfb55a0-768x576.jpeg 768w, https:\/\/agora.xtec.cat\/iespauclaris\/wp-content\/uploads\/usu835\/2024\/11\/339c0d2a-1216-4ca7-9a4a-f0306dfb55a0-1536x1152.jpeg 1536w, https:\/\/agora.xtec.cat\/iespauclaris\/wp-content\/uploads\/usu835\/2024\/11\/339c0d2a-1216-4ca7-9a4a-f0306dfb55a0-200x150.jpeg 200w\" sizes=\"auto, (max-width: 658px) 100vw, 658px\" \/><\/a><\/td>\n<td style=\"width: 50%;\"><img decoding=\"async\" src=\"https:\/\/agora.xtec.cat\/iespauclaris\/wp-content\/uploads\/usu835\/2024\/11\/a4c92d5a-29df-47a3-896d-47ad63c9256d.jpeg\" \/><\/td>\n<\/tr>\n<\/tbody>\n<\/table>\n<\/div>\n","protected":false},"excerpt":{"rendered":"<p>Aquest passat dilluns, dia 18 ens van visitar 4 cient\u00edfics experts en intel\u00b7lig\u00e8ncia artificial (IA) per fer 4 xerrades simult\u00e0nies a alumnes de 3r d&#8217;ESO repartits en 4 grups. Aquestes xerrades formen part de la nostra participaci\u00f3 en el Projecte &#8220;Joves, Ci\u00e8ncia i \u00c8tica&#8221; de&hellip;  <a href=\"https:\/\/agora.xtec.cat\/iespauclaris\/general\/migress-aterra-al-claris\/\" title=\"Read Joves, Ci\u00e8ncia i \u00c8tica\">Llegeix m\u00e9s\u00bb<\/a><\/p>\n","protected":false},"author":1,"featured_media":5964,"comment_status":"closed","ping_status":"closed","sticky":false,"template":"","format":"standard","meta":{"_bbp_topic_count":0,"_bbp_reply_count":0,"_bbp_total_topic_count":0,"_bbp_total_reply_count":0,"_bbp_voice_count":0,"_bbp_anonymous_reply_count":0,"_bbp_topic_count_hidden":0,"_bbp_reply_count_hidden":0,"_bbp_forum_subforum_count":0,"footnotes":""},"categories":[19,20,1,29],"tags":[],"class_list":["post-5958","post","type-post","status-publish","format-standard","has-post-thumbnail","hentry","category-eso-3a","category-eso-3b","category-general","category-portada"],"post_mailing_queue_ids":[],"_links":{"self":[{"href":"https:\/\/agora.xtec.cat\/iespauclaris\/wp-json\/wp\/v2\/posts\/5958","targetHints":{"allow":["GET"]}}],"collection":[{"href":"https:\/\/agora.xtec.cat\/iespauclaris\/wp-json\/wp\/v2\/posts"}],"about":[{"href":"https:\/\/agora.xtec.cat\/iespauclaris\/wp-json\/wp\/v2\/types\/post"}],"author":[{"embeddable":true,"href":"https:\/\/agora.xtec.cat\/iespauclaris\/wp-json\/wp\/v2\/users\/1"}],"replies":[{"embeddable":true,"href":"https:\/\/agora.xtec.cat\/iespauclaris\/wp-json\/wp\/v2\/comments?post=5958"}],"version-history":[{"count":6,"href":"https:\/\/agora.xtec.cat\/iespauclaris\/wp-json\/wp\/v2\/posts\/5958\/revisions"}],"predecessor-version":[{"id":5989,"href":"https:\/\/agora.xtec.cat\/iespauclaris\/wp-json\/wp\/v2\/posts\/5958\/revisions\/5989"}],"wp:featuredmedia":[{"embeddable":true,"href":"https:\/\/agora.xtec.cat\/iespauclaris\/wp-json\/wp\/v2\/media\/5964"}],"wp:attachment":[{"href":"https:\/\/agora.xtec.cat\/iespauclaris\/wp-json\/wp\/v2\/media?parent=5958"}],"wp:term":[{"taxonomy":"category","embeddable":true,"href":"https:\/\/agora.xtec.cat\/iespauclaris\/wp-json\/wp\/v2\/categories?post=5958"},{"taxonomy":"post_tag","embeddable":true,"href":"https:\/\/agora.xtec.cat\/iespauclaris\/wp-json\/wp\/v2\/tags?post=5958"}],"curies":[{"name":"wp","href":"https:\/\/api.w.org\/{rel}","templated":true}]}}