{"id":5830,"date":"2024-10-28T10:10:52","date_gmt":"2024-10-28T09:10:52","guid":{"rendered":"https:\/\/agora.xtec.cat\/iespauclaris\/?p=5830"},"modified":"2024-10-28T10:12:41","modified_gmt":"2024-10-28T09:12:41","slug":"investigacio-del-projecte-antartida","status":"publish","type":"post","link":"https:\/\/agora.xtec.cat\/iespauclaris\/eso\/eso-2\/investigacio-del-projecte-antartida\/","title":{"rendered":"Investigaci\u00f3 del projecte ANT\u00c0RTIDA"},"content":{"rendered":"<p>Els i les alumnes de 2n d&#8217;ESO estudiant l&#8217;Ant\u00e0rtida pel Projecte\u00a0<a href=\"https:\/\/www.recercaenaccio.cat\/ra-aventures-cientifiques\/expedicions\/investiguem-la-neu-i-el-gel-al-cor-de-lantartida\/\" target=\"_blank\" rel=\"noopener\" data-saferedirecturl=\"https:\/\/www.google.com\/url?q=https:\/\/www.recercaenaccio.cat\/ra-aventures-cientifiques\/expedicions\/investiguem-la-neu-i-el-gel-al-cor-de-lantartida\/&amp;source=gmail&amp;ust=1729931720423000&amp;usg=AOvVaw0rfnow3G36uA3K_EtHS701\">Investiguem la neu i el gel al cor de l&#8217;Ant\u00e0rtida<\/a> de la Fundaci\u00f3 Catalana per la Recerca. Un projecte que ens donar\u00e0 la possibilitat de con\u00e8ixer i intercanviar comunicacions directament amb un dels investigadors que est\u00e0 treballant sobre el terreny, el Sergi Gonz\u00e1lez, de l\u2019Institut per a la Recerca de la Neu i les Allaus (SLF) de Davos, Su\u00efssa, que est\u00e0 investigant des de la base Princess Elizabeth.<\/p>\n<p style=\"text-align: left;\"><a class=\"x1i10hfl xjbqb8w x1ejq31n xd10rxx x1sy0etr x17r0tee x972fbf xcfux6l x1qhh985 xm0m39n x9f619 x1ypdohk xt0psk2 xe8uvvx xdj266r x11i5rnm xat24cr x1mh8g0r xexx8yu x4uap5 x18d9i69 xkhd6sd x16tdsg8 x1hl2dhg xggy1nq x1a2a7pz notranslate _a6hd\" tabindex=\"0\" role=\"link\" href=\"https:\/\/www.instagram.com\/probleu.schools\/\">@probleu.schools <\/a> <a class=\"x1i10hfl xjbqb8w x1ejq31n xd10rxx x1sy0etr x17r0tee x972fbf xcfux6l x1qhh985 xm0m39n x9f619 x1ypdohk xt0psk2 xe8uvvx xdj266r x11i5rnm xat24cr x1mh8g0r xexx8yu x4uap5 x18d9i69 xkhd6sd x16tdsg8 x1hl2dhg xggy1nq x1a2a7pz notranslate _a6hd\" tabindex=\"0\" role=\"link\" href=\"https:\/\/www.instagram.com\/fundaciorecerca\/\">@fundaciorecerca <\/a> <a class=\"x1i10hfl xjbqb8w x1ejq31n xd10rxx x1sy0etr x17r0tee x972fbf xcfux6l x1qhh985 xm0m39n x9f619 x1ypdohk xt0psk2 xe8uvvx xdj266r x11i5rnm xat24cr x1mh8g0r xexx8yu x4uap5 x18d9i69 xkhd6sd x16tdsg8 x1hl2dhg xggy1nq x1a2a7pz notranslate _a6hd\" tabindex=\"0\" role=\"link\" href=\"https:\/\/www.instagram.com\/erasmuspluseurope\/\">@erasmuspluseurope <\/a> <a href=\"https:\/\/www.instagram.com\/icm.csic\/\" rel=\"external\">@icm.csic <\/a><\/p>\n<div>\n<table style=\"border-collapse: collapse; width: 84.554%; height: 331px;\">\n<tbody>\n<tr style=\"height: 345px;\">\n<td style=\"width: 50%; height: 345px;\"><img decoding=\"async\" src=\"https:\/\/agora.xtec.cat\/iespauclaris\/wp-content\/uploads\/usu835\/2024\/10\/IMG_20241024_103034-1024x496.jpg\" \/><\/td>\n<td style=\"width: 50%; height: 345px;\"><img decoding=\"async\" src=\"https:\/\/agora.xtec.cat\/iespauclaris\/wp-content\/uploads\/usu835\/2024\/10\/IMG_20241024_103027-1024x496.jpg\" \/><\/td>\n<\/tr>\n<\/tbody>\n<\/table>\n<table style=\"border-collapse: collapse; width: 84.9166%; height: 303px;\">\n<tbody>\n<tr>\n<td style=\"width: 50%;\"><img loading=\"lazy\" decoding=\"async\" class=\"\" src=\"https:\/\/agora.xtec.cat\/iespauclaris\/wp-content\/uploads\/usu835\/2024\/10\/IMG_20241024_103021-1-1-1024x496.jpg\" width=\"580\" height=\"281\" \/><\/td>\n<td style=\"width: 50%;\"><img decoding=\"async\" src=\"https:\/\/agora.xtec.cat\/iespauclaris\/wp-content\/uploads\/usu835\/2024\/10\/IMG_20241024_102051-1024x496.jpg\" \/><\/td>\n<\/tr>\n<\/tbody>\n<\/table>\n<\/div>\n","protected":false},"excerpt":{"rendered":"<p>Els i les alumnes de 2n d&#8217;ESO estudiant l&#8217;Ant\u00e0rtida pel Projecte\u00a0<a href=\"https:\/\/www.recercaenaccio.cat\/ra-aventures-cientifiques\/expedicions\/investiguem-la-neu-i-el-gel-al-cor-de-lantartida\/\" target=\"_blank\" rel=\"noopener\" data-saferedirecturl=\"https:\/\/www.google.com\/url?q=https:\/\/www.recercaenaccio.cat\/ra-aventures-cientifiques\/expedicions\/investiguem-la-neu-i-el-gel-al-cor-de-lantartida\/&amp;source=gmail&amp;ust=1729931720423000&amp;usg=AOvVaw0rfnow3G36uA3K_EtHS701\">Investiguem la neu i el gel al cor de l&#8217;Ant\u00e0rtida<\/a> de la Fundaci\u00f3 Catalana per la Recerca. Un projecte que ens donar\u00e0 la possibilitat de con\u00e8ixer i intercanviar comunicacions directament amb&hellip;  <a href=\"https:\/\/agora.xtec.cat\/iespauclaris\/eso\/eso-2\/investigacio-del-projecte-antartida\/\" title=\"Read Investigaci\u00f3 del projecte ANT\u00c0RTIDA\">Llegeix m\u00e9s\u00bb<\/a><\/p>\n","protected":false},"author":1,"featured_media":5845,"comment_status":"closed","ping_status":"closed","sticky":false,"template":"","format":"standard","meta":{"_bbp_topic_count":0,"_bbp_reply_count":0,"_bbp_total_topic_count":0,"_bbp_total_reply_count":0,"_bbp_voice_count":0,"_bbp_anonymous_reply_count":0,"_bbp_topic_count_hidden":0,"_bbp_reply_count_hidden":0,"_bbp_forum_subforum_count":0,"footnotes":""},"categories":[119,136,5,29,132],"tags":[],"class_list":["post-5830","post","type-post","status-publish","format-standard","has-post-thumbnail","hentry","category-eramus","category-escolessostenibles","category-eso-2","category-portada","category-probleu"],"post_mailing_queue_ids":[],"_links":{"self":[{"href":"https:\/\/agora.xtec.cat\/iespauclaris\/wp-json\/wp\/v2\/posts\/5830","targetHints":{"allow":["GET"]}}],"collection":[{"href":"https:\/\/agora.xtec.cat\/iespauclaris\/wp-json\/wp\/v2\/posts"}],"about":[{"href":"https:\/\/agora.xtec.cat\/iespauclaris\/wp-json\/wp\/v2\/types\/post"}],"author":[{"embeddable":true,"href":"https:\/\/agora.xtec.cat\/iespauclaris\/wp-json\/wp\/v2\/users\/1"}],"replies":[{"embeddable":true,"href":"https:\/\/agora.xtec.cat\/iespauclaris\/wp-json\/wp\/v2\/comments?post=5830"}],"version-history":[{"count":6,"href":"https:\/\/agora.xtec.cat\/iespauclaris\/wp-json\/wp\/v2\/posts\/5830\/revisions"}],"predecessor-version":[{"id":5870,"href":"https:\/\/agora.xtec.cat\/iespauclaris\/wp-json\/wp\/v2\/posts\/5830\/revisions\/5870"}],"wp:featuredmedia":[{"embeddable":true,"href":"https:\/\/agora.xtec.cat\/iespauclaris\/wp-json\/wp\/v2\/media\/5845"}],"wp:attachment":[{"href":"https:\/\/agora.xtec.cat\/iespauclaris\/wp-json\/wp\/v2\/media?parent=5830"}],"wp:term":[{"taxonomy":"category","embeddable":true,"href":"https:\/\/agora.xtec.cat\/iespauclaris\/wp-json\/wp\/v2\/categories?post=5830"},{"taxonomy":"post_tag","embeddable":true,"href":"https:\/\/agora.xtec.cat\/iespauclaris\/wp-json\/wp\/v2\/tags?post=5830"}],"curies":[{"name":"wp","href":"https:\/\/api.w.org\/{rel}","templated":true}]}}