{"id":5820,"date":"2024-10-25T11:28:01","date_gmt":"2024-10-25T09:28:01","guid":{"rendered":"https:\/\/agora.xtec.cat\/iespauclaris\/?p=5820"},"modified":"2024-10-25T12:49:50","modified_gmt":"2024-10-25T10:49:50","slug":"indagant-els-ecosistemes-aquatics","status":"publish","type":"post","link":"https:\/\/agora.xtec.cat\/iespauclaris\/portada\/indagant-els-ecosistemes-aquatics\/","title":{"rendered":"Indagant els ecosistemes aqu\u00e0tics!"},"content":{"rendered":"<p>L&#8217;alumnat de la comissi\u00f3 ProBleu est\u00e0 tenint un paper actiu en la recerca i creaci\u00f3 d&#8217;articles sobre els oceans i els ecosistemes aqu\u00e0tics. A trav\u00e9s d&#8217;aquesta iniciativa, estem aprenent a utilitzar diferents recursos i eines educatives per aprofundir en el coneixement d&#8217;aquests h\u00e0bitats vitals.<\/p>\n<p>El projecte establert des del <a href=\"https:\/\/sites.google.com\/iespauclaris.org\/programaproblue\/p%C3%A0gina-principal\" target=\"_blank\" rel=\"noopener\" data-saferedirecturl=\"https:\/\/www.google.com\/url?q=https:\/\/sites.google.com\/iespauclaris.org\/programaproblue\/p%25C3%25A0gina-principal&amp;source=gmail&amp;ust=1728918077627000&amp;usg=AOvVaw0hIF_N105pMOkizhFGB3u4\">Programa europeu ProBleu <\/a>els ha guiat en aquest proc\u00e9s, ajudant-los a explorar i comprendre millor la import\u00e0ncia de preservar aquests ecosistemes, clau per a la biodiversitat i el futur del nostre planeta.<\/p>\n<p><a class=\"x1i10hfl xjbqb8w x1ejq31n xd10rxx x1sy0etr x17r0tee x972fbf xcfux6l x1qhh985 xm0m39n x9f619 x1ypdohk xt0psk2 xe8uvvx xdj266r x11i5rnm xat24cr x1mh8g0r xexx8yu x4uap5 x18d9i69 xkhd6sd x16tdsg8 x1hl2dhg xggy1nq x1a2a7pz notranslate _a6hd\" tabindex=\"0\" role=\"link\" href=\"https:\/\/www.instagram.com\/probleu.schools\/\">@probleu.schools <\/a><a class=\"x1i10hfl xjbqb8w x1ejq31n xd10rxx x1sy0etr x17r0tee x972fbf xcfux6l x1qhh985 xm0m39n x9f619 x1ypdohk xt0psk2 xe8uvvx xdj266r x11i5rnm xat24cr x1mh8g0r xexx8yu x4uap5 x18d9i69 xkhd6sd x16tdsg8 x1hl2dhg xggy1nq x1a2a7pz notranslate _a6hd\" tabindex=\"0\" role=\"link\" href=\"https:\/\/www.instagram.com\/fundaciorecerca\/\">@fundaciorecerca <\/a><a class=\"x1i10hfl xjbqb8w x1ejq31n xd10rxx x1sy0etr x17r0tee x972fbf xcfux6l x1qhh985 xm0m39n x9f619 x1ypdohk xt0psk2 xe8uvvx xdj266r x11i5rnm xat24cr x1mh8g0r xexx8yu x4uap5 x18d9i69 xkhd6sd x16tdsg8 x1hl2dhg xggy1nq x1a2a7pz notranslate _a6hd\" tabindex=\"0\" role=\"link\" href=\"https:\/\/www.instagram.com\/erasmuspluseurope\/\">@erasmuspluseurope <\/a><a href=\"https:\/\/www.instagram.com\/icm.csic\/\" rel=\"external\">@icm.csic <\/a><\/p>\n<p>&nbsp;<\/p>\n<p><a href=\"https:\/\/agora.xtec.cat\/iespauclaris\/wp-content\/uploads\/usu835\/2024\/10\/IMG_20241023_105936-scaled-e1729846737812.jpg\"><img loading=\"lazy\" decoding=\"async\" class=\"wp-image-5821 alignleft\" src=\"https:\/\/agora.xtec.cat\/iespauclaris\/wp-content\/uploads\/usu835\/2024\/10\/IMG_20241023_105936-scaled-e1729763191580-1024x634.jpg\" alt=\"\" width=\"630\" height=\"390\" \/><\/a><\/p>\n<p>&nbsp;<\/p>\n<p>&nbsp;<\/p>\n<p>&nbsp;<\/p>\n<p>&nbsp;<\/p>\n<p>&nbsp;<\/p>\n<p>&nbsp;<\/p>\n<p>&nbsp;<\/p>\n<p>&nbsp;<\/p>\n<p>&nbsp;<\/p>\n<p><a href=\"https:\/\/agora.xtec.cat\/iespauclaris\/wp-content\/uploads\/usu835\/2024\/10\/IMG_20241023_105927-1.jpg\"><img loading=\"lazy\" decoding=\"async\" class=\" wp-image-5825 alignleft\" src=\"https:\/\/agora.xtec.cat\/iespauclaris\/wp-content\/uploads\/usu835\/2024\/10\/IMG_20241023_105927-1-1024x557.jpg\" alt=\"\" width=\"632\" height=\"344\" srcset=\"https:\/\/agora.xtec.cat\/iespauclaris\/wp-content\/uploads\/usu835\/2024\/10\/IMG_20241023_105927-1-1024x557.jpg 1024w, https:\/\/agora.xtec.cat\/iespauclaris\/wp-content\/uploads\/usu835\/2024\/10\/IMG_20241023_105927-1-300x163.jpg 300w, https:\/\/agora.xtec.cat\/iespauclaris\/wp-content\/uploads\/usu835\/2024\/10\/IMG_20241023_105927-1-768x418.jpg 768w, https:\/\/agora.xtec.cat\/iespauclaris\/wp-content\/uploads\/usu835\/2024\/10\/IMG_20241023_105927-1-1536x836.jpg 1536w, https:\/\/agora.xtec.cat\/iespauclaris\/wp-content\/uploads\/usu835\/2024\/10\/IMG_20241023_105927-1-2048x1114.jpg 2048w\" sizes=\"auto, (max-width: 632px) 100vw, 632px\" \/><\/a><\/p>\n","protected":false},"excerpt":{"rendered":"<p>L&#8217;alumnat de la comissi\u00f3 ProBleu est\u00e0 tenint un paper actiu en la recerca i creaci\u00f3 d&#8217;articles sobre els oceans i els ecosistemes aqu\u00e0tics. A trav\u00e9s d&#8217;aquesta iniciativa, estem aprenent a utilitzar diferents recursos i eines educatives per aprofundir en el coneixement d&#8217;aquests h\u00e0bitats vitals.<br \/>\nEl projecte&hellip;  <a href=\"https:\/\/agora.xtec.cat\/iespauclaris\/portada\/indagant-els-ecosistemes-aquatics\/\" title=\"Read Indagant els ecosistemes aqu\u00e0tics!\">Llegeix m\u00e9s\u00bb<\/a><\/p>\n","protected":false},"author":1,"featured_media":5821,"comment_status":"closed","ping_status":"closed","sticky":false,"template":"","format":"standard","meta":{"_bbp_topic_count":0,"_bbp_reply_count":0,"_bbp_total_topic_count":0,"_bbp_total_reply_count":0,"_bbp_voice_count":0,"_bbp_anonymous_reply_count":0,"_bbp_topic_count_hidden":0,"_bbp_reply_count_hidden":0,"_bbp_forum_subforum_count":0,"footnotes":""},"categories":[119,136,29,132],"tags":[],"class_list":["post-5820","post","type-post","status-publish","format-standard","has-post-thumbnail","hentry","category-eramus","category-escolessostenibles","category-portada","category-probleu"],"post_mailing_queue_ids":[],"_links":{"self":[{"href":"https:\/\/agora.xtec.cat\/iespauclaris\/wp-json\/wp\/v2\/posts\/5820","targetHints":{"allow":["GET"]}}],"collection":[{"href":"https:\/\/agora.xtec.cat\/iespauclaris\/wp-json\/wp\/v2\/posts"}],"about":[{"href":"https:\/\/agora.xtec.cat\/iespauclaris\/wp-json\/wp\/v2\/types\/post"}],"author":[{"embeddable":true,"href":"https:\/\/agora.xtec.cat\/iespauclaris\/wp-json\/wp\/v2\/users\/1"}],"replies":[{"embeddable":true,"href":"https:\/\/agora.xtec.cat\/iespauclaris\/wp-json\/wp\/v2\/comments?post=5820"}],"version-history":[{"count":6,"href":"https:\/\/agora.xtec.cat\/iespauclaris\/wp-json\/wp\/v2\/posts\/5820\/revisions"}],"predecessor-version":[{"id":5834,"href":"https:\/\/agora.xtec.cat\/iespauclaris\/wp-json\/wp\/v2\/posts\/5820\/revisions\/5834"}],"wp:featuredmedia":[{"embeddable":true,"href":"https:\/\/agora.xtec.cat\/iespauclaris\/wp-json\/wp\/v2\/media\/5821"}],"wp:attachment":[{"href":"https:\/\/agora.xtec.cat\/iespauclaris\/wp-json\/wp\/v2\/media?parent=5820"}],"wp:term":[{"taxonomy":"category","embeddable":true,"href":"https:\/\/agora.xtec.cat\/iespauclaris\/wp-json\/wp\/v2\/categories?post=5820"},{"taxonomy":"post_tag","embeddable":true,"href":"https:\/\/agora.xtec.cat\/iespauclaris\/wp-json\/wp\/v2\/tags?post=5820"}],"curies":[{"name":"wp","href":"https:\/\/api.w.org\/{rel}","templated":true}]}}