{"id":5813,"date":"2024-10-22T10:28:46","date_gmt":"2024-10-22T08:28:46","guid":{"rendered":"https:\/\/agora.xtec.cat\/iespauclaris\/?p=5813"},"modified":"2024-10-26T23:20:43","modified_gmt":"2024-10-26T21:20:43","slug":"3r-deso-al-museu-maritim-prova","status":"publish","type":"post","link":"https:\/\/agora.xtec.cat\/iespauclaris\/eso\/eso-3\/3r-deso-al-museu-maritim-prova\/","title":{"rendered":"3r d&#8217;ESO al museu mar\u00edtim!"},"content":{"rendered":"<p>L&#8217;alumnat de 3r d&#8217;ESO va visitar aquest passat divendres el museu mar\u00edtim de Barcelona. L&#8217;objectiu era observar <em>in situ<\/em> maquetes i reproduccions a mida real de la classe de vaixells i instruments de navegaci\u00f3 que van possibilitar els grans descobriments a l&#8217;inici de l&#8217;Edat Moderna i que hem estat treballant aquest inici de curs a classe.<\/p>\n<p><a href=\"https:\/\/agora.xtec.cat\/iespauclaris\/wp-content\/uploads\/usu835\/2024\/10\/1729847753105.jpg\"><img loading=\"lazy\" decoding=\"async\" class=\"size-thumbnail wp-image-5840 alignleft\" src=\"https:\/\/agora.xtec.cat\/iespauclaris\/wp-content\/uploads\/usu835\/2024\/10\/1729847753105-150x150.jpg\" alt=\"\" width=\"150\" height=\"150\" \/><\/a> <a href=\"https:\/\/agora.xtec.cat\/iespauclaris\/wp-content\/uploads\/usu835\/2024\/10\/1729847753119.jpg\"><img loading=\"lazy\" decoding=\"async\" class=\"size-thumbnail wp-image-5841 alignleft\" src=\"https:\/\/agora.xtec.cat\/iespauclaris\/wp-content\/uploads\/usu835\/2024\/10\/1729847753119-150x150.jpg\" alt=\"\" width=\"150\" height=\"150\" \/><\/a> <a href=\"https:\/\/agora.xtec.cat\/iespauclaris\/wp-content\/uploads\/usu835\/2024\/10\/1729847753136.jpg\"><img loading=\"lazy\" decoding=\"async\" class=\"size-thumbnail wp-image-5842 alignleft\" src=\"https:\/\/agora.xtec.cat\/iespauclaris\/wp-content\/uploads\/usu835\/2024\/10\/1729847753136-150x150.jpg\" alt=\"\" width=\"150\" height=\"150\" \/><\/a><\/p>\n<p>&nbsp;<\/p>\n<p>&nbsp;<\/p>\n<p>&nbsp;<\/p>\n<p>&nbsp;<\/p>\n<p>Tamb\u00e9 van poder veure, en la pr\u00e0ctica, com l&#8217;observaci\u00f3 del cel i dels astres possibilitava orientar-se al segle XV.<\/p>\n","protected":false},"excerpt":{"rendered":"<p>L&#8217;alumnat de 3r d&#8217;ESO va visitar aquest passat divendres el museu mar\u00edtim de Barcelona. L&#8217;objectiu era observar in situ maquetes i reproduccions a mida real de la classe de vaixells i instruments de navegaci\u00f3 que van possibilitar els grans descobriments a l&#8217;inici de l&#8217;Edat Moderna&hellip;  <a href=\"https:\/\/agora.xtec.cat\/iespauclaris\/eso\/eso-3\/3r-deso-al-museu-maritim-prova\/\" title=\"Read 3r d&#8217;ESO al museu mar\u00edtim!\">Llegeix m\u00e9s\u00bb<\/a><\/p>\n","protected":false},"author":1,"featured_media":5854,"comment_status":"closed","ping_status":"closed","sticky":false,"template":"","format":"standard","meta":{"_bbp_topic_count":0,"_bbp_reply_count":0,"_bbp_total_topic_count":0,"_bbp_total_reply_count":0,"_bbp_voice_count":0,"_bbp_anonymous_reply_count":0,"_bbp_topic_count_hidden":0,"_bbp_reply_count_hidden":0,"_bbp_forum_subforum_count":0,"footnotes":""},"categories":[6,29,132],"tags":[127,130],"class_list":["post-5813","post","type-post","status-publish","format-standard","has-post-thumbnail","hentry","category-eso-3","category-portada","category-probleu","tag-escola-blava","tag-probleu"],"post_mailing_queue_ids":[],"_links":{"self":[{"href":"https:\/\/agora.xtec.cat\/iespauclaris\/wp-json\/wp\/v2\/posts\/5813","targetHints":{"allow":["GET"]}}],"collection":[{"href":"https:\/\/agora.xtec.cat\/iespauclaris\/wp-json\/wp\/v2\/posts"}],"about":[{"href":"https:\/\/agora.xtec.cat\/iespauclaris\/wp-json\/wp\/v2\/types\/post"}],"author":[{"embeddable":true,"href":"https:\/\/agora.xtec.cat\/iespauclaris\/wp-json\/wp\/v2\/users\/1"}],"replies":[{"embeddable":true,"href":"https:\/\/agora.xtec.cat\/iespauclaris\/wp-json\/wp\/v2\/comments?post=5813"}],"version-history":[{"count":4,"href":"https:\/\/agora.xtec.cat\/iespauclaris\/wp-json\/wp\/v2\/posts\/5813\/revisions"}],"predecessor-version":[{"id":5855,"href":"https:\/\/agora.xtec.cat\/iespauclaris\/wp-json\/wp\/v2\/posts\/5813\/revisions\/5855"}],"wp:featuredmedia":[{"embeddable":true,"href":"https:\/\/agora.xtec.cat\/iespauclaris\/wp-json\/wp\/v2\/media\/5854"}],"wp:attachment":[{"href":"https:\/\/agora.xtec.cat\/iespauclaris\/wp-json\/wp\/v2\/media?parent=5813"}],"wp:term":[{"taxonomy":"category","embeddable":true,"href":"https:\/\/agora.xtec.cat\/iespauclaris\/wp-json\/wp\/v2\/categories?post=5813"},{"taxonomy":"post_tag","embeddable":true,"href":"https:\/\/agora.xtec.cat\/iespauclaris\/wp-json\/wp\/v2\/tags?post=5813"}],"curies":[{"name":"wp","href":"https:\/\/api.w.org\/{rel}","templated":true}]}}