{"id":5743,"date":"2024-10-01T20:00:29","date_gmt":"2024-10-01T18:00:29","guid":{"rendered":"https:\/\/agora.xtec.cat\/iespauclaris\/?p=5743"},"modified":"2024-10-01T20:00:29","modified_gmt":"2024-10-01T18:00:29","slug":"mobilitat-erasmus-4t-deso","status":"publish","type":"post","link":"https:\/\/agora.xtec.cat\/iespauclaris\/portada\/mobilitat-erasmus-4t-deso\/","title":{"rendered":"Mobilitat Erasmus+ 4t d&#8217;ESO"},"content":{"rendered":"<p>L&#8217;alumnat de l&#8217;Erasmus+ de 4t d&#8217;ESO ha arribat a M\u00fanic i han anat al centre educatiu d&#8217;acollida <a href=\"https:\/\/www.google.es\/maps\/place\/Gymnasium+Dorfen\/@48.279298,12.1445753,706m\/data=!3m2!1e3!4b1!4m6!3m5!1s0x4775f62c66992c55:0xcbeefa7a7d451fa3!8m2!3d48.2792945!4d12.1471502!16s%2Fg%2F11f15gm7zh?hl=es&amp;entry=ttu&amp;g_ep=EgoyMDI0MDkyOS4wIKXMDSoASAFQAw%3D%3D\" target=\"_blank\" rel=\"noopener\"><span style=\"font-weight: 400;\">Gymnasium Dorfen<\/span><\/a> on els ha rebut el director i l&#8217;alumnat del centre. Un cop fet la recepci\u00f3, han tingut una xerrada <span style=\"font-weight: 400;\">sobre el tema \u201cEl canvi clim\u00e0tic i les seves conseq\u00fc\u00e8ncies, amb \u00e8mfasi en inundacions i sequeres\u201d (en angl\u00e8s).<\/span><\/p>\n<p><span style=\"font-weight: 400;\">Per la tarda, els estudiants entrevisten fam\u00edlies a <a href=\"https:\/\/www.google.es\/maps\/place\/84405+Dorfen-Oberdorfen,+Alemania\/@48.2732737,12.1149324,1412m\/data=!3m2!1e3!4b1!4m6!3m5!1s0x479e1d7a72845201:0xa1d25a67cbac580!8m2!3d48.2746557!4d12.1249421!16s%2Fg%2F1218d0yb?hl=es&amp;entry=ttu&amp;g_ep=EgoyMDI0MDkyOS4wIKXMDSoASAFQAw%3D%3D\" target=\"_blank\" rel=\"noopener\">Oberdorfen<\/a>, que van patir la dram\u00e0tica inundaci\u00f3 per pluges intenses del 2021 (en angl\u00e8s).<\/span><\/p>\n<p>Amb aquesta jornada, iniciem un conjunt d&#8217;activitats adre\u00e7ades a estudiar les conseq\u00fc\u00e8ncies del canvi clim\u00e0tic, la sequera i les pluges torrencials. A plantejar mesures per contrarestar-les, l&#8217;estudi de la contaminaci\u00f3 de l&#8217;aire i de l&#8217;aigua, mesurant par\u00e0metres de qualitat ens permetr\u00e0 comparar-los en els de Barcelona. Promovent la sostenibilitat, fent \u00e8mfasi en com lluitar amb l&#8217;impacte que provoquem els humans en les nostres accions.<\/p>\n<p>Per copsar-ho, estudiaran, <span style=\"font-weight: 400;\">les praderies d&#8217;<a href=\"https:\/\/www.google.es\/maps\/place\/84424+Isen,+Alemania\/@48.1876943,11.9812341,11313m\/data=!3m2!1e3!4b1!4m10!1m2!2m1!1sisen!3m6!1s0x479e02487d5b9dbf:0x41d25a4093793e0!8m2!3d48.2056508!4d12.0535383!15sCgRpc2VukgEIbG9jYWxpdHngAQA!16s%2Fm%2F02q32nq?hl=es&amp;entry=ttu&amp;g_ep=EgoyMDI0MDkyOS4wIKXMDSoASAFQAw%3D%3D\" target=\"_blank\" rel=\"noopener\">Isen<\/a>, estudi de la qualitat de l&#8217;aigua i la flora i la fauna de l&#8217;\u00e0rea.<\/span><\/p>\n<p>#Probleu #Erasmus+<\/p>\n<table style=\"border-collapse: collapse; width: 100%;\">\n<tbody>\n<tr>\n<td style=\"width: 33.3333%;\"><a href=\"https:\/\/agora.xtec.cat\/iespauclaris\/wp-content\/uploads\/usu835\/2024\/10\/IMG-20241001-WA0004.jpg\"><img loading=\"lazy\" decoding=\"async\" class=\"aligncenter size-medium wp-image-5745\" src=\"https:\/\/agora.xtec.cat\/iespauclaris\/wp-content\/uploads\/usu835\/2024\/10\/IMG-20241001-WA0004-300x169.jpg\" alt=\"\" width=\"300\" height=\"169\" srcset=\"https:\/\/agora.xtec.cat\/iespauclaris\/wp-content\/uploads\/usu835\/2024\/10\/IMG-20241001-WA0004-300x169.jpg 300w, https:\/\/agora.xtec.cat\/iespauclaris\/wp-content\/uploads\/usu835\/2024\/10\/IMG-20241001-WA0004-1024x577.jpg 1024w, https:\/\/agora.xtec.cat\/iespauclaris\/wp-content\/uploads\/usu835\/2024\/10\/IMG-20241001-WA0004-768x432.jpg 768w, https:\/\/agora.xtec.cat\/iespauclaris\/wp-content\/uploads\/usu835\/2024\/10\/IMG-20241001-WA0004-1536x865.jpg 1536w, https:\/\/agora.xtec.cat\/iespauclaris\/wp-content\/uploads\/usu835\/2024\/10\/IMG-20241001-WA0004.jpg 1600w\" sizes=\"auto, (max-width: 300px) 100vw, 300px\" \/><\/a><\/td>\n<td style=\"width: 33.3333%;\"><a href=\"https:\/\/agora.xtec.cat\/iespauclaris\/wp-content\/uploads\/usu835\/2024\/10\/IMG-20241001-WA0003.jpg\"><img loading=\"lazy\" decoding=\"async\" class=\"aligncenter size-medium wp-image-5746\" src=\"https:\/\/agora.xtec.cat\/iespauclaris\/wp-content\/uploads\/usu835\/2024\/10\/IMG-20241001-WA0003-300x169.jpg\" alt=\"\" width=\"300\" height=\"169\" srcset=\"https:\/\/agora.xtec.cat\/iespauclaris\/wp-content\/uploads\/usu835\/2024\/10\/IMG-20241001-WA0003-300x169.jpg 300w, https:\/\/agora.xtec.cat\/iespauclaris\/wp-content\/uploads\/usu835\/2024\/10\/IMG-20241001-WA0003-1024x577.jpg 1024w, https:\/\/agora.xtec.cat\/iespauclaris\/wp-content\/uploads\/usu835\/2024\/10\/IMG-20241001-WA0003-768x432.jpg 768w, https:\/\/agora.xtec.cat\/iespauclaris\/wp-content\/uploads\/usu835\/2024\/10\/IMG-20241001-WA0003-1536x865.jpg 1536w, https:\/\/agora.xtec.cat\/iespauclaris\/wp-content\/uploads\/usu835\/2024\/10\/IMG-20241001-WA0003.jpg 1600w\" sizes=\"auto, (max-width: 300px) 100vw, 300px\" \/><\/a><\/td>\n<td style=\"width: 33.3333%;\"><a href=\"https:\/\/agora.xtec.cat\/iespauclaris\/wp-content\/uploads\/usu835\/2024\/10\/IMG-20241001-WA0005.jpg\"><img loading=\"lazy\" decoding=\"async\" class=\"aligncenter size-medium wp-image-5747\" src=\"https:\/\/agora.xtec.cat\/iespauclaris\/wp-content\/uploads\/usu835\/2024\/10\/IMG-20241001-WA0005-300x169.jpg\" alt=\"\" width=\"300\" height=\"169\" srcset=\"https:\/\/agora.xtec.cat\/iespauclaris\/wp-content\/uploads\/usu835\/2024\/10\/IMG-20241001-WA0005-300x169.jpg 300w, https:\/\/agora.xtec.cat\/iespauclaris\/wp-content\/uploads\/usu835\/2024\/10\/IMG-20241001-WA0005-1024x576.jpg 1024w, https:\/\/agora.xtec.cat\/iespauclaris\/wp-content\/uploads\/usu835\/2024\/10\/IMG-20241001-WA0005-768x432.jpg 768w, https:\/\/agora.xtec.cat\/iespauclaris\/wp-content\/uploads\/usu835\/2024\/10\/IMG-20241001-WA0005-1536x864.jpg 1536w, https:\/\/agora.xtec.cat\/iespauclaris\/wp-content\/uploads\/usu835\/2024\/10\/IMG-20241001-WA0005.jpg 1600w\" sizes=\"auto, (max-width: 300px) 100vw, 300px\" \/><\/a><\/td>\n<\/tr>\n<tr>\n<td style=\"width: 33.3333%;\"><a href=\"https:\/\/agora.xtec.cat\/iespauclaris\/wp-content\/uploads\/usu835\/2024\/10\/IMG-20241001-WA0002.jpg\"><img loading=\"lazy\" decoding=\"async\" class=\"aligncenter size-medium wp-image-5748\" src=\"https:\/\/agora.xtec.cat\/iespauclaris\/wp-content\/uploads\/usu835\/2024\/10\/IMG-20241001-WA0002-300x169.jpg\" alt=\"\" width=\"300\" height=\"169\" srcset=\"https:\/\/agora.xtec.cat\/iespauclaris\/wp-content\/uploads\/usu835\/2024\/10\/IMG-20241001-WA0002-300x169.jpg 300w, https:\/\/agora.xtec.cat\/iespauclaris\/wp-content\/uploads\/usu835\/2024\/10\/IMG-20241001-WA0002-1024x576.jpg 1024w, https:\/\/agora.xtec.cat\/iespauclaris\/wp-content\/uploads\/usu835\/2024\/10\/IMG-20241001-WA0002-768x432.jpg 768w, https:\/\/agora.xtec.cat\/iespauclaris\/wp-content\/uploads\/usu835\/2024\/10\/IMG-20241001-WA0002-1536x864.jpg 1536w, https:\/\/agora.xtec.cat\/iespauclaris\/wp-content\/uploads\/usu835\/2024\/10\/IMG-20241001-WA0002.jpg 1600w\" sizes=\"auto, (max-width: 300px) 100vw, 300px\" \/><\/a><\/td>\n<td style=\"width: 33.3333%;\"><a href=\"https:\/\/agora.xtec.cat\/iespauclaris\/wp-content\/uploads\/usu835\/2024\/10\/IMG-20241001-WA0008.jpg\"><img loading=\"lazy\" decoding=\"async\" class=\"aligncenter size-medium wp-image-5749\" src=\"https:\/\/agora.xtec.cat\/iespauclaris\/wp-content\/uploads\/usu835\/2024\/10\/IMG-20241001-WA0008-300x169.jpg\" alt=\"\" width=\"300\" height=\"169\" srcset=\"https:\/\/agora.xtec.cat\/iespauclaris\/wp-content\/uploads\/usu835\/2024\/10\/IMG-20241001-WA0008-300x169.jpg 300w, https:\/\/agora.xtec.cat\/iespauclaris\/wp-content\/uploads\/usu835\/2024\/10\/IMG-20241001-WA0008-1024x576.jpg 1024w, https:\/\/agora.xtec.cat\/iespauclaris\/wp-content\/uploads\/usu835\/2024\/10\/IMG-20241001-WA0008-768x432.jpg 768w, https:\/\/agora.xtec.cat\/iespauclaris\/wp-content\/uploads\/usu835\/2024\/10\/IMG-20241001-WA0008-1536x864.jpg 1536w, https:\/\/agora.xtec.cat\/iespauclaris\/wp-content\/uploads\/usu835\/2024\/10\/IMG-20241001-WA0008.jpg 1599w\" sizes=\"auto, (max-width: 300px) 100vw, 300px\" \/><\/a><\/td>\n<td style=\"width: 33.3333%;\"><a href=\"https:\/\/agora.xtec.cat\/iespauclaris\/wp-content\/uploads\/usu835\/2024\/10\/IMG-20241001-WA0007.jpg\"><img loading=\"lazy\" decoding=\"async\" class=\"aligncenter size-medium wp-image-5750\" src=\"https:\/\/agora.xtec.cat\/iespauclaris\/wp-content\/uploads\/usu835\/2024\/10\/IMG-20241001-WA0007-300x224.jpg\" alt=\"\" width=\"300\" height=\"224\" srcset=\"https:\/\/agora.xtec.cat\/iespauclaris\/wp-content\/uploads\/usu835\/2024\/10\/IMG-20241001-WA0007-300x224.jpg 300w, https:\/\/agora.xtec.cat\/iespauclaris\/wp-content\/uploads\/usu835\/2024\/10\/IMG-20241001-WA0007-1024x765.jpg 1024w, https:\/\/agora.xtec.cat\/iespauclaris\/wp-content\/uploads\/usu835\/2024\/10\/IMG-20241001-WA0007-768x574.jpg 768w, https:\/\/agora.xtec.cat\/iespauclaris\/wp-content\/uploads\/usu835\/2024\/10\/IMG-20241001-WA0007-1536x1148.jpg 1536w, https:\/\/agora.xtec.cat\/iespauclaris\/wp-content\/uploads\/usu835\/2024\/10\/IMG-20241001-WA0007-200x150.jpg 200w, https:\/\/agora.xtec.cat\/iespauclaris\/wp-content\/uploads\/usu835\/2024\/10\/IMG-20241001-WA0007.jpg 1600w\" sizes=\"auto, (max-width: 300px) 100vw, 300px\" \/><\/a><\/td>\n<\/tr>\n<\/tbody>\n<\/table>\n","protected":false},"excerpt":{"rendered":"<p>L&#8217;alumnat de l&#8217;Erasmus+ de 4t d&#8217;ESO ha arribat a M\u00fanic i han anat al centre educatiu d&#8217;acollida <a href=\"https:\/\/www.google.es\/maps\/place\/Gymnasium+Dorfen\/@48.279298,12.1445753,706m\/data=!3m2!1e3!4b1!4m6!3m5!1s0x4775f62c66992c55:0xcbeefa7a7d451fa3!8m2!3d48.2792945!4d12.1471502!16s%2Fg%2F11f15gm7zh?hl=es&amp;entry=ttu&amp;g_ep=EgoyMDI0MDkyOS4wIKXMDSoASAFQAw%3D%3D\" target=\"_blank\" rel=\"noopener\">Gymnasium Dorfen<\/a> on els ha rebut el director i l&#8217;alumnat del centre. Un cop fet la recepci\u00f3, han tingut una xerrada sobre el tema \u201cEl&hellip;  <a href=\"https:\/\/agora.xtec.cat\/iespauclaris\/portada\/mobilitat-erasmus-4t-deso\/\" title=\"Read Mobilitat Erasmus+ 4t d&#8217;ESO\">Llegeix m\u00e9s\u00bb<\/a><\/p>\n","protected":false},"author":1,"featured_media":5744,"comment_status":"closed","ping_status":"closed","sticky":false,"template":"","format":"standard","meta":{"_bbp_topic_count":0,"_bbp_reply_count":0,"_bbp_total_topic_count":0,"_bbp_total_reply_count":0,"_bbp_voice_count":0,"_bbp_anonymous_reply_count":0,"_bbp_topic_count_hidden":0,"_bbp_reply_count_hidden":0,"_bbp_forum_subforum_count":0,"footnotes":""},"categories":[119,29,132],"tags":[112,120,130],"class_list":["post-5743","post","type-post","status-publish","format-standard","has-post-thumbnail","hentry","category-eramus","category-portada","category-probleu","tag-erasmusplus","tag-erasmus","tag-probleu"],"post_mailing_queue_ids":[],"_links":{"self":[{"href":"https:\/\/agora.xtec.cat\/iespauclaris\/wp-json\/wp\/v2\/posts\/5743","targetHints":{"allow":["GET"]}}],"collection":[{"href":"https:\/\/agora.xtec.cat\/iespauclaris\/wp-json\/wp\/v2\/posts"}],"about":[{"href":"https:\/\/agora.xtec.cat\/iespauclaris\/wp-json\/wp\/v2\/types\/post"}],"author":[{"embeddable":true,"href":"https:\/\/agora.xtec.cat\/iespauclaris\/wp-json\/wp\/v2\/users\/1"}],"replies":[{"embeddable":true,"href":"https:\/\/agora.xtec.cat\/iespauclaris\/wp-json\/wp\/v2\/comments?post=5743"}],"version-history":[{"count":1,"href":"https:\/\/agora.xtec.cat\/iespauclaris\/wp-json\/wp\/v2\/posts\/5743\/revisions"}],"predecessor-version":[{"id":5751,"href":"https:\/\/agora.xtec.cat\/iespauclaris\/wp-json\/wp\/v2\/posts\/5743\/revisions\/5751"}],"wp:featuredmedia":[{"embeddable":true,"href":"https:\/\/agora.xtec.cat\/iespauclaris\/wp-json\/wp\/v2\/media\/5744"}],"wp:attachment":[{"href":"https:\/\/agora.xtec.cat\/iespauclaris\/wp-json\/wp\/v2\/media?parent=5743"}],"wp:term":[{"taxonomy":"category","embeddable":true,"href":"https:\/\/agora.xtec.cat\/iespauclaris\/wp-json\/wp\/v2\/categories?post=5743"},{"taxonomy":"post_tag","embeddable":true,"href":"https:\/\/agora.xtec.cat\/iespauclaris\/wp-json\/wp\/v2\/tags?post=5743"}],"curies":[{"name":"wp","href":"https:\/\/api.w.org\/{rel}","templated":true}]}}