{"id":5732,"date":"2024-09-27T19:14:59","date_gmt":"2024-09-27T17:14:59","guid":{"rendered":"https:\/\/agora.xtec.cat\/iespauclaris\/?p=5732"},"modified":"2024-10-22T11:07:45","modified_gmt":"2024-10-22T09:07:45","slug":"sortida-fup-2neso-parc-de-lestacio-del-nord","status":"publish","type":"post","link":"https:\/\/agora.xtec.cat\/iespauclaris\/general\/sortida-fup-2neso-parc-de-lestacio-del-nord\/","title":{"rendered":"Sortida FUP 2nESO Parc de l&#8217;Estaci\u00f3 del Nord"},"content":{"rendered":"<div>L&#8217;alumnat de projectes FUP de 2n d&#8217;ESO hem fet una sortida al Parc de l&#8217;estaci\u00f3 del Nord en dos dies.<\/div>\n<div><\/div>\n<div>\n<p>A la\u00a0sortida<b>\u00a0<\/b>al parc<b>\u00a0<\/b>hem fet una gimcana que ha consistit a observar i\/o recollir una s\u00e8rie d&#8217;elements del parc:<\/p>\n<ul>\n<li>Hem recollit fulles de determinats arbres (biodiversitat)<\/li>\n<li>Hem situat en un mapa diferents elements esculturals del Parc<\/li>\n<li>Hem anotat els ocells que heu vist en el parc<\/li>\n<\/ul>\n<div><span style=\"color: #3c4043; font-family: Roboto, Arial, sans-serif;\">Pr\u00e8viament a la sortida hem fet una tasca de preparaci\u00f3 a l&#8217;aula per veure quins arbres, ocells i elements esculturals trobar\u00edem i hem fet un dibuix de&#8217;un\u00a0dels elements esculturals principals de &#8220;Land Art&#8221; del parc titulat\u00a0&#8220;Cel caigut&#8221;.\u00a0<\/span><\/div>\n<\/div>\n<div><span style=\"color: #3c4043; font-family: Roboto, Arial, sans-serif;\">\u00a0<\/span><\/div>\n<div><span style=\"color: #3c4043; font-family: Roboto, Arial, sans-serif;\">L&#8217;objectiu de la sortida ha estat practicar les din\u00e0miques de treball cooperatiu que aplicarem als pr\u00f2xims projectes FUP de 2n d&#8217;ESO.<\/span><\/div>\n<div><\/div>\n<div>\n<table style=\"border-collapse: collapse; width: 100%;\">\n<tbody>\n<tr>\n<td style=\"width: 33.3333%;\"><a href=\"https:\/\/agora.xtec.cat\/iespauclaris\/wp-content\/uploads\/usu835\/2024\/09\/IMG_20240926_103408.jpg\"><img loading=\"lazy\" decoding=\"async\" class=\"aligncenter size-medium wp-image-5734\" src=\"https:\/\/agora.xtec.cat\/iespauclaris\/wp-content\/uploads\/usu835\/2024\/09\/IMG_20240926_103408-300x145.jpg\" alt=\"\" width=\"300\" height=\"145\" srcset=\"https:\/\/agora.xtec.cat\/iespauclaris\/wp-content\/uploads\/usu835\/2024\/09\/IMG_20240926_103408-300x145.jpg 300w, https:\/\/agora.xtec.cat\/iespauclaris\/wp-content\/uploads\/usu835\/2024\/09\/IMG_20240926_103408-1024x495.jpg 1024w, https:\/\/agora.xtec.cat\/iespauclaris\/wp-content\/uploads\/usu835\/2024\/09\/IMG_20240926_103408-768x371.jpg 768w, https:\/\/agora.xtec.cat\/iespauclaris\/wp-content\/uploads\/usu835\/2024\/09\/IMG_20240926_103408.jpg 1200w\" sizes=\"auto, (max-width: 300px) 100vw, 300px\" \/><\/a><\/td>\n<td style=\"width: 33.3333%;\">\n<p><figure class=\"figure wp-caption aligncenter\"><a href=\"https:\/\/agora.xtec.cat\/iespauclaris\/wp-content\/uploads\/usu835\/2024\/09\/IMG_20240926_103439.jpg\"><img loading=\"lazy\" decoding=\"async\" class=\"size-medium wp-image-5735\" src=\"https:\/\/agora.xtec.cat\/iespauclaris\/wp-content\/uploads\/usu835\/2024\/09\/IMG_20240926_103439-300x145.jpg\" alt=\"\" width=\"300\" height=\"145\" srcset=\"https:\/\/agora.xtec.cat\/iespauclaris\/wp-content\/uploads\/usu835\/2024\/09\/IMG_20240926_103439-300x145.jpg 300w, https:\/\/agora.xtec.cat\/iespauclaris\/wp-content\/uploads\/usu835\/2024\/09\/IMG_20240926_103439-1024x495.jpg 1024w, https:\/\/agora.xtec.cat\/iespauclaris\/wp-content\/uploads\/usu835\/2024\/09\/IMG_20240926_103439-768x371.jpg 768w, https:\/\/agora.xtec.cat\/iespauclaris\/wp-content\/uploads\/usu835\/2024\/09\/IMG_20240926_103439.jpg 1200w\" sizes=\"auto, (max-width: 300px) 100vw, 300px\" \/><\/a><figcaption class=\"wp-caption-text\">rbt<\/figcaption><\/figure><\/td>\n<td style=\"width: 33.3333%;\"><a href=\"https:\/\/agora.xtec.cat\/iespauclaris\/wp-content\/uploads\/usu835\/2024\/09\/IMG_20240926_103458.jpg\"><img loading=\"lazy\" decoding=\"async\" class=\"aligncenter size-medium wp-image-5736\" src=\"https:\/\/agora.xtec.cat\/iespauclaris\/wp-content\/uploads\/usu835\/2024\/09\/IMG_20240926_103458-300x145.jpg\" alt=\"\" width=\"300\" height=\"145\" srcset=\"https:\/\/agora.xtec.cat\/iespauclaris\/wp-content\/uploads\/usu835\/2024\/09\/IMG_20240926_103458-300x145.jpg 300w, https:\/\/agora.xtec.cat\/iespauclaris\/wp-content\/uploads\/usu835\/2024\/09\/IMG_20240926_103458-1024x495.jpg 1024w, https:\/\/agora.xtec.cat\/iespauclaris\/wp-content\/uploads\/usu835\/2024\/09\/IMG_20240926_103458-768x371.jpg 768w, https:\/\/agora.xtec.cat\/iespauclaris\/wp-content\/uploads\/usu835\/2024\/09\/IMG_20240926_103458.jpg 1200w\" sizes=\"auto, (max-width: 300px) 100vw, 300px\" \/><\/a><\/td>\n<\/tr>\n<tr>\n<td style=\"width: 33.3333%;\"><a href=\"https:\/\/agora.xtec.cat\/iespauclaris\/wp-content\/uploads\/usu835\/2024\/09\/IMG_20240926_103619.jpg\"><img loading=\"lazy\" decoding=\"async\" class=\"aligncenter size-medium wp-image-5737\" src=\"https:\/\/agora.xtec.cat\/iespauclaris\/wp-content\/uploads\/usu835\/2024\/09\/IMG_20240926_103619-300x145.jpg\" alt=\"\" width=\"300\" height=\"145\" srcset=\"https:\/\/agora.xtec.cat\/iespauclaris\/wp-content\/uploads\/usu835\/2024\/09\/IMG_20240926_103619-300x145.jpg 300w, https:\/\/agora.xtec.cat\/iespauclaris\/wp-content\/uploads\/usu835\/2024\/09\/IMG_20240926_103619-1024x495.jpg 1024w, https:\/\/agora.xtec.cat\/iespauclaris\/wp-content\/uploads\/usu835\/2024\/09\/IMG_20240926_103619-768x371.jpg 768w, https:\/\/agora.xtec.cat\/iespauclaris\/wp-content\/uploads\/usu835\/2024\/09\/IMG_20240926_103619.jpg 1200w\" sizes=\"auto, (max-width: 300px) 100vw, 300px\" \/><\/a><\/td>\n<td style=\"width: 33.3333%;\"><a href=\"https:\/\/agora.xtec.cat\/iespauclaris\/wp-content\/uploads\/usu835\/2024\/09\/IMG_20240926_103654.jpg\"><img loading=\"lazy\" decoding=\"async\" class=\"aligncenter size-medium wp-image-5738\" src=\"https:\/\/agora.xtec.cat\/iespauclaris\/wp-content\/uploads\/usu835\/2024\/09\/IMG_20240926_103654-300x145.jpg\" alt=\"\" width=\"300\" height=\"145\" srcset=\"https:\/\/agora.xtec.cat\/iespauclaris\/wp-content\/uploads\/usu835\/2024\/09\/IMG_20240926_103654-300x145.jpg 300w, https:\/\/agora.xtec.cat\/iespauclaris\/wp-content\/uploads\/usu835\/2024\/09\/IMG_20240926_103654-1024x495.jpg 1024w, https:\/\/agora.xtec.cat\/iespauclaris\/wp-content\/uploads\/usu835\/2024\/09\/IMG_20240926_103654-768x371.jpg 768w, https:\/\/agora.xtec.cat\/iespauclaris\/wp-content\/uploads\/usu835\/2024\/09\/IMG_20240926_103654.jpg 1200w\" sizes=\"auto, (max-width: 300px) 100vw, 300px\" \/><\/a><\/td>\n<td style=\"width: 33.3333%;\"><a href=\"https:\/\/agora.xtec.cat\/iespauclaris\/wp-content\/uploads\/usu835\/2024\/09\/IMG_20240926_103520.jpg\"><img loading=\"lazy\" decoding=\"async\" class=\"aligncenter size-medium wp-image-5739\" src=\"https:\/\/agora.xtec.cat\/iespauclaris\/wp-content\/uploads\/usu835\/2024\/09\/IMG_20240926_103520-300x145.jpg\" alt=\"\" width=\"300\" height=\"145\" srcset=\"https:\/\/agora.xtec.cat\/iespauclaris\/wp-content\/uploads\/usu835\/2024\/09\/IMG_20240926_103520-300x145.jpg 300w, https:\/\/agora.xtec.cat\/iespauclaris\/wp-content\/uploads\/usu835\/2024\/09\/IMG_20240926_103520-1024x495.jpg 1024w, https:\/\/agora.xtec.cat\/iespauclaris\/wp-content\/uploads\/usu835\/2024\/09\/IMG_20240926_103520-768x371.jpg 768w, https:\/\/agora.xtec.cat\/iespauclaris\/wp-content\/uploads\/usu835\/2024\/09\/IMG_20240926_103520.jpg 1200w\" sizes=\"auto, (max-width: 300px) 100vw, 300px\" \/><\/a><\/td>\n<\/tr>\n<\/tbody>\n<\/table>\n<\/div>\n","protected":false},"excerpt":{"rendered":"<p>L&#8217;alumnat de projectes FUP de 2n d&#8217;ESO hem fet una sortida al Parc de l&#8217;estaci\u00f3 del Nord en dos dies.<\/p>\n<p>A la\u00a0sortida\u00a0al parc\u00a0hem fet una gimcana que ha consistit a observar i\/o recollir una s\u00e8rie d&#8217;elements del parc:<\/p>\n<ul>\n<li>Hem recollit fulles de determinats arbres (biodiversitat)<\/li>\n<li>Hem situat en&hellip;  <a href=\"https:\/\/agora.xtec.cat\/iespauclaris\/general\/sortida-fup-2neso-parc-de-lestacio-del-nord\/\" title=\"Read Sortida FUP 2nESO Parc de l&#8217;Estaci\u00f3 del Nord\">Llegeix m\u00e9s\u00bb<\/a><br \/>\n","protected":false},"author":1,"featured_media":5733,"comment_status":"closed","ping_status":"closed","sticky":false,"template":"","format":"standard","meta":{"_bbp_topic_count":0,"_bbp_reply_count":0,"_bbp_total_topic_count":0,"_bbp_total_reply_count":0,"_bbp_voice_count":0,"_bbp_anonymous_reply_count":0,"_bbp_topic_count_hidden":0,"_bbp_reply_count_hidden":0,"_bbp_forum_subforum_count":0,"footnotes":""},"categories":[136,5,1,29],"tags":[126],"class_list":["post-5732","post","type-post","status-publish","format-standard","has-post-thumbnail","hentry","category-escolessostenibles","category-eso-2","category-general","category-portada","tag-escoles-sostenibles"],"post_mailing_queue_ids":[],"_links":{"self":[{"href":"https:\/\/agora.xtec.cat\/iespauclaris\/wp-json\/wp\/v2\/posts\/5732","targetHints":{"allow":["GET"]}}],"collection":[{"href":"https:\/\/agora.xtec.cat\/iespauclaris\/wp-json\/wp\/v2\/posts"}],"about":[{"href":"https:\/\/agora.xtec.cat\/iespauclaris\/wp-json\/wp\/v2\/types\/post"}],"author":[{"embeddable":true,"href":"https:\/\/agora.xtec.cat\/iespauclaris\/wp-json\/wp\/v2\/users\/1"}],"replies":[{"embeddable":true,"href":"https:\/\/agora.xtec.cat\/iespauclaris\/wp-json\/wp\/v2\/comments?post=5732"}],"version-history":[{"count":2,"href":"https:\/\/agora.xtec.cat\/iespauclaris\/wp-json\/wp\/v2\/posts\/5732\/revisions"}],"predecessor-version":[{"id":5819,"href":"https:\/\/agora.xtec.cat\/iespauclaris\/wp-json\/wp\/v2\/posts\/5732\/revisions\/5819"}],"wp:featuredmedia":[{"embeddable":true,"href":"https:\/\/agora.xtec.cat\/iespauclaris\/wp-json\/wp\/v2\/media\/5733"}],"wp:attachment":[{"href":"https:\/\/agora.xtec.cat\/iespauclaris\/wp-json\/wp\/v2\/media?parent=5732"}],"wp:term":[{"taxonomy":"category","embeddable":true,"href":"https:\/\/agora.xtec.cat\/iespauclaris\/wp-json\/wp\/v2\/categories?post=5732"},{"taxonomy":"post_tag","embeddable":true,"href":"https:\/\/agora.xtec.cat\/iespauclaris\/wp-json\/wp\/v2\/tags?post=5732"}],"curies":[{"name":"wp","href":"https:\/\/api.w.org\/{rel}","templated":true}]}}