{"id":5705,"date":"2024-09-22T16:51:00","date_gmt":"2024-09-22T14:51:00","guid":{"rendered":"https:\/\/agora.xtec.cat\/iespauclaris\/?p=5705"},"modified":"2024-10-22T11:07:06","modified_gmt":"2024-10-22T09:07:06","slug":"bateig-de-vela","status":"publish","type":"post","link":"https:\/\/agora.xtec.cat\/iespauclaris\/eso\/eso-4\/bateig-de-vela\/","title":{"rendered":"Bateig de vela"},"content":{"rendered":"\r\n<p>Divendres 13 de setembre l&#8217;alumnat de 4t d&#8217;ESO de l&#8217;Ins. Pau Claris va realitzar un Bateig de Vela al Centre Municipal de Vela. En estreta connexi\u00f3 amb el projecte <a href=\"https:\/\/probleu.school\/\" data-type=\"link\" data-id=\"https:\/\/probleu.school\/\">ProBleu<\/a>, aquesta activitat va permetre l&#8217;alumnat estar en contacte amb el mar, la naturalesa, l&#8217;esport, i la navegaci\u00f3. D&#8217;aquesta manera va poder prendre consci\u00e8ncia de la import\u00e0ncia de cuidar les nostres costes realitzant una activitat respectuosa amb el medi mar\u00ed.<\/p>\r\n\r\n\r\n\r\n<p>@pro_bleu<\/p>\r\n<table style=\"border-collapse: collapse; width: 100%;\">\r\n<tbody>\r\n<tr>\r\n<td style=\"width: 33.3333%;\"><a href=\"https:\/\/agora.xtec.cat\/iespauclaris\/wp-content\/uploads\/usu835\/2024\/09\/20240913_122339.jpg\"><img loading=\"lazy\" decoding=\"async\" class=\"wp-image-5708\" src=\"https:\/\/agora.xtec.cat\/iespauclaris\/wp-content\/uploads\/usu835\/2024\/09\/20240913_122339-1024x768.jpg\" alt=\"\" width=\"348\" height=\"261\" srcset=\"https:\/\/agora.xtec.cat\/iespauclaris\/wp-content\/uploads\/usu835\/2024\/09\/20240913_122339-1024x768.jpg 1024w, https:\/\/agora.xtec.cat\/iespauclaris\/wp-content\/uploads\/usu835\/2024\/09\/20240913_122339-300x225.jpg 300w, https:\/\/agora.xtec.cat\/iespauclaris\/wp-content\/uploads\/usu835\/2024\/09\/20240913_122339-768x576.jpg 768w, https:\/\/agora.xtec.cat\/iespauclaris\/wp-content\/uploads\/usu835\/2024\/09\/20240913_122339-200x150.jpg 200w, https:\/\/agora.xtec.cat\/iespauclaris\/wp-content\/uploads\/usu835\/2024\/09\/20240913_122339.jpg 1200w\" sizes=\"auto, (max-width: 348px) 100vw, 348px\" \/><\/a><\/td>\r\n<td style=\"width: 33.3333%;\"><a href=\"https:\/\/agora.xtec.cat\/iespauclaris\/wp-content\/uploads\/usu835\/2024\/09\/20240913_122421-2.jpg\"><img loading=\"lazy\" decoding=\"async\" class=\"aligncenter  wp-image-5712\" src=\"https:\/\/agora.xtec.cat\/iespauclaris\/wp-content\/uploads\/usu835\/2024\/09\/20240913_122421-2-300x225.jpg\" alt=\"\" width=\"400\" height=\"300\" srcset=\"https:\/\/agora.xtec.cat\/iespauclaris\/wp-content\/uploads\/usu835\/2024\/09\/20240913_122421-2-300x225.jpg 300w, https:\/\/agora.xtec.cat\/iespauclaris\/wp-content\/uploads\/usu835\/2024\/09\/20240913_122421-2-1024x768.jpg 1024w, https:\/\/agora.xtec.cat\/iespauclaris\/wp-content\/uploads\/usu835\/2024\/09\/20240913_122421-2-768x576.jpg 768w, https:\/\/agora.xtec.cat\/iespauclaris\/wp-content\/uploads\/usu835\/2024\/09\/20240913_122421-2-200x150.jpg 200w, https:\/\/agora.xtec.cat\/iespauclaris\/wp-content\/uploads\/usu835\/2024\/09\/20240913_122421-2.jpg 1200w\" sizes=\"auto, (max-width: 400px) 100vw, 400px\" \/><\/a><\/td>\r\n<td style=\"width: 33.3333%;\"><a href=\"https:\/\/agora.xtec.cat\/iespauclaris\/wp-content\/uploads\/usu835\/2024\/09\/IMG-20240913-WA0001-1.jpg\"><img loading=\"lazy\" decoding=\"async\" class=\"aligncenter  wp-image-5713\" src=\"https:\/\/agora.xtec.cat\/iespauclaris\/wp-content\/uploads\/usu835\/2024\/09\/IMG-20240913-WA0001-1-300x224.jpg\" alt=\"\" width=\"391\" height=\"292\" srcset=\"https:\/\/agora.xtec.cat\/iespauclaris\/wp-content\/uploads\/usu835\/2024\/09\/IMG-20240913-WA0001-1-300x224.jpg 300w, https:\/\/agora.xtec.cat\/iespauclaris\/wp-content\/uploads\/usu835\/2024\/09\/IMG-20240913-WA0001-1-1024x765.jpg 1024w, https:\/\/agora.xtec.cat\/iespauclaris\/wp-content\/uploads\/usu835\/2024\/09\/IMG-20240913-WA0001-1-768x574.jpg 768w, https:\/\/agora.xtec.cat\/iespauclaris\/wp-content\/uploads\/usu835\/2024\/09\/IMG-20240913-WA0001-1-200x150.jpg 200w, https:\/\/agora.xtec.cat\/iespauclaris\/wp-content\/uploads\/usu835\/2024\/09\/IMG-20240913-WA0001-1.jpg 1200w\" sizes=\"auto, (max-width: 391px) 100vw, 391px\" \/><\/a><\/td>\r\n<\/tr>\r\n<\/tbody>\r\n<\/table>\r\n<p>\r\n\r\n<figure class=\"wp-block-post-featured-image\"><img loading=\"lazy\" decoding=\"async\" width=\"1200\" height=\"900\" src=\"https:\/\/agora.xtec.cat\/iespauclaris\/wp-content\/uploads\/usu835\/2024\/09\/20240913_122421-1.jpg\" class=\"attachment-post-thumbnail size-post-thumbnail wp-post-image\" alt=\"\" style=\"object-fit:cover;\" srcset=\"https:\/\/agora.xtec.cat\/iespauclaris\/wp-content\/uploads\/usu835\/2024\/09\/20240913_122421-1.jpg 1200w, https:\/\/agora.xtec.cat\/iespauclaris\/wp-content\/uploads\/usu835\/2024\/09\/20240913_122421-1-300x225.jpg 300w, https:\/\/agora.xtec.cat\/iespauclaris\/wp-content\/uploads\/usu835\/2024\/09\/20240913_122421-1-1024x768.jpg 1024w, https:\/\/agora.xtec.cat\/iespauclaris\/wp-content\/uploads\/usu835\/2024\/09\/20240913_122421-1-768x576.jpg 768w, https:\/\/agora.xtec.cat\/iespauclaris\/wp-content\/uploads\/usu835\/2024\/09\/20240913_122421-1-200x150.jpg 200w\" sizes=\"auto, (max-width: 1200px) 100vw, 1200px\" \/><\/figure>\r\n\r\n<\/p>\r\n<p class=\"wp-block-gallery-1\"><a href=\"https:\/\/agora.xtec.cat\/iespauclaris\/wp-content\/uploads\/usu835\/2024\/09\/logos-Probleu-1.jpg\"><img loading=\"lazy\" decoding=\"async\" class=\"aligncenter  wp-image-5714\" src=\"https:\/\/agora.xtec.cat\/iespauclaris\/wp-content\/uploads\/usu835\/2024\/09\/logos-Probleu-1-300x59.jpg\" alt=\"\" width=\"468\" height=\"92\" srcset=\"https:\/\/agora.xtec.cat\/iespauclaris\/wp-content\/uploads\/usu835\/2024\/09\/logos-Probleu-1-300x59.jpg 300w, https:\/\/agora.xtec.cat\/iespauclaris\/wp-content\/uploads\/usu835\/2024\/09\/logos-Probleu-1-1024x203.jpg 1024w, https:\/\/agora.xtec.cat\/iespauclaris\/wp-content\/uploads\/usu835\/2024\/09\/logos-Probleu-1-768x152.jpg 768w, https:\/\/agora.xtec.cat\/iespauclaris\/wp-content\/uploads\/usu835\/2024\/09\/logos-Probleu-1.jpg 1190w\" sizes=\"auto, (max-width: 468px) 100vw, 468px\" \/><\/a><\/p>\r\n<figure class=\"wp-block-gallery has-nested-images columns-default is-cropped is-layout-flex wp-block-gallery-is-layout-flex\"><\/figure>\r\n\r\n\r\n<figure class=\"wp-block-post-featured-image\"><img loading=\"lazy\" decoding=\"async\" width=\"1200\" height=\"900\" src=\"https:\/\/agora.xtec.cat\/iespauclaris\/wp-content\/uploads\/usu835\/2024\/09\/20240913_122421-1.jpg\" class=\"attachment-post-thumbnail size-post-thumbnail wp-post-image\" alt=\"\" style=\"object-fit:cover;\" srcset=\"https:\/\/agora.xtec.cat\/iespauclaris\/wp-content\/uploads\/usu835\/2024\/09\/20240913_122421-1.jpg 1200w, https:\/\/agora.xtec.cat\/iespauclaris\/wp-content\/uploads\/usu835\/2024\/09\/20240913_122421-1-300x225.jpg 300w, https:\/\/agora.xtec.cat\/iespauclaris\/wp-content\/uploads\/usu835\/2024\/09\/20240913_122421-1-1024x768.jpg 1024w, https:\/\/agora.xtec.cat\/iespauclaris\/wp-content\/uploads\/usu835\/2024\/09\/20240913_122421-1-768x576.jpg 768w, https:\/\/agora.xtec.cat\/iespauclaris\/wp-content\/uploads\/usu835\/2024\/09\/20240913_122421-1-200x150.jpg 200w\" sizes=\"auto, (max-width: 1200px) 100vw, 1200px\" \/><\/figure>","protected":false},"excerpt":{"rendered":"<p>Divendres 13 de setembre l&#8217;alumnat de 4t d&#8217;ESO de l&#8217;Ins. Pau Claris va realitzar un Bateig de Vela al Centre Municipal de Vela. En estreta connexi\u00f3 amb el projecte <a href=\"https:\/\/probleu.school\/\" data-type=\"link\" data-id=\"https:\/\/probleu.school\/\">ProBleu<\/a>, aquesta activitat va permetre l&#8217;alumnat estar en contacte amb el mar, la&hellip;  <a href=\"https:\/\/agora.xtec.cat\/iespauclaris\/eso\/eso-4\/bateig-de-vela\/\" title=\"Read Bateig de vela\">Llegeix m\u00e9s\u00bb<\/a><\/p>\n","protected":false},"author":1,"featured_media":5710,"comment_status":"closed","ping_status":"closed","sticky":false,"template":"","format":"standard","meta":{"_bbp_topic_count":0,"_bbp_reply_count":0,"_bbp_total_topic_count":0,"_bbp_total_reply_count":0,"_bbp_voice_count":0,"_bbp_anonymous_reply_count":0,"_bbp_topic_count_hidden":0,"_bbp_reply_count_hidden":0,"_bbp_forum_subforum_count":0,"footnotes":""},"categories":[7,29,132],"tags":[127,130],"class_list":["post-5705","post","type-post","status-publish","format-standard","has-post-thumbnail","hentry","category-eso-4","category-portada","category-probleu","tag-escola-blava","tag-probleu"],"post_mailing_queue_ids":[],"_links":{"self":[{"href":"https:\/\/agora.xtec.cat\/iespauclaris\/wp-json\/wp\/v2\/posts\/5705","targetHints":{"allow":["GET"]}}],"collection":[{"href":"https:\/\/agora.xtec.cat\/iespauclaris\/wp-json\/wp\/v2\/posts"}],"about":[{"href":"https:\/\/agora.xtec.cat\/iespauclaris\/wp-json\/wp\/v2\/types\/post"}],"author":[{"embeddable":true,"href":"https:\/\/agora.xtec.cat\/iespauclaris\/wp-json\/wp\/v2\/users\/1"}],"replies":[{"embeddable":true,"href":"https:\/\/agora.xtec.cat\/iespauclaris\/wp-json\/wp\/v2\/comments?post=5705"}],"version-history":[{"count":2,"href":"https:\/\/agora.xtec.cat\/iespauclaris\/wp-json\/wp\/v2\/posts\/5705\/revisions"}],"predecessor-version":[{"id":5715,"href":"https:\/\/agora.xtec.cat\/iespauclaris\/wp-json\/wp\/v2\/posts\/5705\/revisions\/5715"}],"wp:featuredmedia":[{"embeddable":true,"href":"https:\/\/agora.xtec.cat\/iespauclaris\/wp-json\/wp\/v2\/media\/5710"}],"wp:attachment":[{"href":"https:\/\/agora.xtec.cat\/iespauclaris\/wp-json\/wp\/v2\/media?parent=5705"}],"wp:term":[{"taxonomy":"category","embeddable":true,"href":"https:\/\/agora.xtec.cat\/iespauclaris\/wp-json\/wp\/v2\/categories?post=5705"},{"taxonomy":"post_tag","embeddable":true,"href":"https:\/\/agora.xtec.cat\/iespauclaris\/wp-json\/wp\/v2\/tags?post=5705"}],"curies":[{"name":"wp","href":"https:\/\/api.w.org\/{rel}","templated":true}]}}