{"id":5649,"date":"2024-09-21T12:26:38","date_gmt":"2024-09-21T10:26:38","guid":{"rendered":"https:\/\/agora.xtec.cat\/iespauclaris\/?p=5649"},"modified":"2024-09-21T12:26:38","modified_gmt":"2024-09-21T10:26:38","slug":"com-afecten-les-pantalles-als-nostres-fills-i-filles","status":"publish","type":"post","link":"https:\/\/agora.xtec.cat\/iespauclaris\/afa\/com-afecten-les-pantalles-als-nostres-fills-i-filles\/","title":{"rendered":"Com afecten les pantalles als nostres fills i filles?"},"content":{"rendered":"<p>La tecnologia est\u00e0 cada vegada m\u00e9s present en tots els \u00e0mbits de la nostra vida i ja s\u2019est\u00e0 comen\u00e7ant a parlar dels efectes a llarg termini que pot tenir entre infants i adolescents. Us preocupa? Veniu a aquesta xerrada que organitzem conjuntament amb l\u2019AFA de l\u2019Escola Pere Vila. Podeu\u00a0<a href=\"https:\/\/docs.google.com\/forms\/d\/e\/1FAIpQLSfL6nnnKmHOHk27a9NTEtRw6-VyTEF0OzZ6-dxbezNoXr2UTg\/viewform?vc=0&amp;c=0&amp;w=1&amp;flr=0&amp;pli=1\">apuntar-vos-hi a trav\u00e9s d\u2019aquest enlla\u00e7<\/a><\/p>\n<figure class=\"wp-block-image size-large\"><img loading=\"lazy\" decoding=\"async\" class=\"wp-image-1944\" src=\"https:\/\/afapauclaris.cat\/wp-content\/uploads\/2024\/02\/XERRADA-FRANCISCO-VILLAR-724x1024.png\" sizes=\"auto, (max-width: 724px) 100vw, 724px\" srcset=\"https:\/\/afapauclaris.cat\/wp-content\/uploads\/2024\/02\/XERRADA-FRANCISCO-VILLAR-724x1024.png 724w, https:\/\/afapauclaris.cat\/wp-content\/uploads\/2024\/02\/XERRADA-FRANCISCO-VILLAR-212x300.png 212w, https:\/\/afapauclaris.cat\/wp-content\/uploads\/2024\/02\/XERRADA-FRANCISCO-VILLAR-768x1086.png 768w, https:\/\/afapauclaris.cat\/wp-content\/uploads\/2024\/02\/XERRADA-FRANCISCO-VILLAR-1086x1536.png 1086w, https:\/\/afapauclaris.cat\/wp-content\/uploads\/2024\/02\/XERRADA-FRANCISCO-VILLAR-1448x2048.png 1448w, https:\/\/afapauclaris.cat\/wp-content\/uploads\/2024\/02\/XERRADA-FRANCISCO-VILLAR-816x1154.png 816w, https:\/\/afapauclaris.cat\/wp-content\/uploads\/2024\/02\/XERRADA-FRANCISCO-VILLAR.png 1587w\" alt=\"\" width=\"724\" height=\"1024\" \/><\/figure>\n","protected":false},"excerpt":{"rendered":"<p>La tecnologia est\u00e0 cada vegada m\u00e9s present en tots els \u00e0mbits de la nostra vida i ja s\u2019est\u00e0 comen\u00e7ant a parlar dels efectes a llarg termini que pot tenir entre infants i adolescents. Us preocupa? Veniu a aquesta xerrada que organitzem conjuntament amb l\u2019AFA de&hellip;  <a href=\"https:\/\/agora.xtec.cat\/iespauclaris\/afa\/com-afecten-les-pantalles-als-nostres-fills-i-filles\/\" title=\"Read Com afecten les pantalles als nostres fills i filles?\">Llegeix m\u00e9s\u00bb<\/a><\/p>\n","protected":false},"author":1,"featured_media":5650,"comment_status":"closed","ping_status":"closed","sticky":false,"template":"","format":"standard","meta":{"_bbp_topic_count":0,"_bbp_reply_count":0,"_bbp_total_topic_count":0,"_bbp_total_reply_count":0,"_bbp_voice_count":0,"_bbp_anonymous_reply_count":0,"_bbp_topic_count_hidden":0,"_bbp_reply_count_hidden":0,"_bbp_forum_subforum_count":0,"footnotes":""},"categories":[31,129],"tags":[],"class_list":["post-5649","post","type-post","status-publish","format-standard","has-post-thumbnail","hentry","category-afa","category-noticies-afa"],"post_mailing_queue_ids":[],"_links":{"self":[{"href":"https:\/\/agora.xtec.cat\/iespauclaris\/wp-json\/wp\/v2\/posts\/5649","targetHints":{"allow":["GET"]}}],"collection":[{"href":"https:\/\/agora.xtec.cat\/iespauclaris\/wp-json\/wp\/v2\/posts"}],"about":[{"href":"https:\/\/agora.xtec.cat\/iespauclaris\/wp-json\/wp\/v2\/types\/post"}],"author":[{"embeddable":true,"href":"https:\/\/agora.xtec.cat\/iespauclaris\/wp-json\/wp\/v2\/users\/1"}],"replies":[{"embeddable":true,"href":"https:\/\/agora.xtec.cat\/iespauclaris\/wp-json\/wp\/v2\/comments?post=5649"}],"version-history":[{"count":1,"href":"https:\/\/agora.xtec.cat\/iespauclaris\/wp-json\/wp\/v2\/posts\/5649\/revisions"}],"predecessor-version":[{"id":5651,"href":"https:\/\/agora.xtec.cat\/iespauclaris\/wp-json\/wp\/v2\/posts\/5649\/revisions\/5651"}],"wp:featuredmedia":[{"embeddable":true,"href":"https:\/\/agora.xtec.cat\/iespauclaris\/wp-json\/wp\/v2\/media\/5650"}],"wp:attachment":[{"href":"https:\/\/agora.xtec.cat\/iespauclaris\/wp-json\/wp\/v2\/media?parent=5649"}],"wp:term":[{"taxonomy":"category","embeddable":true,"href":"https:\/\/agora.xtec.cat\/iespauclaris\/wp-json\/wp\/v2\/categories?post=5649"},{"taxonomy":"post_tag","embeddable":true,"href":"https:\/\/agora.xtec.cat\/iespauclaris\/wp-json\/wp\/v2\/tags?post=5649"}],"curies":[{"name":"wp","href":"https:\/\/api.w.org\/{rel}","templated":true}]}}