{"id":5564,"date":"2024-06-19T12:36:48","date_gmt":"2024-06-19T10:36:48","guid":{"rendered":"https:\/\/agora.xtec.cat\/iespauclaris\/?p=5564"},"modified":"2024-06-19T12:48:29","modified_gmt":"2024-06-19T10:48:29","slug":"upf-i-pau-claris-a-1rbat","status":"publish","type":"post","link":"https:\/\/agora.xtec.cat\/iespauclaris\/general\/upf-i-pau-claris-a-1rbat\/","title":{"rendered":"UPF i Pau Claris a 1rBAT!"},"content":{"rendered":"<div>\n<p>L&#8217;alumnat de 1rBAT de les assignatures Cultura Audiovisual i Hist\u00f2ria del M\u00f3n Contemporani van tenir l&#8217;oportunitat de participar d&#8217;una activitat en col\u00b7laboraci\u00f3 amb la Facultat de Comunicaci\u00f3 de la Universitat Pompeu Fabra. El projecte proposava una reflexi\u00f3 al voltant de dos motius visuals i el seu tractament al llarg de la hist\u00f2ria: les ru\u00efnes i els animals.<\/p>\n<p>El nostre alumnat va poder pensar cr\u00edticament sobre l&#8217;evoluci\u00f3 de les societats, els governs, les formes de pensar, analitzant el paper de les imatges en els relats de la hist\u00f2ria del segle XX i XXI, aix\u00ed com sobre el seu \u00fas a les xarxes socials i v\u00eddeojocs de l&#8217;actualitat, que s\u00f3n tan propers a la joventut. Es van realitzar sessions te\u00f2riques amb el professorat de la UPF i sessions pr\u00e0ctiques en les quals l&#8217;alumnat del Pau Claris va treballar conjuntament amb l&#8217;alumnat de 3r curs de l&#8217;assignatura <i>Evoluci\u00f3 dels Llenguatges Visuals <\/i>de la UPF.<\/p>\n<p>El projecte va finalitzar amb una gran trobada en forma de fira, on tots i totes les participants van exposar els seus projectes finalitzats, intercanviar impressions i tamb\u00e9 con\u00e8ixer altres reflexions sobre motius visuals diversos realitzades amb molta originalitat pels i les estudiants de la UPF. Enhorabona a tots i totes pel bon treball!<\/p>\n<\/div>\n<div><a href=\"https:\/\/agora.xtec.cat\/iespauclaris\/wp-content\/uploads\/usu835\/2024\/06\/foto1.jpg\"><img loading=\"lazy\" decoding=\"async\" class=\"alignleft wp-image-5565 size-thumbnail\" src=\"https:\/\/agora.xtec.cat\/iespauclaris\/wp-content\/uploads\/usu835\/2024\/06\/foto1-150x150.jpg\" alt=\"\" width=\"150\" height=\"150\" \/><\/a><\/div>\n<div><a href=\"https:\/\/agora.xtec.cat\/iespauclaris\/wp-content\/uploads\/usu835\/2024\/06\/foto3-rotated.jpg\"><img loading=\"lazy\" decoding=\"async\" class=\"alignleft wp-image-5567 size-thumbnail\" src=\"https:\/\/agora.xtec.cat\/iespauclaris\/wp-content\/uploads\/usu835\/2024\/06\/foto3-150x150.jpg\" alt=\"\" width=\"150\" height=\"150\" \/><\/a><a href=\"https:\/\/agora.xtec.cat\/iespauclaris\/wp-content\/uploads\/usu835\/2024\/06\/foto2.jpg\"><img loading=\"lazy\" decoding=\"async\" class=\"wp-image-5566 size-thumbnail alignleft\" src=\"https:\/\/agora.xtec.cat\/iespauclaris\/wp-content\/uploads\/usu835\/2024\/06\/foto2-150x150.jpg\" alt=\"\" width=\"150\" height=\"150\" \/><\/a> <a href=\"https:\/\/agora.xtec.cat\/iespauclaris\/wp-content\/uploads\/usu835\/2024\/06\/foto6.jpg\"><img loading=\"lazy\" decoding=\"async\" class=\"alignnone wp-image-5570 size-thumbnail\" src=\"https:\/\/agora.xtec.cat\/iespauclaris\/wp-content\/uploads\/usu835\/2024\/06\/foto6-150x150.jpg\" alt=\"\" width=\"150\" height=\"150\" \/><\/a><\/div>\n","protected":false},"excerpt":{"rendered":"<p>L&#8217;alumnat de 1rBAT de les assignatures Cultura Audiovisual i Hist\u00f2ria del M\u00f3n Contemporani van tenir l&#8217;oportunitat de participar d&#8217;una activitat en col\u00b7laboraci\u00f3 amb la Facultat de Comunicaci\u00f3 de la Universitat Pompeu Fabra. El projecte proposava una reflexi\u00f3 al voltant de dos motius visuals i el&hellip;  <a href=\"https:\/\/agora.xtec.cat\/iespauclaris\/general\/upf-i-pau-claris-a-1rbat\/\" title=\"Read UPF i Pau Claris a 1rBAT!\">Llegeix m\u00e9s\u00bb<\/a><\/p>\n","protected":false},"author":1,"featured_media":5569,"comment_status":"closed","ping_status":"closed","sticky":false,"template":"","format":"standard","meta":{"_bbp_topic_count":0,"_bbp_reply_count":0,"_bbp_total_topic_count":0,"_bbp_total_reply_count":0,"_bbp_voice_count":0,"_bbp_anonymous_reply_count":0,"_bbp_topic_count_hidden":0,"_bbp_reply_count_hidden":0,"_bbp_forum_subforum_count":0,"footnotes":""},"categories":[8,1,29],"tags":[],"class_list":["post-5564","post","type-post","status-publish","format-standard","has-post-thumbnail","hentry","category-batxillerat","category-general","category-portada"],"post_mailing_queue_ids":[],"_links":{"self":[{"href":"https:\/\/agora.xtec.cat\/iespauclaris\/wp-json\/wp\/v2\/posts\/5564","targetHints":{"allow":["GET"]}}],"collection":[{"href":"https:\/\/agora.xtec.cat\/iespauclaris\/wp-json\/wp\/v2\/posts"}],"about":[{"href":"https:\/\/agora.xtec.cat\/iespauclaris\/wp-json\/wp\/v2\/types\/post"}],"author":[{"embeddable":true,"href":"https:\/\/agora.xtec.cat\/iespauclaris\/wp-json\/wp\/v2\/users\/1"}],"replies":[{"embeddable":true,"href":"https:\/\/agora.xtec.cat\/iespauclaris\/wp-json\/wp\/v2\/comments?post=5564"}],"version-history":[{"count":4,"href":"https:\/\/agora.xtec.cat\/iespauclaris\/wp-json\/wp\/v2\/posts\/5564\/revisions"}],"predecessor-version":[{"id":5574,"href":"https:\/\/agora.xtec.cat\/iespauclaris\/wp-json\/wp\/v2\/posts\/5564\/revisions\/5574"}],"wp:featuredmedia":[{"embeddable":true,"href":"https:\/\/agora.xtec.cat\/iespauclaris\/wp-json\/wp\/v2\/media\/5569"}],"wp:attachment":[{"href":"https:\/\/agora.xtec.cat\/iespauclaris\/wp-json\/wp\/v2\/media?parent=5564"}],"wp:term":[{"taxonomy":"category","embeddable":true,"href":"https:\/\/agora.xtec.cat\/iespauclaris\/wp-json\/wp\/v2\/categories?post=5564"},{"taxonomy":"post_tag","embeddable":true,"href":"https:\/\/agora.xtec.cat\/iespauclaris\/wp-json\/wp\/v2\/tags?post=5564"}],"curies":[{"name":"wp","href":"https:\/\/api.w.org\/{rel}","templated":true}]}}